{"id":2881,"date":"2024-07-03T05:15:16","date_gmt":"2024-07-03T05:15:16","guid":{"rendered":"http:\/\/hpaulick.de\/?p=2881"},"modified":"2024-07-03T05:15:18","modified_gmt":"2024-07-03T05:15:18","slug":"gruene-umweltpartei-scheisst-auf-die-umwelt","status":"publish","type":"post","link":"http:\/\/hpaulick.de\/?p=2881","title":{"rendered":"GR\u00dcNE UMWELTPARTEI schei\u00dft auf die UMWELT"},"content":{"rendered":"\n<figure class=\"wp-block-embed is-type-rich is-provider-twitter wp-block-embed-twitter\"><div class=\"wp-block-embed__wrapper\">\n<div class=\"twitter-tweet\"><blockquote class=\"twitter-tweet\" data-lang=\"de\"><p lang=\"de\" dir=\"ltr\"><a href=\"https:\/\/twitter.com\/hashtag\/GR%C3%9CNE?src=hash&amp;ref_src=twsrc%5Etfw\">#GR\u00dcNE<\/a> <a href=\"https:\/\/twitter.com\/hashtag\/UMWELTPARTEI?src=hash&amp;ref_src=twsrc%5Etfw\">#UMWELTPARTEI<\/a> <a href=\"https:\/\/twitter.com\/hashtag\/schei%C3%9Ft?src=hash&amp;ref_src=twsrc%5Etfw\">#schei\u00dft<\/a> auf die <a href=\"https:\/\/twitter.com\/hashtag\/UMWELT?src=hash&amp;ref_src=twsrc%5Etfw\">#UMWELT<\/a><br>Kritik an EM-Flug: Baerbock flog auch von einem anderen Spiel zur\u00fcck. F\u00fcr die Strecke von rund 270 km h\u00e4tte man im <a href=\"https:\/\/twitter.com\/hashtag\/Auto?src=hash&amp;ref_src=twsrc%5Etfw\">#Auto<\/a> etwa drei Stunden gebraucht. So geht UMWELTPARTEI!<br>Harald Paulick<a href=\"https:\/\/t.co\/7NYwprKsaJ\">https:\/\/t.co\/7NYwprKsaJ<\/a><a href=\"https:\/\/t.co\/yp9DxuKeXf\">https:\/\/t.co\/yp9DxuKeXf<\/a><\/p>&mdash; Wahlinformationen; Account zum Thema Wahlen in D ! (@DeutscheWaehler) <a href=\"https:\/\/twitter.com\/DeutscheWaehler\/status\/1808367739670499390?ref_src=twsrc%5Etfw\">3. Juli 2024<\/a><\/blockquote><\/div>\n<\/div><\/figure>\n\n<div class=\"twitter-share\"><a href=\"https:\/\/twitter.com\/intent\/tweet?via=haraldpaulick\" class=\"twitter-share-button\" data-size=\"large\">Twittern<\/a><\/div>\n","protected":false},"excerpt":{"rendered":"","protected":false},"author":1,"featured_media":0,"comment_status":"closed","ping_status":"open","sticky":false,"template":"","format":"standard","meta":{"footnotes":""},"categories":[{"term_id":35,"name":"Aff\u00e4ren","slug":"affaeren","term_group":0,"term_taxonomy_id":35,"taxonomy":"category","description":"","parent":0,"count":246,"filter":"raw","cat_ID":35,"category_count":246,"category_description":"","cat_name":"Aff\u00e4ren","category_nicename":"affaeren","category_parent":0},{"term_id":125,"name":"Ampel-Regierung","slug":"ampel-regierung","term_group":0,"term_taxonomy_id":125,"taxonomy":"category","description":"","parent":0,"count":403,"filter":"raw","cat_ID":125,"category_count":403,"category_description":"","cat_name":"Ampel-Regierung","category_nicename":"ampel-regierung","category_parent":0},{"term_id":142,"name":"Betrug","slug":"betrug","term_group":0,"term_taxonomy_id":142,"taxonomy":"category","description":"","parent":0,"count":148,"filter":"raw","cat_ID":142,"category_count":148,"category_description":"","cat_name":"Betrug","category_nicename":"betrug","category_parent":0},{"term_id":54,"name":"Bildungslose Politiker","slug":"bildungslose-politiker","term_group":0,"term_taxonomy_id":54,"taxonomy":"category","description":"","parent":0,"count":676,"filter":"raw","cat_ID":54,"category_count":676,"category_description":"","cat_name":"Bildungslose Politiker","category_nicename":"bildungslose-politiker","category_parent":0},{"term_id":49,"name":"Deutschland schafft sich ab","slug":"deutschland-schafft-sich-ab","term_group":0,"term_taxonomy_id":49,"taxonomy":"category","description":"","parent":0,"count":663,"filter":"raw","cat_ID":49,"category_count":663,"category_description":"","cat_name":"Deutschland schafft sich ab","category_nicename":"deutschland-schafft-sich-ab","category_parent":0},{"term_id":202,"name":"Die T\u00e4ter sind unter uns!","slug":"die-taeter-sind-unter-uns","term_group":0,"term_taxonomy_id":202,"taxonomy":"category","description":"","parent":0,"count":316,"filter":"raw","cat_ID":202,"category_count":316,"category_description":"","cat_name":"Die T\u00e4ter sind unter uns!","category_nicename":"die-taeter-sind-unter-uns","category_parent":0},{"term_id":117,"name":"Diktatur","slug":"diktatur","term_group":0,"term_taxonomy_id":117,"taxonomy":"category","description":"","parent":0,"count":391,"filter":"raw","cat_ID":117,"category_count":391,"category_description":"","cat_name":"Diktatur","category_nicename":"diktatur","category_parent":0},{"term_id":144,"name":"Doppelte Staatsangeh\u00f6rigkeit","slug":"doppelte-staatsangehoerigkeit","term_group":0,"term_taxonomy_id":144,"taxonomy":"category","description":"","parent":0,"count":217,"filter":"raw","cat_ID":144,"category_count":217,"category_description":"","cat_name":"Doppelte Staatsangeh\u00f6rigkeit","category_nicename":"doppelte-staatsangehoerigkeit","category_parent":0},{"term_id":140,"name":"Experten ohne Abschl\u00fcsse","slug":"experten-ohne-abschluesse","term_group":0,"term_taxonomy_id":140,"taxonomy":"category","description":"","parent":0,"count":279,"filter":"raw","cat_ID":140,"category_count":279,"category_description":"","cat_name":"Experten ohne Abschl\u00fcsse","category_nicename":"experten-ohne-abschluesse","category_parent":0},{"term_id":192,"name":"Gr\u00fcne","slug":"gruene","term_group":0,"term_taxonomy_id":192,"taxonomy":"category","description":"","parent":0,"count":85,"filter":"raw","cat_ID":192,"category_count":85,"category_description":"","cat_name":"Gr\u00fcne","category_nicename":"gruene","category_parent":0},{"term_id":162,"name":"GR\u00dcNE BILDUNGSPOLITIK","slug":"gruene-bildungspolitik","term_group":0,"term_taxonomy_id":162,"taxonomy":"category","description":"","parent":0,"count":127,"filter":"raw","cat_ID":162,"category_count":127,"category_description":"","cat_name":"GR\u00dcNE BILDUNGSPOLITIK","category_nicename":"gruene-bildungspolitik","category_parent":0},{"term_id":168,"name":"GR\u00dcNE DIPLOMATIE","slug":"gruene-diplomatie","term_group":0,"term_taxonomy_id":168,"taxonomy":"category","description":"","parent":0,"count":96,"filter":"raw","cat_ID":168,"category_count":96,"category_description":"","cat_name":"GR\u00dcNE DIPLOMATIE","category_nicename":"gruene-diplomatie","category_parent":0},{"term_id":30,"name":"GR\u00dcNE Murks Politik","slug":"gruene-murks-politik","term_group":0,"term_taxonomy_id":30,"taxonomy":"category","description":"","parent":0,"count":805,"filter":"raw","cat_ID":30,"category_count":805,"category_description":"","cat_name":"GR\u00dcNE Murks Politik","category_nicename":"gruene-murks-politik","category_parent":0},{"term_id":133,"name":"GR\u00dcNISMUS","slug":"gruenismus","term_group":0,"term_taxonomy_id":133,"taxonomy":"category","description":"","parent":0,"count":315,"filter":"raw","cat_ID":133,"category_count":315,"category_description":"","cat_name":"GR\u00dcNISMUS","category_nicename":"gruenismus","category_parent":0},{"term_id":170,"name":"Hass der GR\u00dcNEN LINKEN auf alles ANDERSDENKENDE","slug":"hass-der-gruenen-linken-auf-alles-andersdenkende","term_group":0,"term_taxonomy_id":170,"taxonomy":"category","description":"","parent":0,"count":256,"filter":"raw","cat_ID":170,"category_count":256,"category_description":"","cat_name":"Hass der GR\u00dcNEN LINKEN auf alles ANDERSDENKENDE","category_nicename":"hass-der-gruenen-linken-auf-alles-andersdenkende","category_parent":0},{"term_id":196,"name":"Klimaschutz","slug":"klimaschutz","term_group":0,"term_taxonomy_id":196,"taxonomy":"category","description":"","parent":0,"count":27,"filter":"raw","cat_ID":196,"category_count":27,"category_description":"","cat_name":"Klimaschutz","category_nicename":"klimaschutz","category_parent":0},{"term_id":61,"name":"Klimawandel","slug":"klimawandel","term_group":0,"term_taxonomy_id":61,"taxonomy":"category","description":"","parent":0,"count":66,"filter":"raw","cat_ID":61,"category_count":66,"category_description":"","cat_name":"Klimawandel","category_nicename":"klimawandel","category_parent":0},{"term_id":161,"name":"Migranten aus Afrika gleichgestellt","slug":"migranten-aus-afrika-gleichgestellt","term_group":0,"term_taxonomy_id":161,"taxonomy":"category","description":"","parent":0,"count":240,"filter":"raw","cat_ID":161,"category_count":240,"category_description":"","cat_name":"Migranten aus Afrika gleichgestellt","category_nicename":"migranten-aus-afrika-gleichgestellt","category_parent":0},{"term_id":112,"name":"Milliarden Deals UNBEMERKT","slug":"milliarden-deals-unbemerkt","term_group":0,"term_taxonomy_id":112,"taxonomy":"category","description":"","parent":0,"count":559,"filter":"raw","cat_ID":112,"category_count":559,"category_description":"","cat_name":"Milliarden Deals UNBEMERKT","category_nicename":"milliarden-deals-unbemerkt","category_parent":0},{"term_id":137,"name":"Moralapostel","slug":"moralapostel","term_group":0,"term_taxonomy_id":137,"taxonomy":"category","description":"","parent":0,"count":210,"filter":"raw","cat_ID":137,"category_count":210,"category_description":"","cat_name":"Moralapostel","category_nicename":"moralapostel","category_parent":0},{"term_id":134,"name":"Selbstbedienungsladen Bundestag","slug":"selbstbedienungsladen-bundestag","term_group":0,"term_taxonomy_id":134,"taxonomy":"category","description":"","parent":0,"count":374,"filter":"raw","cat_ID":134,"category_count":374,"category_description":"","cat_name":"Selbstbedienungsladen Bundestag","category_nicename":"selbstbedienungsladen-bundestag","category_parent":0},{"term_id":119,"name":"Vetternwirtschaft","slug":"vetternwirtschaft","term_group":0,"term_taxonomy_id":119,"taxonomy":"category","description":"","parent":0,"count":491,"filter":"raw","cat_ID":119,"category_count":491,"category_description":"","cat_name":"Vetternwirtschaft","category_nicename":"vetternwirtschaft","category_parent":0},{"term_id":174,"name":"VON LINKS provozierter RECHTSRUCK","slug":"von-links-provozierter-rechtsruck","term_group":0,"term_taxonomy_id":174,"taxonomy":"category","description":"","parent":0,"count":305,"filter":"raw","cat_ID":174,"category_count":305,"category_description":"","cat_name":"VON LINKS provozierter RECHTSRUCK","category_nicename":"von-links-provozierter-rechtsruck","category_parent":0}],"tags":[],"class_list":["post-2881","post","type-post","status-publish","format-standard","hentry","category-affaeren","category-ampel-regierung","category-betrug","category-bildungslose-politiker","category-deutschland-schafft-sich-ab","category-die-taeter-sind-unter-uns","category-diktatur","category-doppelte-staatsangehoerigkeit","category-experten-ohne-abschluesse","category-gruene","category-gruene-bildungspolitik","category-gruene-diplomatie","category-gruene-murks-politik","category-gruenismus","category-hass-der-gruenen-linken-auf-alles-andersdenkende","category-klimaschutz","category-klimawandel","category-migranten-aus-afrika-gleichgestellt","category-milliarden-deals-unbemerkt","category-moralapostel","category-selbstbedienungsladen-bundestag","category-vetternwirtschaft","category-von-links-provozierter-rechtsruck"],"images":{"thumbnail":false,"medium":false,"medium_large":false,"large":false,"full":false},"_links":{"self":[{"href":"http:\/\/hpaulick.de\/index.php?rest_route=\/wp\/v2\/posts\/2881","targetHints":{"allow":["GET"]}}],"collection":[{"href":"http:\/\/hpaulick.de\/index.php?rest_route=\/wp\/v2\/posts"}],"about":[{"href":"http:\/\/hpaulick.de\/index.php?rest_route=\/wp\/v2\/types\/post"}],"author":[{"embeddable":true,"href":"http:\/\/hpaulick.de\/index.php?rest_route=\/wp\/v2\/users\/1"}],"replies":[{"embeddable":true,"href":"http:\/\/hpaulick.de\/index.php?rest_route=%2Fwp%2Fv2%2Fcomments&post=2881"}],"version-history":[{"count":1,"href":"http:\/\/hpaulick.de\/index.php?rest_route=\/wp\/v2\/posts\/2881\/revisions"}],"predecessor-version":[{"id":2882,"href":"http:\/\/hpaulick.de\/index.php?rest_route=\/wp\/v2\/posts\/2881\/revisions\/2882"}],"wp:attachment":[{"href":"http:\/\/hpaulick.de\/index.php?rest_route=%2Fwp%2Fv2%2Fmedia&parent=2881"}],"wp:term":[{"taxonomy":"category","embeddable":true,"href":"http:\/\/hpaulick.de\/index.php?rest_route=%2Fwp%2Fv2%2Fcategories&post=2881"},{"taxonomy":"post_tag","embeddable":true,"href":"http:\/\/hpaulick.de\/index.php?rest_route=%2Fwp%2Fv2%2Ftags&post=2881"}],"curies":[{"name":"wp","href":"https:\/\/api.w.org\/{rel}","templated":true}]}}