{"id":3078,"date":"2024-09-22T09:48:52","date_gmt":"2024-09-22T09:48:52","guid":{"rendered":"http:\/\/hpaulick.de\/?p=3078"},"modified":"2024-09-22T09:48:54","modified_gmt":"2024-09-22T09:48:54","slug":"gruendungsparteitag-der-berlin-werteunion-21-09-2024","status":"publish","type":"post","link":"http:\/\/hpaulick.de\/?p=3078","title":{"rendered":"Gr\u00fcndungsparteitag der Berlin WerteUnion 21.09.2024"},"content":{"rendered":"\n<figure class=\"wp-block-embed is-type-rich is-provider-twitter wp-block-embed-twitter\"><div class=\"wp-block-embed__wrapper\">\n<div class=\"twitter-tweet\"><blockquote class=\"twitter-tweet\" data-lang=\"de\"><p lang=\"de\" dir=\"ltr\">Gr\u00fcndungsparteitag der Berlin WerteUnion 21.09.2024<br>Mit gro\u00dfer teils 100% Zustimmung wurde die F\u00fchrung in Berlin gew\u00e4hlt. In Anwesenheit von Bundesvorsitzenden Herrn Dr. Maa\u00dfen, wurde Bernd Pfeifer Landesvorsitzender der Berliner WerteUnion.<br>Harald Paulick<a href=\"https:\/\/t.co\/cX985w6Y6Z\">https:\/\/t.co\/cX985w6Y6Z<\/a> <a href=\"https:\/\/t.co\/crF4QLOLhw\">pic.twitter.com\/crF4QLOLhw<\/a><\/p>&mdash; Harald Paulick Berlin-Pankow Franz\u00f6sisch Buchholz! (@Harald_Paulick) <a href=\"https:\/\/twitter.com\/Harald_Paulick\/status\/1837787745139184039?ref_src=twsrc%5Etfw\">22. September 2024<\/a><\/blockquote><\/div>\n<\/div><\/figure>\n\n<div class=\"twitter-share\"><a href=\"https:\/\/twitter.com\/intent\/tweet?via=haraldpaulick\" class=\"twitter-share-button\" data-size=\"large\">Twittern<\/a><\/div>\n","protected":false},"excerpt":{"rendered":"","protected":false},"author":1,"featured_media":0,"comment_status":"closed","ping_status":"open","sticky":false,"template":"","format":"standard","meta":{"footnotes":""},"categories":[{"term_id":135,"name":"WerteUnion","slug":"werteunion","term_group":0,"term_taxonomy_id":135,"taxonomy":"category","description":"","parent":0,"count":76,"filter":"raw","cat_ID":135,"category_count":76,"category_description":"","cat_name":"WerteUnion","category_nicename":"werteunion","category_parent":0}],"tags":[],"class_list":["post-3078","post","type-post","status-publish","format-standard","hentry","category-werteunion"],"images":{"thumbnail":false,"medium":false,"medium_large":false,"large":false,"full":false},"_links":{"self":[{"href":"http:\/\/hpaulick.de\/index.php?rest_route=\/wp\/v2\/posts\/3078","targetHints":{"allow":["GET"]}}],"collection":[{"href":"http:\/\/hpaulick.de\/index.php?rest_route=\/wp\/v2\/posts"}],"about":[{"href":"http:\/\/hpaulick.de\/index.php?rest_route=\/wp\/v2\/types\/post"}],"author":[{"embeddable":true,"href":"http:\/\/hpaulick.de\/index.php?rest_route=\/wp\/v2\/users\/1"}],"replies":[{"embeddable":true,"href":"http:\/\/hpaulick.de\/index.php?rest_route=%2Fwp%2Fv2%2Fcomments&post=3078"}],"version-history":[{"count":1,"href":"http:\/\/hpaulick.de\/index.php?rest_route=\/wp\/v2\/posts\/3078\/revisions"}],"predecessor-version":[{"id":3079,"href":"http:\/\/hpaulick.de\/index.php?rest_route=\/wp\/v2\/posts\/3078\/revisions\/3079"}],"wp:attachment":[{"href":"http:\/\/hpaulick.de\/index.php?rest_route=%2Fwp%2Fv2%2Fmedia&parent=3078"}],"wp:term":[{"taxonomy":"category","embeddable":true,"href":"http:\/\/hpaulick.de\/index.php?rest_route=%2Fwp%2Fv2%2Fcategories&post=3078"},{"taxonomy":"post_tag","embeddable":true,"href":"http:\/\/hpaulick.de\/index.php?rest_route=%2Fwp%2Fv2%2Ftags&post=3078"}],"curies":[{"name":"wp","href":"https:\/\/api.w.org\/{rel}","templated":true}]}}