{"id":5563,"date":"2026-03-08T16:15:23","date_gmt":"2026-03-08T16:15:23","guid":{"rendered":"https:\/\/hpaulick.de\/?p=5563"},"modified":"2026-03-08T16:15:26","modified_gmt":"2026-03-08T16:15:26","slug":"der-oezdemir-versuch-nach-der-wahlkampf-eskalation-die-empoerte-cdu-zu-besaenftigen","status":"publish","type":"post","link":"http:\/\/hpaulick.de\/?p=5563","title":{"rendered":"Der \u00d6zdemir-Versuch, nach der Wahlkampf-Eskalation die emp\u00f6rte CDU zu bes\u00e4nftigen!"},"content":{"rendered":"\n<figure class=\"wp-block-embed is-type-rich is-provider-twitter wp-block-embed-twitter\"><div class=\"wp-block-embed__wrapper\">\n<div class=\"twitter-tweet\"><blockquote class=\"twitter-tweet\" data-lang=\"de\"><p lang=\"de\" dir=\"ltr\">Der \u00d6zdemir-Versuch, nach der Wahlkampf-Eskalation die emp\u00f6rte CDU zu bes\u00e4nftigen!<br>Schon m\u00f6glich, dass wenn die GR\u00dcNEN gewinnen, sie auch allein oder mit LINKEN, SPD und FDP regieren m\u00fcssen. Das wird ein Spa\u00df!<br>H. P.<a href=\"https:\/\/t.co\/yRT3V5z2mp\">https:\/\/t.co\/yRT3V5z2mp<\/a><\/p>&mdash; Metaphysischer Blogger &amp; Menippeischer Satiriker ! (@Scheinheilig16) <a href=\"https:\/\/twitter.com\/Scheinheilig16\/status\/2030677567611547978?ref_src=twsrc%5Etfw\">8. M\u00e4rz 2026<\/a><\/blockquote><\/div>\n<\/div><\/figure>\n\n<div class=\"twitter-share\"><a href=\"https:\/\/twitter.com\/intent\/tweet?via=haraldpaulick\" class=\"twitter-share-button\" data-size=\"large\">Twittern<\/a><\/div>\n","protected":false},"excerpt":{"rendered":"","protected":false},"author":1,"featured_media":0,"comment_status":"closed","ping_status":"open","sticky":false,"template":"","format":"standard","meta":{"footnotes":""},"categories":[{"term_id":330,"name":"\"Eine Energiewende funktioniert nie gegen die Arbeitnehmer und die INDUSTRIE!\" Harald Paulick","slug":"eine-energiewende-funktioniert-nie-gegen-die-arbeitnehmer-und-die-industrie-harald-paulick","term_group":0,"term_taxonomy_id":330,"taxonomy":"category","description":"","parent":0,"count":22,"filter":"raw","cat_ID":330,"category_count":22,"category_description":"","cat_name":"\"Eine Energiewende funktioniert nie gegen die Arbeitnehmer und die INDUSTRIE!\" Harald Paulick","category_nicename":"eine-energiewende-funktioniert-nie-gegen-die-arbeitnehmer-und-die-industrie-harald-paulick","category_parent":0},{"term_id":329,"name":"\"Migration schaft mehr Probleme, als es nutzt!\" Helmut Schmidt","slug":"migration-schaft-mehr-probleme-als-es-nutzt-helmut-schmidt","term_group":0,"term_taxonomy_id":329,"taxonomy":"category","description":"","parent":0,"count":28,"filter":"raw","cat_ID":329,"category_count":28,"category_description":"","cat_name":"\"Migration schaft mehr Probleme, als es nutzt!\" Helmut Schmidt","category_nicename":"migration-schaft-mehr-probleme-als-es-nutzt-helmut-schmidt","category_parent":0},{"term_id":125,"name":"Ampel-Regierung","slug":"ampel-regierung","term_group":0,"term_taxonomy_id":125,"taxonomy":"category","description":"","parent":0,"count":403,"filter":"raw","cat_ID":125,"category_count":403,"category_description":"","cat_name":"Ampel-Regierung","category_nicename":"ampel-regierung","category_parent":0},{"term_id":303,"name":"Antifa","slug":"antifa","term_group":0,"term_taxonomy_id":303,"taxonomy":"category","description":"","parent":0,"count":10,"filter":"raw","cat_ID":303,"category_count":10,"category_description":"","cat_name":"Antifa","category_nicename":"antifa","category_parent":0},{"term_id":235,"name":"Autoindustrie","slug":"autoindustrie","term_group":0,"term_taxonomy_id":235,"taxonomy":"category","description":"","parent":0,"count":20,"filter":"raw","cat_ID":235,"category_count":20,"category_description":"","cat_name":"Autoindustrie","category_nicename":"autoindustrie","category_parent":0},{"term_id":332,"name":"Autoindustrie Niedergang","slug":"autoindustrie-niedergang","term_group":0,"term_taxonomy_id":332,"taxonomy":"category","description":"","parent":0,"count":17,"filter":"raw","cat_ID":332,"category_count":17,"category_description":"","cat_name":"Autoindustrie Niedergang","category_nicename":"autoindustrie-niedergang","category_parent":0},{"term_id":320,"name":"Bildungsnotstand","slug":"bildungsnotstand","term_group":0,"term_taxonomy_id":320,"taxonomy":"category","description":"","parent":0,"count":14,"filter":"raw","cat_ID":320,"category_count":14,"category_description":"","cat_name":"Bildungsnotstand","category_nicename":"bildungsnotstand","category_parent":0},{"term_id":255,"name":"B\u00fcrokratie-Abbau","slug":"buerokratie-abbau","term_group":0,"term_taxonomy_id":255,"taxonomy":"category","description":"","parent":0,"count":50,"filter":"raw","cat_ID":255,"category_count":50,"category_description":"","cat_name":"B\u00fcrokratie-Abbau","category_nicename":"buerokratie-abbau","category_parent":0},{"term_id":319,"name":"Christliche Kirchen laufen zum Islam \u00fcber","slug":"christliche-kirchen-laufen-zum-islam-ueber","term_group":0,"term_taxonomy_id":319,"taxonomy":"category","description":"","parent":0,"count":13,"filter":"raw","cat_ID":319,"category_count":13,"category_description":"","cat_name":"Christliche Kirchen laufen zum Islam \u00fcber","category_nicename":"christliche-kirchen-laufen-zum-islam-ueber","category_parent":0},{"term_id":132,"name":"Das 4. Reich GR\u00dcNER Pr\u00e4gung","slug":"das-4-reich-gruener-praegung","term_group":0,"term_taxonomy_id":132,"taxonomy":"category","description":"","parent":0,"count":458,"filter":"raw","cat_ID":132,"category_count":458,"category_description":"","cat_name":"Das 4. Reich GR\u00dcNER Pr\u00e4gung","category_nicename":"das-4-reich-gruener-praegung","category_parent":0},{"term_id":49,"name":"Deutschland schafft sich ab","slug":"deutschland-schafft-sich-ab","term_group":0,"term_taxonomy_id":49,"taxonomy":"category","description":"","parent":0,"count":661,"filter":"raw","cat_ID":49,"category_count":661,"category_description":"","cat_name":"Deutschland schafft sich ab","category_nicename":"deutschland-schafft-sich-ab","category_parent":0},{"term_id":202,"name":"Die T\u00e4ter sind unter uns!","slug":"die-taeter-sind-unter-uns","term_group":0,"term_taxonomy_id":202,"taxonomy":"category","description":"","parent":0,"count":315,"filter":"raw","cat_ID":202,"category_count":315,"category_description":"","cat_name":"Die T\u00e4ter sind unter uns!","category_nicename":"die-taeter-sind-unter-uns","category_parent":0},{"term_id":144,"name":"Doppelte Staatsangeh\u00f6rigkeit","slug":"doppelte-staatsangehoerigkeit","term_group":0,"term_taxonomy_id":144,"taxonomy":"category","description":"","parent":0,"count":217,"filter":"raw","cat_ID":144,"category_count":217,"category_description":"","cat_name":"Doppelte Staatsangeh\u00f6rigkeit","category_nicename":"doppelte-staatsangehoerigkeit","category_parent":0},{"term_id":294,"name":"Doppelte Staatsb\u00fcrgerschaft","slug":"doppelte-staatsbuergerschaft","term_group":0,"term_taxonomy_id":294,"taxonomy":"category","description":"","parent":0,"count":39,"filter":"raw","cat_ID":294,"category_count":39,"category_description":"","cat_name":"Doppelte Staatsb\u00fcrgerschaft","category_nicename":"doppelte-staatsbuergerschaft","category_parent":0},{"term_id":167,"name":"Gewalt und Terror von LINKS","slug":"gewalt-und-terror-von-links","term_group":0,"term_taxonomy_id":167,"taxonomy":"category","description":"","parent":0,"count":233,"filter":"raw","cat_ID":167,"category_count":233,"category_description":"","cat_name":"Gewalt und Terror von LINKS","category_nicename":"gewalt-und-terror-von-links","category_parent":0},{"term_id":208,"name":"Gewalt und Terror von Migranten","slug":"gewalt-und-terror-von-migranten","term_group":0,"term_taxonomy_id":208,"taxonomy":"category","description":"","parent":0,"count":155,"filter":"raw","cat_ID":208,"category_count":155,"category_description":"","cat_name":"Gewalt und Terror von Migranten","category_nicename":"gewalt-und-terror-von-migranten","category_parent":0},{"term_id":314,"name":"Grundsteuer-Erh\u00f6hung","slug":"grundsteuer-erhoehung","term_group":0,"term_taxonomy_id":314,"taxonomy":"category","description":"","parent":0,"count":18,"filter":"raw","cat_ID":314,"category_count":18,"category_description":"","cat_name":"Grundsteuer-Erh\u00f6hung","category_nicename":"grundsteuer-erhoehung","category_parent":0},{"term_id":170,"name":"Hass der GR\u00dcNEN LINKEN auf alles ANDERSDENKENDE","slug":"hass-der-gruenen-linken-auf-alles-andersdenkende","term_group":0,"term_taxonomy_id":170,"taxonomy":"category","description":"","parent":0,"count":254,"filter":"raw","cat_ID":170,"category_count":254,"category_description":"","cat_name":"Hass der GR\u00dcNEN LINKEN auf alles ANDERSDENKENDE","category_nicename":"hass-der-gruenen-linken-auf-alles-andersdenkende","category_parent":0},{"term_id":131,"name":"Informationen","slug":"informationen","term_group":0,"term_taxonomy_id":131,"taxonomy":"category","description":"","parent":0,"count":158,"filter":"raw","cat_ID":131,"category_count":158,"category_description":"","cat_name":"Informationen","category_nicename":"informationen","category_parent":0},{"term_id":271,"name":"L\u00e4nderfinanzausgleich","slug":"laenderfinanzausgleich","term_group":0,"term_taxonomy_id":271,"taxonomy":"category","description":"","parent":0,"count":20,"filter":"raw","cat_ID":271,"category_count":20,"category_description":"","cat_name":"L\u00e4nderfinanzausgleich","category_nicename":"laenderfinanzausgleich","category_parent":0},{"term_id":161,"name":"Migranten aus Afrika gleichgestellt","slug":"migranten-aus-afrika-gleichgestellt","term_group":0,"term_taxonomy_id":161,"taxonomy":"category","description":"","parent":0,"count":238,"filter":"raw","cat_ID":161,"category_count":238,"category_description":"","cat_name":"Migranten aus Afrika gleichgestellt","category_nicename":"migranten-aus-afrika-gleichgestellt","category_parent":0},{"term_id":276,"name":"Mit Waffen gegen Andersdenkende","slug":"mit-waffen-gegen-andersdenkende","term_group":0,"term_taxonomy_id":276,"taxonomy":"category","description":"","parent":0,"count":48,"filter":"raw","cat_ID":276,"category_count":48,"category_description":"","cat_name":"Mit Waffen gegen Andersdenkende","category_nicename":"mit-waffen-gegen-andersdenkende","category_parent":0},{"term_id":141,"name":"NEUE AMPELVARIANTE Schwarz+Rot+Gr\u00fcn","slug":"neue-ampelvariante-schwarzrotgruen","term_group":0,"term_taxonomy_id":141,"taxonomy":"category","description":"","parent":0,"count":152,"filter":"raw","cat_ID":141,"category_count":152,"category_description":"","cat_name":"NEUE AMPELVARIANTE Schwarz+Rot+Gr\u00fcn","category_nicename":"neue-ampelvariante-schwarzrotgruen","category_parent":0},{"term_id":190,"name":"Zwangsma\u00dfnahmen gegen nicht-gr\u00fcnes-Denken","slug":"zwangsmassnahmen-gegen-nicht-gruenes-denken","term_group":0,"term_taxonomy_id":190,"taxonomy":"category","description":"","parent":0,"count":245,"filter":"raw","cat_ID":190,"category_count":245,"category_description":"","cat_name":"Zwangsma\u00dfnahmen gegen nicht-gr\u00fcnes-Denken","category_nicename":"zwangsmassnahmen-gegen-nicht-gruenes-denken","category_parent":0}],"tags":[],"class_list":["post-5563","post","type-post","status-publish","format-standard","hentry","category-eine-energiewende-funktioniert-nie-gegen-die-arbeitnehmer-und-die-industrie-harald-paulick","category-migration-schaft-mehr-probleme-als-es-nutzt-helmut-schmidt","category-ampel-regierung","category-antifa","category-autoindustrie","category-autoindustrie-niedergang","category-bildungsnotstand","category-buerokratie-abbau","category-christliche-kirchen-laufen-zum-islam-ueber","category-das-4-reich-gruener-praegung","category-deutschland-schafft-sich-ab","category-die-taeter-sind-unter-uns","category-doppelte-staatsangehoerigkeit","category-doppelte-staatsbuergerschaft","category-gewalt-und-terror-von-links","category-gewalt-und-terror-von-migranten","category-grundsteuer-erhoehung","category-hass-der-gruenen-linken-auf-alles-andersdenkende","category-informationen","category-laenderfinanzausgleich","category-migranten-aus-afrika-gleichgestellt","category-mit-waffen-gegen-andersdenkende","category-neue-ampelvariante-schwarzrotgruen","category-zwangsmassnahmen-gegen-nicht-gruenes-denken"],"images":{"thumbnail":false,"medium":false,"medium_large":false,"large":false,"full":false},"_links":{"self":[{"href":"http:\/\/hpaulick.de\/index.php?rest_route=\/wp\/v2\/posts\/5563","targetHints":{"allow":["GET"]}}],"collection":[{"href":"http:\/\/hpaulick.de\/index.php?rest_route=\/wp\/v2\/posts"}],"about":[{"href":"http:\/\/hpaulick.de\/index.php?rest_route=\/wp\/v2\/types\/post"}],"author":[{"embeddable":true,"href":"http:\/\/hpaulick.de\/index.php?rest_route=\/wp\/v2\/users\/1"}],"replies":[{"embeddable":true,"href":"http:\/\/hpaulick.de\/index.php?rest_route=%2Fwp%2Fv2%2Fcomments&post=5563"}],"version-history":[{"count":1,"href":"http:\/\/hpaulick.de\/index.php?rest_route=\/wp\/v2\/posts\/5563\/revisions"}],"predecessor-version":[{"id":5564,"href":"http:\/\/hpaulick.de\/index.php?rest_route=\/wp\/v2\/posts\/5563\/revisions\/5564"}],"wp:attachment":[{"href":"http:\/\/hpaulick.de\/index.php?rest_route=%2Fwp%2Fv2%2Fmedia&parent=5563"}],"wp:term":[{"taxonomy":"category","embeddable":true,"href":"http:\/\/hpaulick.de\/index.php?rest_route=%2Fwp%2Fv2%2Fcategories&post=5563"},{"taxonomy":"post_tag","embeddable":true,"href":"http:\/\/hpaulick.de\/index.php?rest_route=%2Fwp%2Fv2%2Ftags&post=5563"}],"curies":[{"name":"wp","href":"https:\/\/api.w.org\/{rel}","templated":true}]}}