{"id":5842,"date":"2026-04-20T10:47:00","date_gmt":"2026-04-20T10:47:00","guid":{"rendered":"https:\/\/hpaulick.de\/?p=5842"},"modified":"2026-04-20T10:47:55","modified_gmt":"2026-04-20T10:47:55","slug":"vorfall-im-suedlibanonisrael-bestaetigt-dass-soldat-auf-jesus-statue-einpruegelte","status":"publish","type":"post","link":"http:\/\/hpaulick.de\/?p=5842","title":{"rendered":"Vorfall im S\u00fcdlibanonIsrael best\u00e4tigt, dass Soldat auf Jesus-Statue einpr\u00fcgelte"},"content":{"rendered":"\n<figure class=\"wp-block-embed is-type-rich is-provider-twitter wp-block-embed-twitter\"><div class=\"wp-block-embed__wrapper\">\n<div class=\"twitter-tweet\"><blockquote class=\"twitter-tweet\" data-lang=\"de\"><p lang=\"de\" dir=\"ltr\">Vorfall im S\u00fcdlibanonIsrael best\u00e4tigt, dass Soldat auf Jesus-Statue einpr\u00fcgelte<br>Es handelte sich um ein Mitglied der israelischen  Armee.<br>Das sind die FREUNDE vor denen sich alle DEUTSCHEN Kanzer in den Staub geschmissen haben!<br>Das sollte jetzt enden<br>H. P.<a href=\"https:\/\/t.co\/cV11vaitih\">https:\/\/t.co\/cV11vaitih<\/a><\/p>&mdash; Metaphysischer Blogger &amp; Menippeischer Satiriker ! (@Scheinheilig16) <a href=\"https:\/\/twitter.com\/Scheinheilig16\/status\/2046177152274485285?ref_src=twsrc%5Etfw\">20. April 2026<\/a><\/blockquote><\/div>\n<\/div><\/figure>\n\n\n\n<figure class=\"wp-block-image size-full is-resized\"><img loading=\"lazy\" decoding=\"async\" width=\"553\" height=\"900\" src=\"https:\/\/hpaulick.de\/wp-content\/uploads\/2026\/04\/image-19.png\" alt=\"\" class=\"wp-image-5843\" style=\"width:690px;height:auto\" srcset=\"http:\/\/hpaulick.de\/wp-content\/uploads\/2026\/04\/image-19.png 553w, http:\/\/hpaulick.de\/wp-content\/uploads\/2026\/04\/image-19-184x300.png 184w\" sizes=\"auto, (max-width: 553px) 100vw, 553px\" \/><\/figure>\n\n\n\n<figure class=\"wp-block-image size-full\"><img loading=\"lazy\" decoding=\"async\" width=\"960\" height=\"640\" src=\"https:\/\/hpaulick.de\/wp-content\/uploads\/2026\/04\/image-20.png\" alt=\"\" class=\"wp-image-5844\" srcset=\"http:\/\/hpaulick.de\/wp-content\/uploads\/2026\/04\/image-20.png 960w, http:\/\/hpaulick.de\/wp-content\/uploads\/2026\/04\/image-20-300x200.png 300w, http:\/\/hpaulick.de\/wp-content\/uploads\/2026\/04\/image-20-768x512.png 768w\" sizes=\"auto, (max-width: 960px) 100vw, 960px\" \/><\/figure>\n\n\n\n<p class=\"has-large-font-size\"><strong><em>Der permanente KNIEFALL der DEUTSCHEN vor den ISRAELIS endet heute. Erst wenn dieser TERRORIST zu lebensl\u00e4nglicher Strafe verurteilt wurde, k\u00f6nnen wir eventuell \u00fcber normale Beziehungen nachdenken!<\/em><\/strong><\/p>\n\n<div class=\"twitter-share\"><a href=\"https:\/\/twitter.com\/intent\/tweet?via=haraldpaulick\" class=\"twitter-share-button\" data-size=\"large\">Twittern<\/a><\/div>\n","protected":false},"excerpt":{"rendered":"<p>Der permanente KNIEFALL der DEUTSCHEN vor den ISRAELIS endet heute. Erst wenn dieser TERRORIST zu lebensl\u00e4nglicher Strafe verurteilt wurde, k\u00f6nnen wir eventuell \u00fcber normale Beziehungen nachdenken!<\/p>\n","protected":false},"author":1,"featured_media":0,"comment_status":"closed","ping_status":"open","sticky":false,"template":"","format":"standard","meta":{"footnotes":""},"categories":[{"term_id":35,"name":"Aff\u00e4ren","slug":"affaeren","term_group":0,"term_taxonomy_id":35,"taxonomy":"category","description":"","parent":0,"count":246,"filter":"raw","cat_ID":35,"category_count":246,"category_description":"","cat_name":"Aff\u00e4ren","category_nicename":"affaeren","category_parent":0},{"term_id":202,"name":"Die T\u00e4ter sind unter uns!","slug":"die-taeter-sind-unter-uns","term_group":0,"term_taxonomy_id":202,"taxonomy":"category","description":"","parent":0,"count":316,"filter":"raw","cat_ID":202,"category_count":316,"category_description":"","cat_name":"Die T\u00e4ter sind unter uns!","category_nicename":"die-taeter-sind-unter-uns","category_parent":0},{"term_id":107,"name":"Israel","slug":"israel","term_group":0,"term_taxonomy_id":107,"taxonomy":"category","description":"","parent":0,"count":24,"filter":"raw","cat_ID":107,"category_count":24,"category_description":"","cat_name":"Israel","category_nicename":"israel","category_parent":0},{"term_id":12,"name":"Israel \/ Naher Osten","slug":"israel-naher-osten","term_group":0,"term_taxonomy_id":12,"taxonomy":"category","description":"","parent":0,"count":22,"filter":"raw","cat_ID":12,"category_count":22,"category_description":"","cat_name":"Israel \/ Naher Osten","category_nicename":"israel-naher-osten","category_parent":0},{"term_id":296,"name":"Merz-Regierung","slug":"merz-regierung","term_group":0,"term_taxonomy_id":296,"taxonomy":"category","description":"","parent":0,"count":67,"filter":"raw","cat_ID":296,"category_count":67,"category_description":"","cat_name":"Merz-Regierung","category_nicename":"merz-regierung","category_parent":0},{"term_id":276,"name":"Mit Waffen gegen Andersdenkende","slug":"mit-waffen-gegen-andersdenkende","term_group":0,"term_taxonomy_id":276,"taxonomy":"category","description":"","parent":0,"count":48,"filter":"raw","cat_ID":276,"category_count":48,"category_description":"","cat_name":"Mit Waffen gegen Andersdenkende","category_nicename":"mit-waffen-gegen-andersdenkende","category_parent":0},{"term_id":93,"name":"Saboteure","slug":"saboteure","term_group":0,"term_taxonomy_id":93,"taxonomy":"category","description":"","parent":0,"count":38,"filter":"raw","cat_ID":93,"category_count":38,"category_description":"","cat_name":"Saboteure","category_nicename":"saboteure","category_parent":0},{"term_id":219,"name":"Staatsversagen","slug":"staatsversagen","term_group":0,"term_taxonomy_id":219,"taxonomy":"category","description":"","parent":0,"count":89,"filter":"raw","cat_ID":219,"category_count":89,"category_description":"","cat_name":"Staatsversagen","category_nicename":"staatsversagen","category_parent":0},{"term_id":175,"name":"VERSAGER","slug":"versager","term_group":0,"term_taxonomy_id":175,"taxonomy":"category","description":"","parent":0,"count":222,"filter":"raw","cat_ID":175,"category_count":222,"category_description":"","cat_name":"VERSAGER","category_nicename":"versager","category_parent":0},{"term_id":84,"name":"Vorbilder","slug":"vorbilder","term_group":0,"term_taxonomy_id":84,"taxonomy":"category","description":"","parent":0,"count":16,"filter":"raw","cat_ID":84,"category_count":16,"category_description":"","cat_name":"Vorbilder","category_nicename":"vorbilder","category_parent":0}],"tags":[],"class_list":["post-5842","post","type-post","status-publish","format-standard","hentry","category-affaeren","category-die-taeter-sind-unter-uns","category-israel","category-israel-naher-osten","category-merz-regierung","category-mit-waffen-gegen-andersdenkende","category-saboteure","category-staatsversagen","category-versager","category-vorbilder"],"images":{"thumbnail":false,"medium":false,"medium_large":false,"large":false,"full":false},"_links":{"self":[{"href":"http:\/\/hpaulick.de\/index.php?rest_route=\/wp\/v2\/posts\/5842","targetHints":{"allow":["GET"]}}],"collection":[{"href":"http:\/\/hpaulick.de\/index.php?rest_route=\/wp\/v2\/posts"}],"about":[{"href":"http:\/\/hpaulick.de\/index.php?rest_route=\/wp\/v2\/types\/post"}],"author":[{"embeddable":true,"href":"http:\/\/hpaulick.de\/index.php?rest_route=\/wp\/v2\/users\/1"}],"replies":[{"embeddable":true,"href":"http:\/\/hpaulick.de\/index.php?rest_route=%2Fwp%2Fv2%2Fcomments&post=5842"}],"version-history":[{"count":2,"href":"http:\/\/hpaulick.de\/index.php?rest_route=\/wp\/v2\/posts\/5842\/revisions"}],"predecessor-version":[{"id":5846,"href":"http:\/\/hpaulick.de\/index.php?rest_route=\/wp\/v2\/posts\/5842\/revisions\/5846"}],"wp:attachment":[{"href":"http:\/\/hpaulick.de\/index.php?rest_route=%2Fwp%2Fv2%2Fmedia&parent=5842"}],"wp:term":[{"taxonomy":"category","embeddable":true,"href":"http:\/\/hpaulick.de\/index.php?rest_route=%2Fwp%2Fv2%2Fcategories&post=5842"},{"taxonomy":"post_tag","embeddable":true,"href":"http:\/\/hpaulick.de\/index.php?rest_route=%2Fwp%2Fv2%2Ftags&post=5842"}],"curies":[{"name":"wp","href":"https:\/\/api.w.org\/{rel}","templated":true}]}}