{"id":1003,"date":"2023-08-13T22:21:08","date_gmt":"2023-08-13T22:21:08","guid":{"rendered":"http:\/\/hpaulick.de\/?p=1003"},"modified":"2023-08-13T22:21:08","modified_gmt":"2023-08-13T22:21:08","slug":"strompreisreform","status":"publish","type":"post","link":"https:\/\/hpaulick.de\/?p=1003","title":{"rendered":"STROMPREISREFORM"},"content":{"rendered":"<div class=\"twitter-tweet\">\n<blockquote class=\"twitter-tweet\" data-lang=\"de\">\n<p lang=\"de\" dir=\"ltr\"><a href=\"https:\/\/twitter.com\/hashtag\/STROMPREISREFORM?src=hash&amp;ref_src=twsrc%5Etfw\">#STROMPREISREFORM<\/a><br \/>Mehrkosten f\u00fcr B\u00fcrger in Windkraftregionen?<br \/>Mu\u00df \u201edringend \u00fcberarbeitet werden\u201c<br \/>Wieder mu\u00df <a href=\"https:\/\/twitter.com\/hashtag\/Wirtschaftsexperte?src=hash&amp;ref_src=twsrc%5Etfw\">#Wirtschaftsexperte<\/a> <a href=\"https:\/\/twitter.com\/hashtag\/HABECK?src=hash&amp;ref_src=twsrc%5Etfw\">#HABECK<\/a> seinen eigen Mist korrigieren<br \/>Er bekommt einfach nichts im ersten STEP richtig hin!<br \/>DAS IST NUN MAL BEI BILDUNGSLOSEN SO<a href=\"https:\/\/t.co\/oWAcZEUb2k\">https:\/\/t.co\/oWAcZEUb2k<\/a><\/p>\n<p>&mdash; Menippeischer Satiriker, Blogger, Schriftsteller (@Scheinheilig16) <a href=\"https:\/\/twitter.com\/Scheinheilig16\/status\/1690850790045364224?ref_src=twsrc%5Etfw\">13. August 2023<\/a><\/p><\/blockquote>\n<\/div>\n\n<div class=\"twitter-share\"><a href=\"https:\/\/twitter.com\/intent\/tweet?via=haraldpaulick\" class=\"twitter-share-button\" data-size=\"large\">Twittern<\/a><\/div>\n","protected":false},"excerpt":{"rendered":"<p>#STROMPREISREFORMMehrkosten f\u00fcr B\u00fcrger in Windkraftregionen?Mu\u00df \u201edringend \u00fcberarbeitet werden\u201cWieder mu\u00df #Wirtschaftsexperte #HABECK seinen eigen Mist korrigierenEr bekommt einfach nichts im ersten STEP richtig hin!DAS IST NUN MAL BEI BILDUNGSLOSEN SOhttps:\/\/t.co\/oWAcZEUb2k &mdash; Menippeischer Satiriker, Blogger, Schriftsteller (@Scheinheilig16) 13. August 2023<\/p>\n","protected":false},"author":1,"featured_media":0,"comment_status":"closed","ping_status":"open","sticky":false,"template":"","format":"standard","meta":{"footnotes":""},"categories":[{"term_id":30,"name":"GR\u00dcNE Murks Politik","slug":"gruene-murks-politik","term_group":0,"term_taxonomy_id":30,"taxonomy":"category","description":"","parent":0,"count":805,"filter":"raw","cat_ID":30,"category_count":805,"category_description":"","cat_name":"GR\u00dcNE Murks Politik","category_nicename":"gruene-murks-politik","category_parent":0}],"tags":[],"class_list":["post-1003","post","type-post","status-publish","format-standard","hentry","category-gruene-murks-politik"],"images":{"thumbnail":false,"medium":false,"medium_large":false,"large":false,"full":false},"_links":{"self":[{"href":"https:\/\/hpaulick.de\/index.php?rest_route=\/wp\/v2\/posts\/1003","targetHints":{"allow":["GET"]}}],"collection":[{"href":"https:\/\/hpaulick.de\/index.php?rest_route=\/wp\/v2\/posts"}],"about":[{"href":"https:\/\/hpaulick.de\/index.php?rest_route=\/wp\/v2\/types\/post"}],"author":[{"embeddable":true,"href":"https:\/\/hpaulick.de\/index.php?rest_route=\/wp\/v2\/users\/1"}],"replies":[{"embeddable":true,"href":"https:\/\/hpaulick.de\/index.php?rest_route=%2Fwp%2Fv2%2Fcomments&post=1003"}],"version-history":[{"count":1,"href":"https:\/\/hpaulick.de\/index.php?rest_route=\/wp\/v2\/posts\/1003\/revisions"}],"predecessor-version":[{"id":1004,"href":"https:\/\/hpaulick.de\/index.php?rest_route=\/wp\/v2\/posts\/1003\/revisions\/1004"}],"wp:attachment":[{"href":"https:\/\/hpaulick.de\/index.php?rest_route=%2Fwp%2Fv2%2Fmedia&parent=1003"}],"wp:term":[{"taxonomy":"category","embeddable":true,"href":"https:\/\/hpaulick.de\/index.php?rest_route=%2Fwp%2Fv2%2Fcategories&post=1003"},{"taxonomy":"post_tag","embeddable":true,"href":"https:\/\/hpaulick.de\/index.php?rest_route=%2Fwp%2Fv2%2Ftags&post=1003"}],"curies":[{"name":"wp","href":"https:\/\/api.w.org\/{rel}","templated":true}]}}