{"id":1005,"date":"2023-08-16T10:49:22","date_gmt":"2023-08-16T10:49:22","guid":{"rendered":"http:\/\/hpaulick.de\/?p=1005"},"modified":"2023-08-16T10:49:22","modified_gmt":"2023-08-16T10:49:22","slug":"neue-ampel-idee","status":"publish","type":"post","link":"https:\/\/hpaulick.de\/?p=1005","title":{"rendered":"NEUE AMPEL-IDEE"},"content":{"rendered":"<div class=\"twitter-tweet\">\n<blockquote class=\"twitter-tweet\" data-lang=\"de\">\n<p lang=\"de\" dir=\"ltr\">NEUE <a href=\"https:\/\/twitter.com\/hashtag\/AMPEL?src=hash&amp;ref_src=twsrc%5Etfw\">#AMPEL<\/a>-IDEE<br \/>Rentner k\u00f6nnten ihre H\u00e4user r\u00e4umen (nicht verkaufen, werden enteignet) &amp; werden in Pflege-\/Seniorenheimen untergebracht<br \/>Daf\u00fcr gibt\u2019s Steuervorteile und mehr Platz f\u00fcr Familien, Fl\u00fcchtlinge &amp; Migranten<br \/>Liebe Rentner, ihr solltet GR\u00dcN w\u00e4hlen<a href=\"https:\/\/t.co\/kIe51saKcy\">https:\/\/t.co\/kIe51saKcy<\/a><\/p>\n<p>&mdash; Menippeischer Satiriker, Blogger, Schriftsteller (@Scheinheilig16) <a href=\"https:\/\/twitter.com\/Scheinheilig16\/status\/1691762396421877870?ref_src=twsrc%5Etfw\">16. August 2023<\/a><\/p><\/blockquote>\n<\/div>\n\n<div class=\"twitter-share\"><a href=\"https:\/\/twitter.com\/intent\/tweet?via=haraldpaulick\" class=\"twitter-share-button\" data-size=\"large\">Twittern<\/a><\/div>\n","protected":false},"excerpt":{"rendered":"<p>NEUE #AMPEL-IDEERentner k\u00f6nnten ihre H\u00e4user r\u00e4umen (nicht verkaufen, werden enteignet) &amp; werden in Pflege-\/Seniorenheimen untergebrachtDaf\u00fcr gibt\u2019s Steuervorteile und mehr Platz f\u00fcr Familien, Fl\u00fcchtlinge &amp; MigrantenLiebe Rentner, ihr solltet GR\u00dcN w\u00e4hlenhttps:\/\/t.co\/kIe51saKcy &mdash; Menippeischer Satiriker, Blogger, Schriftsteller (@Scheinheilig16) 16. August 2023<\/p>\n","protected":false},"author":1,"featured_media":0,"comment_status":"closed","ping_status":"open","sticky":false,"template":"","format":"standard","meta":{"footnotes":""},"categories":[{"term_id":54,"name":"Bildungslose Politiker","slug":"bildungslose-politiker","term_group":0,"term_taxonomy_id":54,"taxonomy":"category","description":"","parent":0,"count":676,"filter":"raw","cat_ID":54,"category_count":676,"category_description":"","cat_name":"Bildungslose Politiker","category_nicename":"bildungslose-politiker","category_parent":0},{"term_id":30,"name":"GR\u00dcNE Murks Politik","slug":"gruene-murks-politik","term_group":0,"term_taxonomy_id":30,"taxonomy":"category","description":"","parent":0,"count":805,"filter":"raw","cat_ID":30,"category_count":805,"category_description":"","cat_name":"GR\u00dcNE Murks Politik","category_nicename":"gruene-murks-politik","category_parent":0},{"term_id":39,"name":"Verbotskoalition","slug":"verbotskoalition","term_group":0,"term_taxonomy_id":39,"taxonomy":"category","description":"","parent":0,"count":248,"filter":"raw","cat_ID":39,"category_count":248,"category_description":"","cat_name":"Verbotskoalition","category_nicename":"verbotskoalition","category_parent":0}],"tags":[],"class_list":["post-1005","post","type-post","status-publish","format-standard","hentry","category-bildungslose-politiker","category-gruene-murks-politik","category-verbotskoalition"],"images":{"thumbnail":false,"medium":false,"medium_large":false,"large":false,"full":false},"_links":{"self":[{"href":"https:\/\/hpaulick.de\/index.php?rest_route=\/wp\/v2\/posts\/1005","targetHints":{"allow":["GET"]}}],"collection":[{"href":"https:\/\/hpaulick.de\/index.php?rest_route=\/wp\/v2\/posts"}],"about":[{"href":"https:\/\/hpaulick.de\/index.php?rest_route=\/wp\/v2\/types\/post"}],"author":[{"embeddable":true,"href":"https:\/\/hpaulick.de\/index.php?rest_route=\/wp\/v2\/users\/1"}],"replies":[{"embeddable":true,"href":"https:\/\/hpaulick.de\/index.php?rest_route=%2Fwp%2Fv2%2Fcomments&post=1005"}],"version-history":[{"count":1,"href":"https:\/\/hpaulick.de\/index.php?rest_route=\/wp\/v2\/posts\/1005\/revisions"}],"predecessor-version":[{"id":1006,"href":"https:\/\/hpaulick.de\/index.php?rest_route=\/wp\/v2\/posts\/1005\/revisions\/1006"}],"wp:attachment":[{"href":"https:\/\/hpaulick.de\/index.php?rest_route=%2Fwp%2Fv2%2Fmedia&parent=1005"}],"wp:term":[{"taxonomy":"category","embeddable":true,"href":"https:\/\/hpaulick.de\/index.php?rest_route=%2Fwp%2Fv2%2Fcategories&post=1005"},{"taxonomy":"post_tag","embeddable":true,"href":"https:\/\/hpaulick.de\/index.php?rest_route=%2Fwp%2Fv2%2Ftags&post=1005"}],"curies":[{"name":"wp","href":"https:\/\/api.w.org\/{rel}","templated":true}]}}