{"id":1007,"date":"2023-08-18T08:30:59","date_gmt":"2023-08-18T08:30:59","guid":{"rendered":"http:\/\/hpaulick.de\/?p=1007"},"modified":"2023-08-18T08:30:59","modified_gmt":"2023-08-18T08:30:59","slug":"thema-kindergrundsicherung","status":"publish","type":"post","link":"https:\/\/hpaulick.de\/?p=1007","title":{"rendered":"Thema Kindergrundsicherung"},"content":{"rendered":"<div class=\"twitter-tweet\">\n<blockquote class=\"twitter-tweet\" data-lang=\"de\">\n<p lang=\"de\" dir=\"ltr\"><a href=\"https:\/\/twitter.com\/hashtag\/Thema?src=hash&amp;ref_src=twsrc%5Etfw\">#Thema<\/a> <a href=\"https:\/\/twitter.com\/hashtag\/Kindergrundsicherung?src=hash&amp;ref_src=twsrc%5Etfw\">#Kindergrundsicherung<\/a><br \/>Wer sich Kinder anschafft ist erst mal grunds\u00e4tzlich selber f\u00fcr seine Kinder verantwortlich, nicht der <a href=\"https:\/\/twitter.com\/hashtag\/Staat?src=hash&amp;ref_src=twsrc%5Etfw\">#Staat<\/a> wie die GR\u00dcNEN GIE\u00dfKANNEN-GELD-VERGIE\u00dfER es wollen! F\u00fcr das 1. 250\u20ac &amp; das2. Kind 250\u20ac<br \/>Aber danach muss Schluss sein<a href=\"https:\/\/t.co\/ToNIeOAMaP\">https:\/\/t.co\/ToNIeOAMaP<\/a><\/p>\n<p>&mdash; Menippeischer Satiriker, Blogger, Schriftsteller (@Scheinheilig16) <a href=\"https:\/\/twitter.com\/Scheinheilig16\/status\/1692453782452318273?ref_src=twsrc%5Etfw\">18. August 2023<\/a><\/p><\/blockquote>\n<\/div>\n\n<div class=\"twitter-share\"><a href=\"https:\/\/twitter.com\/intent\/tweet?via=haraldpaulick\" class=\"twitter-share-button\" data-size=\"large\">Twittern<\/a><\/div>\n","protected":false},"excerpt":{"rendered":"<p>#Thema #KindergrundsicherungWer sich Kinder anschafft ist erst mal grunds\u00e4tzlich selber f\u00fcr seine Kinder verantwortlich, nicht der #Staat wie die GR\u00dcNEN GIE\u00dfKANNEN-GELD-VERGIE\u00dfER es wollen! F\u00fcr das 1. 250\u20ac &amp; das2. Kind 250\u20acAber danach muss Schluss seinhttps:\/\/t.co\/ToNIeOAMaP &mdash; Menippeischer Satiriker, Blogger, Schriftsteller (@Scheinheilig16) 18. August 2023<\/p>\n","protected":false},"author":1,"featured_media":0,"comment_status":"closed","ping_status":"open","sticky":false,"template":"","format":"standard","meta":{"footnotes":""},"categories":[{"term_id":54,"name":"Bildungslose Politiker","slug":"bildungslose-politiker","term_group":0,"term_taxonomy_id":54,"taxonomy":"category","description":"","parent":0,"count":676,"filter":"raw","cat_ID":54,"category_count":676,"category_description":"","cat_name":"Bildungslose Politiker","category_nicename":"bildungslose-politiker","category_parent":0},{"term_id":30,"name":"GR\u00dcNE Murks Politik","slug":"gruene-murks-politik","term_group":0,"term_taxonomy_id":30,"taxonomy":"category","description":"","parent":0,"count":805,"filter":"raw","cat_ID":30,"category_count":805,"category_description":"","cat_name":"GR\u00dcNE Murks Politik","category_nicename":"gruene-murks-politik","category_parent":0},{"term_id":64,"name":"Migrationspolitik","slug":"migrationspolitik","term_group":0,"term_taxonomy_id":64,"taxonomy":"category","description":"","parent":0,"count":398,"filter":"raw","cat_ID":64,"category_count":398,"category_description":"","cat_name":"Migrationspolitik","category_nicename":"migrationspolitik","category_parent":0},{"term_id":67,"name":"Umweltschutz","slug":"umweltschutz","term_group":0,"term_taxonomy_id":67,"taxonomy":"category","description":"","parent":0,"count":43,"filter":"raw","cat_ID":67,"category_count":43,"category_description":"","cat_name":"Umweltschutz","category_nicename":"umweltschutz","category_parent":0}],"tags":[],"class_list":["post-1007","post","type-post","status-publish","format-standard","hentry","category-bildungslose-politiker","category-gruene-murks-politik","category-migrationspolitik","category-umweltschutz"],"images":{"thumbnail":false,"medium":false,"medium_large":false,"large":false,"full":false},"_links":{"self":[{"href":"https:\/\/hpaulick.de\/index.php?rest_route=\/wp\/v2\/posts\/1007","targetHints":{"allow":["GET"]}}],"collection":[{"href":"https:\/\/hpaulick.de\/index.php?rest_route=\/wp\/v2\/posts"}],"about":[{"href":"https:\/\/hpaulick.de\/index.php?rest_route=\/wp\/v2\/types\/post"}],"author":[{"embeddable":true,"href":"https:\/\/hpaulick.de\/index.php?rest_route=\/wp\/v2\/users\/1"}],"replies":[{"embeddable":true,"href":"https:\/\/hpaulick.de\/index.php?rest_route=%2Fwp%2Fv2%2Fcomments&post=1007"}],"version-history":[{"count":1,"href":"https:\/\/hpaulick.de\/index.php?rest_route=\/wp\/v2\/posts\/1007\/revisions"}],"predecessor-version":[{"id":1008,"href":"https:\/\/hpaulick.de\/index.php?rest_route=\/wp\/v2\/posts\/1007\/revisions\/1008"}],"wp:attachment":[{"href":"https:\/\/hpaulick.de\/index.php?rest_route=%2Fwp%2Fv2%2Fmedia&parent=1007"}],"wp:term":[{"taxonomy":"category","embeddable":true,"href":"https:\/\/hpaulick.de\/index.php?rest_route=%2Fwp%2Fv2%2Fcategories&post=1007"},{"taxonomy":"post_tag","embeddable":true,"href":"https:\/\/hpaulick.de\/index.php?rest_route=%2Fwp%2Fv2%2Ftags&post=1007"}],"curies":[{"name":"wp","href":"https:\/\/api.w.org\/{rel}","templated":true}]}}