{"id":1011,"date":"2023-08-31T10:25:11","date_gmt":"2023-08-31T10:25:11","guid":{"rendered":"http:\/\/hpaulick.de\/?p=1011"},"modified":"2023-08-31T10:25:11","modified_gmt":"2023-08-31T10:25:11","slug":"sind-gruene-wirklich-fuer-eine-bessere-und-nachhaltigere-gesellschaft","status":"publish","type":"post","link":"https:\/\/hpaulick.de\/?p=1011","title":{"rendered":"Sind Gr\u00fcne wirklich f\u00fcr eine bessere und nachhaltigere Gesellschaft?"},"content":{"rendered":"<p>Wenn GR\u00dcNE das mit der UMWELT wirklich ernst nehmen w\u00fcrden,<br \/>\nd\u00fcrfte kein neues Haus gebaut und keine neue FL\u00c4CHE versiegelt werden,<br \/>\ndenn die <span data-offset-key=\"5og2g-1-0\">#DEUTSCHEN<\/span><span data-offset-key=\"5og2g-2-0\"> werden laut Statistischem Bundesamt immer weniger.<br \/>\nDas liegt an der f\u00fcr die UMWELT g\u00fcnstigen <\/span><span data-offset-key=\"5og2g-3-0\">#deutsche<\/span><span data-offset-key=\"5og2g-4-0\">n REPRODUKTIONSRATE von 1,7!<br \/>\nDa wir aber MIGRANTEN in&#8217;s Land holen, die eine REPRODUKTIONSRATE von 4,3 haben, m\u00fcssen wir ausschlie\u00dflich f\u00fcr die NEUB\u00dcRGER\u00a0 NEUE H\u00c4USER BAUEN UND FL\u00c4CHEN VERSIEGELN, NATUR ZERST\u00d6REN!<br \/>\nWAS DARAN ist GR\u00dcN?<\/p>\n<p><\/span>Harald Paulick<\/p>\n<p>ewpd.de<\/p>\n\n<div class=\"twitter-share\"><a href=\"https:\/\/twitter.com\/intent\/tweet?via=haraldpaulick\" class=\"twitter-share-button\" data-size=\"large\">Twittern<\/a><\/div>\n","protected":false},"excerpt":{"rendered":"<p>Wenn GR\u00dcNE das mit der UMWELT wirklich ernst nehmen w\u00fcrden, d\u00fcrfte kein neues Haus gebaut und keine neue FL\u00c4CHE versiegelt werden, denn die #DEUTSCHEN werden laut Statistischem Bundesamt immer weniger. Das liegt an der f\u00fcr die UMWELT g\u00fcnstigen #deutschen REPRODUKTIONSRATE von 1,7! Da wir aber MIGRANTEN in&#8217;s Land holen, die eine REPRODUKTIONSRATE von 4,3 haben, &hellip; <a href=\"https:\/\/hpaulick.de\/?p=1011\" class=\"more-link\"><span class=\"screen-reader-text\">Sind Gr\u00fcne wirklich f\u00fcr eine bessere und nachhaltigere Gesellschaft?<\/span> weiterlesen<\/a><\/p>\n","protected":false},"author":1,"featured_media":0,"comment_status":"closed","ping_status":"open","sticky":false,"template":"","format":"standard","meta":{"footnotes":""},"categories":[{"term_id":54,"name":"Bildungslose Politiker","slug":"bildungslose-politiker","term_group":0,"term_taxonomy_id":54,"taxonomy":"category","description":"","parent":0,"count":676,"filter":"raw","cat_ID":54,"category_count":676,"category_description":"","cat_name":"Bildungslose Politiker","category_nicename":"bildungslose-politiker","category_parent":0},{"term_id":49,"name":"Deutschland schafft sich ab","slug":"deutschland-schafft-sich-ab","term_group":0,"term_taxonomy_id":49,"taxonomy":"category","description":"","parent":0,"count":663,"filter":"raw","cat_ID":49,"category_count":663,"category_description":"","cat_name":"Deutschland schafft sich ab","category_nicename":"deutschland-schafft-sich-ab","category_parent":0},{"term_id":65,"name":"Fl\u00fcchtlinge","slug":"fluechtlinge","term_group":0,"term_taxonomy_id":65,"taxonomy":"category","description":"","parent":0,"count":187,"filter":"raw","cat_ID":65,"category_count":187,"category_description":"","cat_name":"Fl\u00fcchtlinge","category_nicename":"fluechtlinge","category_parent":0},{"term_id":30,"name":"GR\u00dcNE Murks Politik","slug":"gruene-murks-politik","term_group":0,"term_taxonomy_id":30,"taxonomy":"category","description":"","parent":0,"count":805,"filter":"raw","cat_ID":30,"category_count":805,"category_description":"","cat_name":"GR\u00dcNE Murks Politik","category_nicename":"gruene-murks-politik","category_parent":0},{"term_id":64,"name":"Migrationspolitik","slug":"migrationspolitik","term_group":0,"term_taxonomy_id":64,"taxonomy":"category","description":"","parent":0,"count":398,"filter":"raw","cat_ID":64,"category_count":398,"category_description":"","cat_name":"Migrationspolitik","category_nicename":"migrationspolitik","category_parent":0},{"term_id":74,"name":"www.ewpd.de","slug":"www-ewpd-de","term_group":0,"term_taxonomy_id":74,"taxonomy":"category","description":"","parent":0,"count":36,"filter":"raw","cat_ID":74,"category_count":36,"category_description":"","cat_name":"www.ewpd.de","category_nicename":"www-ewpd-de","category_parent":0}],"tags":[],"class_list":["post-1011","post","type-post","status-publish","format-standard","hentry","category-bildungslose-politiker","category-deutschland-schafft-sich-ab","category-fluechtlinge","category-gruene-murks-politik","category-migrationspolitik","category-www-ewpd-de"],"images":{"thumbnail":false,"medium":false,"medium_large":false,"large":false,"full":false},"_links":{"self":[{"href":"https:\/\/hpaulick.de\/index.php?rest_route=\/wp\/v2\/posts\/1011","targetHints":{"allow":["GET"]}}],"collection":[{"href":"https:\/\/hpaulick.de\/index.php?rest_route=\/wp\/v2\/posts"}],"about":[{"href":"https:\/\/hpaulick.de\/index.php?rest_route=\/wp\/v2\/types\/post"}],"author":[{"embeddable":true,"href":"https:\/\/hpaulick.de\/index.php?rest_route=\/wp\/v2\/users\/1"}],"replies":[{"embeddable":true,"href":"https:\/\/hpaulick.de\/index.php?rest_route=%2Fwp%2Fv2%2Fcomments&post=1011"}],"version-history":[{"count":1,"href":"https:\/\/hpaulick.de\/index.php?rest_route=\/wp\/v2\/posts\/1011\/revisions"}],"predecessor-version":[{"id":1012,"href":"https:\/\/hpaulick.de\/index.php?rest_route=\/wp\/v2\/posts\/1011\/revisions\/1012"}],"wp:attachment":[{"href":"https:\/\/hpaulick.de\/index.php?rest_route=%2Fwp%2Fv2%2Fmedia&parent=1011"}],"wp:term":[{"taxonomy":"category","embeddable":true,"href":"https:\/\/hpaulick.de\/index.php?rest_route=%2Fwp%2Fv2%2Fcategories&post=1011"},{"taxonomy":"post_tag","embeddable":true,"href":"https:\/\/hpaulick.de\/index.php?rest_route=%2Fwp%2Fv2%2Ftags&post=1011"}],"curies":[{"name":"wp","href":"https:\/\/api.w.org\/{rel}","templated":true}]}}