{"id":1019,"date":"2023-09-04T05:22:22","date_gmt":"2023-09-04T05:22:22","guid":{"rendered":"http:\/\/hpaulick.de\/?p=1019"},"modified":"2023-09-04T05:22:22","modified_gmt":"2023-09-04T05:22:22","slug":"jugendliche-migranten-pruegeln-passant-krankenhausreif-und-aehnliche-taten","status":"publish","type":"post","link":"https:\/\/hpaulick.de\/?p=1019","title":{"rendered":"&#8222;Jugendliche Migranten pr\u00fcgeln Passant krankenhausreif und \u00e4hnliche Taten!&#8220;"},"content":{"rendered":"<div class=\"twitter-tweet\">\n<blockquote class=\"twitter-tweet\" data-lang=\"de\">\n<p lang=\"de\" dir=\"ltr\">&quot;Jugendliche Migranten pr\u00fcgeln Passant krankenhausreif und \u00e4hnliche Taten!&quot;<br \/>Liebe Ampel, warum wird von denen keiner nach HAUSE geschickt?<br \/>M\u00fcssen alle <a href=\"https:\/\/twitter.com\/hashtag\/B%C3%BCrger?src=hash&amp;ref_src=twsrc%5Etfw\">#B\u00fcrger<\/a> der MITTE erst AfD w\u00e4hlen, dass die Meinung und W\u00fcnsche der Mehrheit Geh\u00f6r findet?<br \/>Harald Paulick<a href=\"https:\/\/t.co\/wXYxH46axr\">https:\/\/t.co\/wXYxH46axr<\/a> <a href=\"https:\/\/t.co\/dXEuYA1WWt\">https:\/\/t.co\/dXEuYA1WWt<\/a><\/p>\n<p>&mdash; Kater Montecarlo (@KaterMontecarlo) <a href=\"https:\/\/twitter.com\/KaterMontecarlo\/status\/1698566802387681552?ref_src=twsrc%5Etfw\">4. September 2023<\/a><\/p><\/blockquote>\n<\/div>\n\n<div class=\"twitter-share\"><a href=\"https:\/\/twitter.com\/intent\/tweet?via=haraldpaulick\" class=\"twitter-share-button\" data-size=\"large\">Twittern<\/a><\/div>\n","protected":false},"excerpt":{"rendered":"<p>&quot;Jugendliche Migranten pr\u00fcgeln Passant krankenhausreif und \u00e4hnliche Taten!&quot;Liebe Ampel, warum wird von denen keiner nach HAUSE geschickt?M\u00fcssen alle #B\u00fcrger der MITTE erst AfD w\u00e4hlen, dass die Meinung und W\u00fcnsche der Mehrheit Geh\u00f6r findet?Harald Paulickhttps:\/\/t.co\/wXYxH46axr https:\/\/t.co\/dXEuYA1WWt &mdash; Kater Montecarlo (@KaterMontecarlo) 4. September 2023<\/p>\n","protected":false},"author":1,"featured_media":0,"comment_status":"closed","ping_status":"open","sticky":false,"template":"","format":"standard","meta":{"footnotes":""},"categories":[{"term_id":49,"name":"Deutschland schafft sich ab","slug":"deutschland-schafft-sich-ab","term_group":0,"term_taxonomy_id":49,"taxonomy":"category","description":"","parent":0,"count":663,"filter":"raw","cat_ID":49,"category_count":663,"category_description":"","cat_name":"Deutschland schafft sich ab","category_nicename":"deutschland-schafft-sich-ab","category_parent":0},{"term_id":30,"name":"GR\u00dcNE Murks Politik","slug":"gruene-murks-politik","term_group":0,"term_taxonomy_id":30,"taxonomy":"category","description":"","parent":0,"count":805,"filter":"raw","cat_ID":30,"category_count":805,"category_description":"","cat_name":"GR\u00dcNE Murks Politik","category_nicename":"gruene-murks-politik","category_parent":0},{"term_id":74,"name":"www.ewpd.de","slug":"www-ewpd-de","term_group":0,"term_taxonomy_id":74,"taxonomy":"category","description":"","parent":0,"count":36,"filter":"raw","cat_ID":74,"category_count":36,"category_description":"","cat_name":"www.ewpd.de","category_nicename":"www-ewpd-de","category_parent":0}],"tags":[],"class_list":["post-1019","post","type-post","status-publish","format-standard","hentry","category-deutschland-schafft-sich-ab","category-gruene-murks-politik","category-www-ewpd-de"],"images":{"thumbnail":false,"medium":false,"medium_large":false,"large":false,"full":false},"_links":{"self":[{"href":"https:\/\/hpaulick.de\/index.php?rest_route=\/wp\/v2\/posts\/1019","targetHints":{"allow":["GET"]}}],"collection":[{"href":"https:\/\/hpaulick.de\/index.php?rest_route=\/wp\/v2\/posts"}],"about":[{"href":"https:\/\/hpaulick.de\/index.php?rest_route=\/wp\/v2\/types\/post"}],"author":[{"embeddable":true,"href":"https:\/\/hpaulick.de\/index.php?rest_route=\/wp\/v2\/users\/1"}],"replies":[{"embeddable":true,"href":"https:\/\/hpaulick.de\/index.php?rest_route=%2Fwp%2Fv2%2Fcomments&post=1019"}],"version-history":[{"count":1,"href":"https:\/\/hpaulick.de\/index.php?rest_route=\/wp\/v2\/posts\/1019\/revisions"}],"predecessor-version":[{"id":1020,"href":"https:\/\/hpaulick.de\/index.php?rest_route=\/wp\/v2\/posts\/1019\/revisions\/1020"}],"wp:attachment":[{"href":"https:\/\/hpaulick.de\/index.php?rest_route=%2Fwp%2Fv2%2Fmedia&parent=1019"}],"wp:term":[{"taxonomy":"category","embeddable":true,"href":"https:\/\/hpaulick.de\/index.php?rest_route=%2Fwp%2Fv2%2Fcategories&post=1019"},{"taxonomy":"post_tag","embeddable":true,"href":"https:\/\/hpaulick.de\/index.php?rest_route=%2Fwp%2Fv2%2Ftags&post=1019"}],"curies":[{"name":"wp","href":"https:\/\/api.w.org\/{rel}","templated":true}]}}