{"id":1027,"date":"2023-09-08T07:55:19","date_gmt":"2023-09-08T07:55:19","guid":{"rendered":"http:\/\/hpaulick.de\/?p=1027"},"modified":"2023-09-08T07:56:07","modified_gmt":"2023-09-08T07:56:07","slug":"in-deutschland-gibt-es-noch-acht-lehrstuehle-fuer-kernforschung-aber-173-lehrstuehle-fuer-genderforschung","status":"publish","type":"post","link":"https:\/\/hpaulick.de\/?p=1027","title":{"rendered":"In Deutschland gibt es noch acht Lehrst\u00fchle f\u00fcr Kernforschung, aber 173 Lehrst\u00fchle f\u00fcr Genderforschung."},"content":{"rendered":"<div class=\"\" data-block=\"true\" data-editor=\"25odl\" data-offset-key=\"a8ron-0-0\">\n<div class=\"public-DraftStyleDefault-block public-DraftStyleDefault-ltr\" data-offset-key=\"a8ron-0-0\"><span data-offset-key=\"a8ron-0-0\">In Deutschland gibt es noch acht <\/span><span data-offset-key=\"a8ron-1-0\">#Lehrst\u00fchle<\/span><span data-offset-key=\"a8ron-2-0\"> f\u00fcr Kernforschung, aber 173 Lehrst\u00fchle f\u00fcr Genderforschung. DABEI ist noch kein GRAMM radioaktiven M\u00fclls in einem Endlager verschwunden. Die GR\u00dcNEN l\u00f6sen das PROBLEM Endlager nicht. Sie schieben ihre Probleme durch BILDUNGSMANGEL zu anderen REGIERUNGEN in der Zukunft, damit sie diese dann wieder kritisieren k\u00f6nnen!<\/span><\/div>\n<\/div>\n<div class=\"\" data-block=\"true\" data-editor=\"25odl\" data-offset-key=\"7ie37-0-0\">\n<div class=\"public-DraftStyleDefault-block public-DraftStyleDefault-ltr\" data-offset-key=\"7ie37-0-0\">\n<p><span data-offset-key=\"7ie37-0-0\">Man mu\u00df als REGIERUNG Priorit\u00e4ten setzen, auch wenn es aus Sicht der Mehrheit zz. 87% die FALSCHEN sind! Ist damit die Regierung falsch?<\/span><\/p>\n<p>87% SAGEN JA<\/p>\n<div class=\"twitter-tweet\">\n<blockquote class=\"twitter-tweet\" data-lang=\"de\">\n<p lang=\"de\" dir=\"ltr\">In Deutschland gibt es noch acht <a href=\"https:\/\/twitter.com\/hashtag\/Lehrst%C3%BChle?src=hash&amp;ref_src=twsrc%5Etfw\">#Lehrst\u00fchle<\/a> f\u00fcr Kernforschung, aber 173 Lehrst\u00fchle f\u00fcr Genderforschung.<br \/>Man mu\u00df als REGIERUNG Priorit\u00e4ten setzen, auch wenn es aus Sicht der Mehrheit zz. 87% die FALSCHEN sind! Ist damit die Regierung falsch?<br \/>Harald Paulick<a href=\"https:\/\/t.co\/GMpgLXrJXR\">https:\/\/t.co\/GMpgLXrJXR<\/a> <a href=\"https:\/\/t.co\/DZAlkfjz0v\">https:\/\/t.co\/DZAlkfjz0v<\/a><\/p>\n<p>&mdash; Friedliche Politische Mitte: zwischen AfD &amp; CDU (@Freund_WUPartei) <a href=\"https:\/\/twitter.com\/Freund_WUPartei\/status\/1700055260222345631?ref_src=twsrc%5Etfw\">8. September 2023<\/a><\/p><\/blockquote>\n<\/div>\n<\/div>\n<\/div>\n\n<div class=\"twitter-share\"><a href=\"https:\/\/twitter.com\/intent\/tweet?via=haraldpaulick\" class=\"twitter-share-button\" data-size=\"large\">Twittern<\/a><\/div>\n","protected":false},"excerpt":{"rendered":"<p>In Deutschland gibt es noch acht #Lehrst\u00fchle f\u00fcr Kernforschung, aber 173 Lehrst\u00fchle f\u00fcr Genderforschung. DABEI ist noch kein GRAMM radioaktiven M\u00fclls in einem Endlager verschwunden. Die GR\u00dcNEN l\u00f6sen das PROBLEM Endlager nicht. Sie schieben ihre Probleme durch BILDUNGSMANGEL zu anderen REGIERUNGEN in der Zukunft, damit sie diese dann wieder kritisieren k\u00f6nnen! Man mu\u00df als REGIERUNG &hellip; <a href=\"https:\/\/hpaulick.de\/?p=1027\" class=\"more-link\"><span class=\"screen-reader-text\">In Deutschland gibt es noch acht Lehrst\u00fchle f\u00fcr Kernforschung, aber 173 Lehrst\u00fchle f\u00fcr Genderforschung.<\/span> weiterlesen<\/a><\/p>\n","protected":false},"author":1,"featured_media":0,"comment_status":"closed","ping_status":"open","sticky":false,"template":"","format":"standard","meta":{"footnotes":""},"categories":[{"term_id":54,"name":"Bildungslose Politiker","slug":"bildungslose-politiker","term_group":0,"term_taxonomy_id":54,"taxonomy":"category","description":"","parent":0,"count":676,"filter":"raw","cat_ID":54,"category_count":676,"category_description":"","cat_name":"Bildungslose Politiker","category_nicename":"bildungslose-politiker","category_parent":0},{"term_id":49,"name":"Deutschland schafft sich ab","slug":"deutschland-schafft-sich-ab","term_group":0,"term_taxonomy_id":49,"taxonomy":"category","description":"","parent":0,"count":662,"filter":"raw","cat_ID":49,"category_count":662,"category_description":"","cat_name":"Deutschland schafft sich ab","category_nicename":"deutschland-schafft-sich-ab","category_parent":0},{"term_id":78,"name":"ewpd.de","slug":"ewpd-de","term_group":0,"term_taxonomy_id":78,"taxonomy":"category","description":"","parent":0,"count":16,"filter":"raw","cat_ID":78,"category_count":16,"category_description":"","cat_name":"ewpd.de","category_nicename":"ewpd-de","category_parent":0},{"term_id":30,"name":"GR\u00dcNE Murks Politik","slug":"gruene-murks-politik","term_group":0,"term_taxonomy_id":30,"taxonomy":"category","description":"","parent":0,"count":804,"filter":"raw","cat_ID":30,"category_count":804,"category_description":"","cat_name":"GR\u00dcNE Murks Politik","category_nicename":"gruene-murks-politik","category_parent":0},{"term_id":61,"name":"Klimawandel","slug":"klimawandel","term_group":0,"term_taxonomy_id":61,"taxonomy":"category","description":"","parent":0,"count":66,"filter":"raw","cat_ID":61,"category_count":66,"category_description":"","cat_name":"Klimawandel","category_nicename":"klimawandel","category_parent":0},{"term_id":75,"name":"Wirtschaft","slug":"wirtschaft","term_group":0,"term_taxonomy_id":75,"taxonomy":"category","description":"","parent":0,"count":55,"filter":"raw","cat_ID":75,"category_count":55,"category_description":"","cat_name":"Wirtschaft","category_nicename":"wirtschaft","category_parent":0}],"tags":[],"class_list":["post-1027","post","type-post","status-publish","format-standard","hentry","category-bildungslose-politiker","category-deutschland-schafft-sich-ab","category-ewpd-de","category-gruene-murks-politik","category-klimawandel","category-wirtschaft"],"images":{"thumbnail":false,"medium":false,"medium_large":false,"large":false,"full":false},"_links":{"self":[{"href":"https:\/\/hpaulick.de\/index.php?rest_route=\/wp\/v2\/posts\/1027","targetHints":{"allow":["GET"]}}],"collection":[{"href":"https:\/\/hpaulick.de\/index.php?rest_route=\/wp\/v2\/posts"}],"about":[{"href":"https:\/\/hpaulick.de\/index.php?rest_route=\/wp\/v2\/types\/post"}],"author":[{"embeddable":true,"href":"https:\/\/hpaulick.de\/index.php?rest_route=\/wp\/v2\/users\/1"}],"replies":[{"embeddable":true,"href":"https:\/\/hpaulick.de\/index.php?rest_route=%2Fwp%2Fv2%2Fcomments&post=1027"}],"version-history":[{"count":2,"href":"https:\/\/hpaulick.de\/index.php?rest_route=\/wp\/v2\/posts\/1027\/revisions"}],"predecessor-version":[{"id":1029,"href":"https:\/\/hpaulick.de\/index.php?rest_route=\/wp\/v2\/posts\/1027\/revisions\/1029"}],"wp:attachment":[{"href":"https:\/\/hpaulick.de\/index.php?rest_route=%2Fwp%2Fv2%2Fmedia&parent=1027"}],"wp:term":[{"taxonomy":"category","embeddable":true,"href":"https:\/\/hpaulick.de\/index.php?rest_route=%2Fwp%2Fv2%2Fcategories&post=1027"},{"taxonomy":"post_tag","embeddable":true,"href":"https:\/\/hpaulick.de\/index.php?rest_route=%2Fwp%2Fv2%2Ftags&post=1027"}],"curies":[{"name":"wp","href":"https:\/\/api.w.org\/{rel}","templated":true}]}}