{"id":1030,"date":"2023-09-08T08:11:32","date_gmt":"2023-09-08T08:11:32","guid":{"rendered":"http:\/\/hpaulick.de\/?p=1030"},"modified":"2023-09-08T08:11:32","modified_gmt":"2023-09-08T08:11:32","slug":"deutschland-fass-ohne-boden","status":"publish","type":"post","link":"https:\/\/hpaulick.de\/?p=1030","title":{"rendered":"Deutschland: Fass ohne Boden ?"},"content":{"rendered":"<div class=\"twitter-tweet\">\n<blockquote class=\"twitter-tweet\" data-lang=\"de\">\n<p lang=\"de\" dir=\"ltr\"><a href=\"https:\/\/twitter.com\/hashtag\/Deutschland?src=hash&amp;ref_src=twsrc%5Etfw\">#Deutschland<\/a>: <a href=\"https:\/\/twitter.com\/hashtag\/Fass?src=hash&amp;ref_src=twsrc%5Etfw\">#Fass<\/a> <a href=\"https:\/\/twitter.com\/hashtag\/ohne?src=hash&amp;ref_src=twsrc%5Etfw\">#ohne<\/a> <a href=\"https:\/\/twitter.com\/hashtag\/Boden?src=hash&amp;ref_src=twsrc%5Etfw\">#Boden<\/a><br \/>Stand heute <br \/>1\/4 <a href=\"https:\/\/twitter.com\/hashtag\/Rentner?src=hash&amp;ref_src=twsrc%5Etfw\">#Rentner<\/a>, die real immer weniger Kaufkraft haben<br \/>1\/4 <a href=\"https:\/\/twitter.com\/hashtag\/Arbeiter?src=hash&amp;ref_src=twsrc%5Etfw\">#Arbeiter<\/a> und <a href=\"https:\/\/twitter.com\/hashtag\/Angestellte?src=hash&amp;ref_src=twsrc%5Etfw\">#Angestellte<\/a>, die<br \/>2\/4 der Bev\u00f6lkerung ern\u00e4hren m\u00fcssen, weil die nicht arbeiten wollen oder k\u00f6nnen<\/p>\n<p>Sieht so der PLAN einer Regierung aus, wie ein LAND funktioniert <a href=\"https:\/\/t.co\/MzsCQOK3U4\">https:\/\/t.co\/MzsCQOK3U4<\/a><\/p>\n<p>&mdash; Wir brauchen durchgreifende ehrliche Politiker! (@DeutscheWaehler) <a href=\"https:\/\/twitter.com\/DeutscheWaehler\/status\/1700058787195801631?ref_src=twsrc%5Etfw\">8. September 2023<\/a><\/p><\/blockquote>\n<\/div>\n\n<div class=\"twitter-share\"><a href=\"https:\/\/twitter.com\/intent\/tweet?via=haraldpaulick\" class=\"twitter-share-button\" data-size=\"large\">Twittern<\/a><\/div>\n","protected":false},"excerpt":{"rendered":"<p>#Deutschland: #Fass #ohne #BodenStand heute 1\/4 #Rentner, die real immer weniger Kaufkraft haben1\/4 #Arbeiter und #Angestellte, die2\/4 der Bev\u00f6lkerung ern\u00e4hren m\u00fcssen, weil die nicht arbeiten wollen oder k\u00f6nnen Sieht so der PLAN einer Regierung aus, wie ein LAND funktioniert https:\/\/t.co\/MzsCQOK3U4 &mdash; Wir brauchen durchgreifende ehrliche Politiker! (@DeutscheWaehler) 8. September 2023<\/p>\n","protected":false},"author":1,"featured_media":0,"comment_status":"closed","ping_status":"open","sticky":false,"template":"","format":"standard","meta":{"footnotes":""},"categories":[{"term_id":54,"name":"Bildungslose Politiker","slug":"bildungslose-politiker","term_group":0,"term_taxonomy_id":54,"taxonomy":"category","description":"","parent":0,"count":676,"filter":"raw","cat_ID":54,"category_count":676,"category_description":"","cat_name":"Bildungslose Politiker","category_nicename":"bildungslose-politiker","category_parent":0},{"term_id":49,"name":"Deutschland schafft sich ab","slug":"deutschland-schafft-sich-ab","term_group":0,"term_taxonomy_id":49,"taxonomy":"category","description":"","parent":0,"count":663,"filter":"raw","cat_ID":49,"category_count":663,"category_description":"","cat_name":"Deutschland schafft sich ab","category_nicename":"deutschland-schafft-sich-ab","category_parent":0},{"term_id":30,"name":"GR\u00dcNE Murks Politik","slug":"gruene-murks-politik","term_group":0,"term_taxonomy_id":30,"taxonomy":"category","description":"","parent":0,"count":805,"filter":"raw","cat_ID":30,"category_count":805,"category_description":"","cat_name":"GR\u00dcNE Murks Politik","category_nicename":"gruene-murks-politik","category_parent":0},{"term_id":79,"name":"SPD","slug":"spd","term_group":0,"term_taxonomy_id":79,"taxonomy":"category","description":"","parent":0,"count":232,"filter":"raw","cat_ID":79,"category_count":232,"category_description":"","cat_name":"SPD","category_nicename":"spd","category_parent":0},{"term_id":74,"name":"www.ewpd.de","slug":"www-ewpd-de","term_group":0,"term_taxonomy_id":74,"taxonomy":"category","description":"","parent":0,"count":36,"filter":"raw","cat_ID":74,"category_count":36,"category_description":"","cat_name":"www.ewpd.de","category_nicename":"www-ewpd-de","category_parent":0}],"tags":[],"class_list":["post-1030","post","type-post","status-publish","format-standard","hentry","category-bildungslose-politiker","category-deutschland-schafft-sich-ab","category-gruene-murks-politik","category-spd","category-www-ewpd-de"],"images":{"thumbnail":false,"medium":false,"medium_large":false,"large":false,"full":false},"_links":{"self":[{"href":"https:\/\/hpaulick.de\/index.php?rest_route=\/wp\/v2\/posts\/1030","targetHints":{"allow":["GET"]}}],"collection":[{"href":"https:\/\/hpaulick.de\/index.php?rest_route=\/wp\/v2\/posts"}],"about":[{"href":"https:\/\/hpaulick.de\/index.php?rest_route=\/wp\/v2\/types\/post"}],"author":[{"embeddable":true,"href":"https:\/\/hpaulick.de\/index.php?rest_route=\/wp\/v2\/users\/1"}],"replies":[{"embeddable":true,"href":"https:\/\/hpaulick.de\/index.php?rest_route=%2Fwp%2Fv2%2Fcomments&post=1030"}],"version-history":[{"count":1,"href":"https:\/\/hpaulick.de\/index.php?rest_route=\/wp\/v2\/posts\/1030\/revisions"}],"predecessor-version":[{"id":1031,"href":"https:\/\/hpaulick.de\/index.php?rest_route=\/wp\/v2\/posts\/1030\/revisions\/1031"}],"wp:attachment":[{"href":"https:\/\/hpaulick.de\/index.php?rest_route=%2Fwp%2Fv2%2Fmedia&parent=1030"}],"wp:term":[{"taxonomy":"category","embeddable":true,"href":"https:\/\/hpaulick.de\/index.php?rest_route=%2Fwp%2Fv2%2Fcategories&post=1030"},{"taxonomy":"post_tag","embeddable":true,"href":"https:\/\/hpaulick.de\/index.php?rest_route=%2Fwp%2Fv2%2Ftags&post=1030"}],"curies":[{"name":"wp","href":"https:\/\/api.w.org\/{rel}","templated":true}]}}