{"id":1034,"date":"2023-09-08T14:25:02","date_gmt":"2023-09-08T14:25:02","guid":{"rendered":"http:\/\/hpaulick.de\/?p=1034"},"modified":"2023-09-08T14:25:02","modified_gmt":"2023-09-08T14:25:02","slug":"baerbock-lehnt-ausweitung-sicherer-herkunftslaender-ab","status":"publish","type":"post","link":"https:\/\/hpaulick.de\/?p=1034","title":{"rendered":"Baerbock lehnt Ausweitung sicherer Herkunftsl\u00e4nder ab"},"content":{"rendered":"<div class=\"twitter-tweet\">\n<blockquote class=\"twitter-tweet\" data-lang=\"de\">\n<p lang=\"de\" dir=\"ltr\"><a href=\"https:\/\/twitter.com\/hashtag\/Baerbock?src=hash&amp;ref_src=twsrc%5Etfw\">#Baerbock<\/a> lehnt Ausweitung sicherer <a href=\"https:\/\/twitter.com\/hashtag\/Herkunftsl%C3%A4nder?src=hash&amp;ref_src=twsrc%5Etfw\">#Herkunftsl\u00e4nder<\/a> ab<br \/>1. Alle L\u00e4nder in die mehr als 1000 DEUTSCHE gefahrlos in den URLAUB reisen k\u00f6nnen, sind sichere Herkunftsl\u00e4nder<br \/>Sonst m\u00fc\u00dfte es ja eine REISEWARNUNG geben<br \/>2. Jeder der unsere Gastfreundschaft missbraucht wird zur\u00fcckgeschickt <a href=\"https:\/\/t.co\/FA4Hz0LLpr\">https:\/\/t.co\/FA4Hz0LLpr<\/a><\/p>\n<p>&mdash; Kater Montecarlo (@KaterMontecarlo) <a href=\"https:\/\/twitter.com\/KaterMontecarlo\/status\/1700152965451964802?ref_src=twsrc%5Etfw\">8. September 2023<\/a><\/p><\/blockquote>\n<\/div>\n\n<div class=\"twitter-share\"><a href=\"https:\/\/twitter.com\/intent\/tweet?via=haraldpaulick\" class=\"twitter-share-button\" data-size=\"large\">Twittern<\/a><\/div>\n","protected":false},"excerpt":{"rendered":"<p>#Baerbock lehnt Ausweitung sicherer #Herkunftsl\u00e4nder ab1. Alle L\u00e4nder in die mehr als 1000 DEUTSCHE gefahrlos in den URLAUB reisen k\u00f6nnen, sind sichere Herkunftsl\u00e4nderSonst m\u00fc\u00dfte es ja eine REISEWARNUNG geben2. Jeder der unsere Gastfreundschaft missbraucht wird zur\u00fcckgeschickt https:\/\/t.co\/FA4Hz0LLpr &mdash; Kater Montecarlo (@KaterMontecarlo) 8. September 2023<\/p>\n","protected":false},"author":1,"featured_media":0,"comment_status":"closed","ping_status":"open","sticky":false,"template":"","format":"standard","meta":{"footnotes":""},"categories":[{"term_id":27,"name":"Asylpolitik","slug":"asylpolitik","term_group":0,"term_taxonomy_id":27,"taxonomy":"category","description":"","parent":0,"count":326,"filter":"raw","cat_ID":27,"category_count":326,"category_description":"","cat_name":"Asylpolitik","category_nicename":"asylpolitik","category_parent":0},{"term_id":49,"name":"Deutschland schafft sich ab","slug":"deutschland-schafft-sich-ab","term_group":0,"term_taxonomy_id":49,"taxonomy":"category","description":"","parent":0,"count":663,"filter":"raw","cat_ID":49,"category_count":663,"category_description":"","cat_name":"Deutschland schafft sich ab","category_nicename":"deutschland-schafft-sich-ab","category_parent":0},{"term_id":78,"name":"ewpd.de","slug":"ewpd-de","term_group":0,"term_taxonomy_id":78,"taxonomy":"category","description":"","parent":0,"count":16,"filter":"raw","cat_ID":78,"category_count":16,"category_description":"","cat_name":"ewpd.de","category_nicename":"ewpd-de","category_parent":0},{"term_id":65,"name":"Fl\u00fcchtlinge","slug":"fluechtlinge","term_group":0,"term_taxonomy_id":65,"taxonomy":"category","description":"","parent":0,"count":187,"filter":"raw","cat_ID":65,"category_count":187,"category_description":"","cat_name":"Fl\u00fcchtlinge","category_nicename":"fluechtlinge","category_parent":0},{"term_id":30,"name":"GR\u00dcNE Murks Politik","slug":"gruene-murks-politik","term_group":0,"term_taxonomy_id":30,"taxonomy":"category","description":"","parent":0,"count":805,"filter":"raw","cat_ID":30,"category_count":805,"category_description":"","cat_name":"GR\u00dcNE Murks Politik","category_nicename":"gruene-murks-politik","category_parent":0},{"term_id":34,"name":"Wahl 2025 Bundestag","slug":"wahl-2025-bundestag","term_group":0,"term_taxonomy_id":34,"taxonomy":"category","description":"","parent":0,"count":120,"filter":"raw","cat_ID":34,"category_count":120,"category_description":"","cat_name":"Wahl 2025 Bundestag","category_nicename":"wahl-2025-bundestag","category_parent":0},{"term_id":74,"name":"www.ewpd.de","slug":"www-ewpd-de","term_group":0,"term_taxonomy_id":74,"taxonomy":"category","description":"","parent":0,"count":36,"filter":"raw","cat_ID":74,"category_count":36,"category_description":"","cat_name":"www.ewpd.de","category_nicename":"www-ewpd-de","category_parent":0}],"tags":[],"class_list":["post-1034","post","type-post","status-publish","format-standard","hentry","category-asylpolitik","category-deutschland-schafft-sich-ab","category-ewpd-de","category-fluechtlinge","category-gruene-murks-politik","category-wahl-2025-bundestag","category-www-ewpd-de"],"images":{"thumbnail":false,"medium":false,"medium_large":false,"large":false,"full":false},"_links":{"self":[{"href":"https:\/\/hpaulick.de\/index.php?rest_route=\/wp\/v2\/posts\/1034","targetHints":{"allow":["GET"]}}],"collection":[{"href":"https:\/\/hpaulick.de\/index.php?rest_route=\/wp\/v2\/posts"}],"about":[{"href":"https:\/\/hpaulick.de\/index.php?rest_route=\/wp\/v2\/types\/post"}],"author":[{"embeddable":true,"href":"https:\/\/hpaulick.de\/index.php?rest_route=\/wp\/v2\/users\/1"}],"replies":[{"embeddable":true,"href":"https:\/\/hpaulick.de\/index.php?rest_route=%2Fwp%2Fv2%2Fcomments&post=1034"}],"version-history":[{"count":1,"href":"https:\/\/hpaulick.de\/index.php?rest_route=\/wp\/v2\/posts\/1034\/revisions"}],"predecessor-version":[{"id":1035,"href":"https:\/\/hpaulick.de\/index.php?rest_route=\/wp\/v2\/posts\/1034\/revisions\/1035"}],"wp:attachment":[{"href":"https:\/\/hpaulick.de\/index.php?rest_route=%2Fwp%2Fv2%2Fmedia&parent=1034"}],"wp:term":[{"taxonomy":"category","embeddable":true,"href":"https:\/\/hpaulick.de\/index.php?rest_route=%2Fwp%2Fv2%2Fcategories&post=1034"},{"taxonomy":"post_tag","embeddable":true,"href":"https:\/\/hpaulick.de\/index.php?rest_route=%2Fwp%2Fv2%2Ftags&post=1034"}],"curies":[{"name":"wp","href":"https:\/\/api.w.org\/{rel}","templated":true}]}}