{"id":1038,"date":"2023-09-09T05:58:59","date_gmt":"2023-09-09T05:58:59","guid":{"rendered":"http:\/\/hpaulick.de\/?p=1038"},"modified":"2023-09-09T05:58:59","modified_gmt":"2023-09-09T05:58:59","slug":"neuwahlen-fordern-und-was-dann-union-spd-oder-union-gruene","status":"publish","type":"post","link":"https:\/\/hpaulick.de\/?p=1038","title":{"rendered":"Neuwahlen fordern? UND WAS DANN? UNION \/ SPD oder UNION \/ GR\u00dcNE?"},"content":{"rendered":"<div class=\"twitter-tweet\">\n<blockquote class=\"twitter-tweet\" data-lang=\"de\">\n<p lang=\"de\" dir=\"ltr\"><a href=\"https:\/\/twitter.com\/hashtag\/Neuwahlen?src=hash&amp;ref_src=twsrc%5Etfw\">#Neuwahlen<\/a> fordern?<br \/>Nehmen wir an morgen 10.09.2023 sind NEUWAHLEN!<br \/>Prognose im Bild bedeutet, dass wir zwischen Pest &amp; Cholera ausw\u00e4hlen m\u00fcssen<br \/>Letztendlich w\u00fcrde UNION mit der SPD oder den GR\u00dcNEN regieren<br \/>Brauchen echte Alternativen<br \/>AfD daf\u00fcr ungeeignet<a href=\"https:\/\/t.co\/ToNIeOAMaP\">https:\/\/t.co\/ToNIeOAMaP<\/a> <a href=\"https:\/\/t.co\/JDT5TdE9Ba\">https:\/\/t.co\/JDT5TdE9Ba<\/a> <a href=\"https:\/\/t.co\/CcSasIzkIO\">pic.twitter.com\/CcSasIzkIO<\/a><\/p>\n<p>&mdash; Menippeischer Satiriker, Blogger, Schriftsteller (@Scheinheilig16) <a href=\"https:\/\/twitter.com\/Scheinheilig16\/status\/1700387510143111615?ref_src=twsrc%5Etfw\">9. September 2023<\/a><\/p><\/blockquote>\n<\/div>\n\n<div class=\"twitter-share\"><a href=\"https:\/\/twitter.com\/intent\/tweet?via=haraldpaulick\" class=\"twitter-share-button\" data-size=\"large\">Twittern<\/a><\/div>\n","protected":false},"excerpt":{"rendered":"<p>#Neuwahlen fordern?Nehmen wir an morgen 10.09.2023 sind NEUWAHLEN!Prognose im Bild bedeutet, dass wir zwischen Pest &amp; Cholera ausw\u00e4hlen m\u00fcssenLetztendlich w\u00fcrde UNION mit der SPD oder den GR\u00dcNEN regierenBrauchen echte AlternativenAfD daf\u00fcr ungeeignethttps:\/\/t.co\/ToNIeOAMaP https:\/\/t.co\/JDT5TdE9Ba pic.twitter.com\/CcSasIzkIO &mdash; Menippeischer Satiriker, Blogger, Schriftsteller (@Scheinheilig16) 9. September 2023<\/p>\n","protected":false},"author":1,"featured_media":0,"comment_status":"closed","ping_status":"open","sticky":false,"template":"","format":"standard","meta":{"footnotes":""},"categories":[{"term_id":54,"name":"Bildungslose Politiker","slug":"bildungslose-politiker","term_group":0,"term_taxonomy_id":54,"taxonomy":"category","description":"","parent":0,"count":676,"filter":"raw","cat_ID":54,"category_count":676,"category_description":"","cat_name":"Bildungslose Politiker","category_nicename":"bildungslose-politiker","category_parent":0},{"term_id":49,"name":"Deutschland schafft sich ab","slug":"deutschland-schafft-sich-ab","term_group":0,"term_taxonomy_id":49,"taxonomy":"category","description":"","parent":0,"count":663,"filter":"raw","cat_ID":49,"category_count":663,"category_description":"","cat_name":"Deutschland schafft sich ab","category_nicename":"deutschland-schafft-sich-ab","category_parent":0},{"term_id":78,"name":"ewpd.de","slug":"ewpd-de","term_group":0,"term_taxonomy_id":78,"taxonomy":"category","description":"","parent":0,"count":16,"filter":"raw","cat_ID":78,"category_count":16,"category_description":"","cat_name":"ewpd.de","category_nicename":"ewpd-de","category_parent":0},{"term_id":30,"name":"GR\u00dcNE Murks Politik","slug":"gruene-murks-politik","term_group":0,"term_taxonomy_id":30,"taxonomy":"category","description":"","parent":0,"count":805,"filter":"raw","cat_ID":30,"category_count":805,"category_description":"","cat_name":"GR\u00dcNE Murks Politik","category_nicename":"gruene-murks-politik","category_parent":0},{"term_id":40,"name":"Partei ohne ARSCH in der HOSE","slug":"partei-ohne-arsch-in-der-hose","term_group":0,"term_taxonomy_id":40,"taxonomy":"category","description":"","parent":0,"count":236,"filter":"raw","cat_ID":40,"category_count":236,"category_description":"","cat_name":"Partei ohne ARSCH in der HOSE","category_nicename":"partei-ohne-arsch-in-der-hose","category_parent":0},{"term_id":39,"name":"Verbotskoalition","slug":"verbotskoalition","term_group":0,"term_taxonomy_id":39,"taxonomy":"category","description":"","parent":0,"count":248,"filter":"raw","cat_ID":39,"category_count":248,"category_description":"","cat_name":"Verbotskoalition","category_nicename":"verbotskoalition","category_parent":0},{"term_id":74,"name":"www.ewpd.de","slug":"www-ewpd-de","term_group":0,"term_taxonomy_id":74,"taxonomy":"category","description":"","parent":0,"count":36,"filter":"raw","cat_ID":74,"category_count":36,"category_description":"","cat_name":"www.ewpd.de","category_nicename":"www-ewpd-de","category_parent":0}],"tags":[],"class_list":["post-1038","post","type-post","status-publish","format-standard","hentry","category-bildungslose-politiker","category-deutschland-schafft-sich-ab","category-ewpd-de","category-gruene-murks-politik","category-partei-ohne-arsch-in-der-hose","category-verbotskoalition","category-www-ewpd-de"],"images":{"thumbnail":false,"medium":false,"medium_large":false,"large":false,"full":false},"_links":{"self":[{"href":"https:\/\/hpaulick.de\/index.php?rest_route=\/wp\/v2\/posts\/1038","targetHints":{"allow":["GET"]}}],"collection":[{"href":"https:\/\/hpaulick.de\/index.php?rest_route=\/wp\/v2\/posts"}],"about":[{"href":"https:\/\/hpaulick.de\/index.php?rest_route=\/wp\/v2\/types\/post"}],"author":[{"embeddable":true,"href":"https:\/\/hpaulick.de\/index.php?rest_route=\/wp\/v2\/users\/1"}],"replies":[{"embeddable":true,"href":"https:\/\/hpaulick.de\/index.php?rest_route=%2Fwp%2Fv2%2Fcomments&post=1038"}],"version-history":[{"count":1,"href":"https:\/\/hpaulick.de\/index.php?rest_route=\/wp\/v2\/posts\/1038\/revisions"}],"predecessor-version":[{"id":1039,"href":"https:\/\/hpaulick.de\/index.php?rest_route=\/wp\/v2\/posts\/1038\/revisions\/1039"}],"wp:attachment":[{"href":"https:\/\/hpaulick.de\/index.php?rest_route=%2Fwp%2Fv2%2Fmedia&parent=1038"}],"wp:term":[{"taxonomy":"category","embeddable":true,"href":"https:\/\/hpaulick.de\/index.php?rest_route=%2Fwp%2Fv2%2Fcategories&post=1038"},{"taxonomy":"post_tag","embeddable":true,"href":"https:\/\/hpaulick.de\/index.php?rest_route=%2Fwp%2Fv2%2Ftags&post=1038"}],"curies":[{"name":"wp","href":"https:\/\/api.w.org\/{rel}","templated":true}]}}