{"id":1055,"date":"2023-10-14T09:43:02","date_gmt":"2023-10-14T09:43:02","guid":{"rendered":"http:\/\/hpaulick.de\/?p=1055"},"modified":"2023-10-14T09:43:18","modified_gmt":"2023-10-14T09:43:18","slug":"freie-waehler-die-sinvollste-alternative-zu-gruenen-und-afd","status":"publish","type":"post","link":"https:\/\/hpaulick.de\/?p=1055","title":{"rendered":"Freie W\u00e4hler, die sinnvollste Alternative zu GR\u00dcNEN und AfD!"},"content":{"rendered":"<div class=\"\" data-block=\"true\" data-editor=\"c9f67\" data-offset-key=\"8l38-0-0\">\n<div class=\"public-DraftStyleDefault-block public-DraftStyleDefault-ltr\" data-offset-key=\"8l38-0-0\"><span data-offset-key=\"8l38-0-0\">Halte die FREIEN W\u00e4hler f\u00fcr die bessere Wahl als die AfD<\/span><\/div>\n<\/div>\n<div class=\"\" data-block=\"true\" data-editor=\"c9f67\" data-offset-key=\"6j868-0-0\">\n<div class=\"public-DraftStyleDefault-block public-DraftStyleDefault-ltr\" data-offset-key=\"6j868-0-0\"><span data-offset-key=\"6j868-0-0\">B\u00fcrgerlich konservative Partei, bei der man noch gestalten kann<\/span><\/div>\n<\/div>\n<div class=\"\" data-block=\"true\" data-editor=\"c9f67\" data-offset-key=\"1h34l-0-0\">\n<div class=\"public-DraftStyleDefault-block public-DraftStyleDefault-ltr\" data-offset-key=\"1h34l-0-0\"><span data-offset-key=\"1h34l-0-0\">Wer Altparteien nicht mehr traut und BRAUNE EXPERIMENTE nicht will, hat 2 Alternativen:<\/span><\/div>\n<\/div>\n<div class=\"\" data-block=\"true\" data-editor=\"c9f67\" data-offset-key=\"6r5tr-0-0\">\n<div class=\"public-DraftStyleDefault-block public-DraftStyleDefault-ltr\" data-offset-key=\"6r5tr-0-0\"><span data-offset-key=\"6r5tr-0-0\">www.ewpd.de<\/span><span data-offset-key=\"6r5tr-1-0\"> und Freie W\u00e4hler<\/span><\/div>\n<\/div>\n<div class=\"\" data-block=\"true\" data-editor=\"c9f67\" data-offset-key=\"d96tr-0-0\">\n<div class=\"public-DraftStyleDefault-block public-DraftStyleDefault-ltr\" data-offset-key=\"d96tr-0-0\"><span data-offset-key=\"d96tr-0-0\">\u00a0<\/span><\/div>\n<\/div>\n<div class=\"\" data-block=\"true\" data-editor=\"c9f67\" data-offset-key=\"ei4kb-0-0\">\n<div class=\"public-DraftStyleDefault-block public-DraftStyleDefault-ltr\" data-offset-key=\"ei4kb-0-0\"><span data-offset-key=\"ei4kb-0-0\">So kann es nicht weitergehen.<\/span><\/div>\n<\/div>\n\n<div class=\"twitter-share\"><a href=\"https:\/\/twitter.com\/intent\/tweet?via=haraldpaulick\" class=\"twitter-share-button\" data-size=\"large\">Twittern<\/a><\/div>\n","protected":false},"excerpt":{"rendered":"<p>Halte die FREIEN W\u00e4hler f\u00fcr die bessere Wahl als die AfD B\u00fcrgerlich konservative Partei, bei der man noch gestalten kann Wer Altparteien nicht mehr traut und BRAUNE EXPERIMENTE nicht will, hat 2 Alternativen: www.ewpd.de und Freie W\u00e4hler \u00a0 So kann es nicht weitergehen.<\/p>\n","protected":false},"author":1,"featured_media":0,"comment_status":"closed","ping_status":"open","sticky":false,"template":"","format":"standard","meta":{"footnotes":""},"categories":[{"term_id":42,"name":"AfD","slug":"afd","term_group":0,"term_taxonomy_id":42,"taxonomy":"category","description":"","parent":0,"count":119,"filter":"raw","cat_ID":42,"category_count":119,"category_description":"","cat_name":"AfD","category_nicename":"afd","category_parent":0},{"term_id":78,"name":"ewpd.de","slug":"ewpd-de","term_group":0,"term_taxonomy_id":78,"taxonomy":"category","description":"","parent":0,"count":16,"filter":"raw","cat_ID":78,"category_count":16,"category_description":"","cat_name":"ewpd.de","category_nicename":"ewpd-de","category_parent":0},{"term_id":30,"name":"GR\u00dcNE Murks Politik","slug":"gruene-murks-politik","term_group":0,"term_taxonomy_id":30,"taxonomy":"category","description":"","parent":0,"count":804,"filter":"raw","cat_ID":30,"category_count":804,"category_description":"","cat_name":"GR\u00dcNE Murks Politik","category_nicename":"gruene-murks-politik","category_parent":0},{"term_id":34,"name":"Wahl 2025 Bundestag","slug":"wahl-2025-bundestag","term_group":0,"term_taxonomy_id":34,"taxonomy":"category","description":"","parent":0,"count":120,"filter":"raw","cat_ID":34,"category_count":120,"category_description":"","cat_name":"Wahl 2025 Bundestag","category_nicename":"wahl-2025-bundestag","category_parent":0},{"term_id":74,"name":"www.ewpd.de","slug":"www-ewpd-de","term_group":0,"term_taxonomy_id":74,"taxonomy":"category","description":"","parent":0,"count":36,"filter":"raw","cat_ID":74,"category_count":36,"category_description":"","cat_name":"www.ewpd.de","category_nicename":"www-ewpd-de","category_parent":0}],"tags":[],"class_list":["post-1055","post","type-post","status-publish","format-standard","hentry","category-afd","category-ewpd-de","category-gruene-murks-politik","category-wahl-2025-bundestag","category-www-ewpd-de"],"images":{"thumbnail":false,"medium":false,"medium_large":false,"large":false,"full":false},"_links":{"self":[{"href":"https:\/\/hpaulick.de\/index.php?rest_route=\/wp\/v2\/posts\/1055","targetHints":{"allow":["GET"]}}],"collection":[{"href":"https:\/\/hpaulick.de\/index.php?rest_route=\/wp\/v2\/posts"}],"about":[{"href":"https:\/\/hpaulick.de\/index.php?rest_route=\/wp\/v2\/types\/post"}],"author":[{"embeddable":true,"href":"https:\/\/hpaulick.de\/index.php?rest_route=\/wp\/v2\/users\/1"}],"replies":[{"embeddable":true,"href":"https:\/\/hpaulick.de\/index.php?rest_route=%2Fwp%2Fv2%2Fcomments&post=1055"}],"version-history":[{"count":2,"href":"https:\/\/hpaulick.de\/index.php?rest_route=\/wp\/v2\/posts\/1055\/revisions"}],"predecessor-version":[{"id":1057,"href":"https:\/\/hpaulick.de\/index.php?rest_route=\/wp\/v2\/posts\/1055\/revisions\/1057"}],"wp:attachment":[{"href":"https:\/\/hpaulick.de\/index.php?rest_route=%2Fwp%2Fv2%2Fmedia&parent=1055"}],"wp:term":[{"taxonomy":"category","embeddable":true,"href":"https:\/\/hpaulick.de\/index.php?rest_route=%2Fwp%2Fv2%2Fcategories&post=1055"},{"taxonomy":"post_tag","embeddable":true,"href":"https:\/\/hpaulick.de\/index.php?rest_route=%2Fwp%2Fv2%2Ftags&post=1055"}],"curies":[{"name":"wp","href":"https:\/\/api.w.org\/{rel}","templated":true}]}}