{"id":1073,"date":"2023-10-20T09:35:28","date_gmt":"2023-10-20T09:35:28","guid":{"rendered":"http:\/\/hpaulick.de\/?p=1073"},"modified":"2023-10-20T09:35:28","modified_gmt":"2023-10-20T09:35:28","slug":"der-unterschied-zwischen-gutmenschen-und-realisten","status":"publish","type":"post","link":"https:\/\/hpaulick.de\/?p=1073","title":{"rendered":"Der Unterschied zwischen Gutmenschen und Realisten!"},"content":{"rendered":"<div class=\"\" data-block=\"true\" data-editor=\"4tiq3\" data-offset-key=\"frsss-0-0\">\n<div class=\"public-DraftStyleDefault-block public-DraftStyleDefault-ltr\" data-offset-key=\"frsss-0-0\"><span data-offset-key=\"frsss-0-0\">Gutmensch<\/span><\/div>\n<\/div>\n<div class=\"\" data-block=\"true\" data-editor=\"4tiq3\" data-offset-key=\"ass5b-0-0\">\n<div class=\"public-DraftStyleDefault-block public-DraftStyleDefault-ltr\" data-offset-key=\"ass5b-0-0\"><span data-offset-key=\"ass5b-0-0\">Jeder Mensch sollte sich immer vor Augen halten, wie viel mehr er besitzt, als er braucht, und wie viel ungl\u00fccklicher er sein k\u00f6nnte, als er wirklich ist.<\/span><\/div>\n<\/div>\n<div class=\"\" data-block=\"true\" data-editor=\"4tiq3\" data-offset-key=\"8i9uh-0-0\">\n<div class=\"public-DraftStyleDefault-block public-DraftStyleDefault-ltr\" data-offset-key=\"8i9uh-0-0\"><span data-offset-key=\"8i9uh-0-0\">Joseph Addison<\/span><\/div>\n<\/div>\n<div class=\"\" data-block=\"true\" data-editor=\"4tiq3\" data-offset-key=\"b2bvc-0-0\">\n<div class=\"public-DraftStyleDefault-block public-DraftStyleDefault-ltr\" data-offset-key=\"b2bvc-0-0\"><span data-offset-key=\"b2bvc-0-0\">*<\/span><\/div>\n<\/div>\n<div class=\"\" data-block=\"true\" data-editor=\"4tiq3\" data-offset-key=\"ebdg8-0-0\">\n<div class=\"public-DraftStyleDefault-block public-DraftStyleDefault-ltr\" data-offset-key=\"ebdg8-0-0\"><span data-offset-key=\"ebdg8-0-0\">Realist<\/span><\/div>\n<\/div>\n<div class=\"\" data-block=\"true\" data-editor=\"4tiq3\" data-offset-key=\"beqev-0-0\">\n<div class=\"public-DraftStyleDefault-block public-DraftStyleDefault-ltr\" data-offset-key=\"beqev-0-0\"><span data-offset-key=\"beqev-0-0\">Wie haben unsere Kinder zu Schafen erzogen &amp; holen uns die W\u00f6lfe ins Land.<\/span><\/div>\n<\/div>\n<div class=\"\" data-block=\"true\" data-editor=\"4tiq3\" data-offset-key=\"dupbh-0-0\">\n<div class=\"public-DraftStyleDefault-block public-DraftStyleDefault-ltr\" data-offset-key=\"dupbh-0-0\"><span data-offset-key=\"dupbh-0-0\">Bj\u00f6rn H\u00f6cke<\/span><\/div>\n<\/div>\n<div class=\"\" data-block=\"true\" data-editor=\"4tiq3\" data-offset-key=\"5n48o-0-0\">\n<div class=\"public-DraftStyleDefault-block public-DraftStyleDefault-ltr\" data-offset-key=\"5n48o-0-0\"><span data-offset-key=\"5n48o-0-0\">AfD<\/span><\/div>\n<\/div>\n\n<div class=\"twitter-share\"><a href=\"https:\/\/twitter.com\/intent\/tweet?via=haraldpaulick\" class=\"twitter-share-button\" data-size=\"large\">Twittern<\/a><\/div>\n","protected":false},"excerpt":{"rendered":"<p>Gutmensch Jeder Mensch sollte sich immer vor Augen halten, wie viel mehr er besitzt, als er braucht, und wie viel ungl\u00fccklicher er sein k\u00f6nnte, als er wirklich ist. Joseph Addison * Realist Wie haben unsere Kinder zu Schafen erzogen &amp; holen uns die W\u00f6lfe ins Land. Bj\u00f6rn H\u00f6cke AfD<\/p>\n","protected":false},"author":1,"featured_media":0,"comment_status":"closed","ping_status":"open","sticky":false,"template":"","format":"standard","meta":{"footnotes":""},"categories":[{"term_id":42,"name":"AfD","slug":"afd","term_group":0,"term_taxonomy_id":42,"taxonomy":"category","description":"","parent":0,"count":121,"filter":"raw","cat_ID":42,"category_count":121,"category_description":"","cat_name":"AfD","category_nicename":"afd","category_parent":0},{"term_id":49,"name":"Deutschland schafft sich ab","slug":"deutschland-schafft-sich-ab","term_group":0,"term_taxonomy_id":49,"taxonomy":"category","description":"","parent":0,"count":663,"filter":"raw","cat_ID":49,"category_count":663,"category_description":"","cat_name":"Deutschland schafft sich ab","category_nicename":"deutschland-schafft-sich-ab","category_parent":0},{"term_id":30,"name":"GR\u00dcNE Murks Politik","slug":"gruene-murks-politik","term_group":0,"term_taxonomy_id":30,"taxonomy":"category","description":"","parent":0,"count":805,"filter":"raw","cat_ID":30,"category_count":805,"category_description":"","cat_name":"GR\u00dcNE Murks Politik","category_nicename":"gruene-murks-politik","category_parent":0},{"term_id":34,"name":"Wahl 2025 Bundestag","slug":"wahl-2025-bundestag","term_group":0,"term_taxonomy_id":34,"taxonomy":"category","description":"","parent":0,"count":120,"filter":"raw","cat_ID":34,"category_count":120,"category_description":"","cat_name":"Wahl 2025 Bundestag","category_nicename":"wahl-2025-bundestag","category_parent":0}],"tags":[],"class_list":["post-1073","post","type-post","status-publish","format-standard","hentry","category-afd","category-deutschland-schafft-sich-ab","category-gruene-murks-politik","category-wahl-2025-bundestag"],"images":{"thumbnail":false,"medium":false,"medium_large":false,"large":false,"full":false},"_links":{"self":[{"href":"https:\/\/hpaulick.de\/index.php?rest_route=\/wp\/v2\/posts\/1073","targetHints":{"allow":["GET"]}}],"collection":[{"href":"https:\/\/hpaulick.de\/index.php?rest_route=\/wp\/v2\/posts"}],"about":[{"href":"https:\/\/hpaulick.de\/index.php?rest_route=\/wp\/v2\/types\/post"}],"author":[{"embeddable":true,"href":"https:\/\/hpaulick.de\/index.php?rest_route=\/wp\/v2\/users\/1"}],"replies":[{"embeddable":true,"href":"https:\/\/hpaulick.de\/index.php?rest_route=%2Fwp%2Fv2%2Fcomments&post=1073"}],"version-history":[{"count":1,"href":"https:\/\/hpaulick.de\/index.php?rest_route=\/wp\/v2\/posts\/1073\/revisions"}],"predecessor-version":[{"id":1074,"href":"https:\/\/hpaulick.de\/index.php?rest_route=\/wp\/v2\/posts\/1073\/revisions\/1074"}],"wp:attachment":[{"href":"https:\/\/hpaulick.de\/index.php?rest_route=%2Fwp%2Fv2%2Fmedia&parent=1073"}],"wp:term":[{"taxonomy":"category","embeddable":true,"href":"https:\/\/hpaulick.de\/index.php?rest_route=%2Fwp%2Fv2%2Fcategories&post=1073"},{"taxonomy":"post_tag","embeddable":true,"href":"https:\/\/hpaulick.de\/index.php?rest_route=%2Fwp%2Fv2%2Ftags&post=1073"}],"curies":[{"name":"wp","href":"https:\/\/api.w.org\/{rel}","templated":true}]}}