{"id":1192,"date":"2023-11-06T16:30:40","date_gmt":"2023-11-06T16:30:40","guid":{"rendered":"http:\/\/hpaulick.de\/?p=1192"},"modified":"2023-11-06T16:30:40","modified_gmt":"2023-11-06T16:30:40","slug":"antisemitismus-werden-wir-nicht-akzeptieren-scholz-ruft-zu-zivilcourage-zum-schutz-von-juedinnen-und-juden-auf","status":"publish","type":"post","link":"https:\/\/hpaulick.de\/?p=1192","title":{"rendered":"\u201eAntisemitismus werden wir nicht akzeptieren\u201c: Scholz ruft zu Zivilcourage zum Schutz von J\u00fcdinnen und Juden auf!"},"content":{"rendered":"<div class=\"twitter-tweet\">\n<blockquote class=\"twitter-tweet\" data-lang=\"de\">\n<p lang=\"de\" dir=\"ltr\">F\u00fcr den Schutz ist der Staat verantwortlich,<br \/>der in der Demokratie durch eine gew\u00e4hlte Regierung gelenkt und geleitet wird.<br \/>Wenn B\u00fcrger diesen Job mit \u00fcbernehmen sollen, wof\u00fcr brauchen wir dann noch diese Regierung?<br \/>Harald Paulick<br \/>Schriftsteller, Blogger &amp; Menippeischer Satiriker <a href=\"https:\/\/t.co\/ykktIFSAnC\">https:\/\/t.co\/ykktIFSAnC<\/a><\/p>\n<p>&mdash; Friedliche Politische Mitte: zwischen AfD &amp; CDU (@Freund_WUPartei) <a href=\"https:\/\/twitter.com\/Freund_WUPartei\/status\/1721565344748240986?ref_src=twsrc%5Etfw\">6. November 2023<\/a><\/p><\/blockquote>\n<\/div>\n\n<div class=\"twitter-share\"><a href=\"https:\/\/twitter.com\/intent\/tweet?via=haraldpaulick\" class=\"twitter-share-button\" data-size=\"large\">Twittern<\/a><\/div>\n","protected":false},"excerpt":{"rendered":"<p>F\u00fcr den Schutz ist der Staat verantwortlich,der in der Demokratie durch eine gew\u00e4hlte Regierung gelenkt und geleitet wird.Wenn B\u00fcrger diesen Job mit \u00fcbernehmen sollen, wof\u00fcr brauchen wir dann noch diese Regierung?Harald PaulickSchriftsteller, Blogger &amp; Menippeischer Satiriker https:\/\/t.co\/ykktIFSAnC &mdash; Friedliche Politische Mitte: zwischen AfD &amp; CDU (@Freund_WUPartei) 6. November 2023<\/p>\n","protected":false},"author":1,"featured_media":0,"comment_status":"closed","ping_status":"open","sticky":false,"template":"","format":"standard","meta":{"footnotes":""},"categories":[{"term_id":54,"name":"Bildungslose Politiker","slug":"bildungslose-politiker","term_group":0,"term_taxonomy_id":54,"taxonomy":"category","description":"","parent":0,"count":676,"filter":"raw","cat_ID":54,"category_count":676,"category_description":"","cat_name":"Bildungslose Politiker","category_nicename":"bildungslose-politiker","category_parent":0},{"term_id":65,"name":"Fl\u00fcchtlinge","slug":"fluechtlinge","term_group":0,"term_taxonomy_id":65,"taxonomy":"category","description":"","parent":0,"count":187,"filter":"raw","cat_ID":65,"category_count":187,"category_description":"","cat_name":"Fl\u00fcchtlinge","category_nicename":"fluechtlinge","category_parent":0},{"term_id":64,"name":"Migrationspolitik","slug":"migrationspolitik","term_group":0,"term_taxonomy_id":64,"taxonomy":"category","description":"","parent":0,"count":398,"filter":"raw","cat_ID":64,"category_count":398,"category_description":"","cat_name":"Migrationspolitik","category_nicename":"migrationspolitik","category_parent":0},{"term_id":79,"name":"SPD","slug":"spd","term_group":0,"term_taxonomy_id":79,"taxonomy":"category","description":"","parent":0,"count":232,"filter":"raw","cat_ID":79,"category_count":232,"category_description":"","cat_name":"SPD","category_nicename":"spd","category_parent":0},{"term_id":34,"name":"Wahl 2025 Bundestag","slug":"wahl-2025-bundestag","term_group":0,"term_taxonomy_id":34,"taxonomy":"category","description":"","parent":0,"count":120,"filter":"raw","cat_ID":34,"category_count":120,"category_description":"","cat_name":"Wahl 2025 Bundestag","category_nicename":"wahl-2025-bundestag","category_parent":0}],"tags":[],"class_list":["post-1192","post","type-post","status-publish","format-standard","hentry","category-bildungslose-politiker","category-fluechtlinge","category-migrationspolitik","category-spd","category-wahl-2025-bundestag"],"images":{"thumbnail":false,"medium":false,"medium_large":false,"large":false,"full":false},"_links":{"self":[{"href":"https:\/\/hpaulick.de\/index.php?rest_route=\/wp\/v2\/posts\/1192","targetHints":{"allow":["GET"]}}],"collection":[{"href":"https:\/\/hpaulick.de\/index.php?rest_route=\/wp\/v2\/posts"}],"about":[{"href":"https:\/\/hpaulick.de\/index.php?rest_route=\/wp\/v2\/types\/post"}],"author":[{"embeddable":true,"href":"https:\/\/hpaulick.de\/index.php?rest_route=\/wp\/v2\/users\/1"}],"replies":[{"embeddable":true,"href":"https:\/\/hpaulick.de\/index.php?rest_route=%2Fwp%2Fv2%2Fcomments&post=1192"}],"version-history":[{"count":1,"href":"https:\/\/hpaulick.de\/index.php?rest_route=\/wp\/v2\/posts\/1192\/revisions"}],"predecessor-version":[{"id":1193,"href":"https:\/\/hpaulick.de\/index.php?rest_route=\/wp\/v2\/posts\/1192\/revisions\/1193"}],"wp:attachment":[{"href":"https:\/\/hpaulick.de\/index.php?rest_route=%2Fwp%2Fv2%2Fmedia&parent=1192"}],"wp:term":[{"taxonomy":"category","embeddable":true,"href":"https:\/\/hpaulick.de\/index.php?rest_route=%2Fwp%2Fv2%2Fcategories&post=1192"},{"taxonomy":"post_tag","embeddable":true,"href":"https:\/\/hpaulick.de\/index.php?rest_route=%2Fwp%2Fv2%2Ftags&post=1192"}],"curies":[{"name":"wp","href":"https:\/\/api.w.org\/{rel}","templated":true}]}}