{"id":1214,"date":"2023-11-12T10:17:58","date_gmt":"2023-11-12T10:17:58","guid":{"rendered":"http:\/\/hpaulick.de\/?p=1214"},"modified":"2023-11-12T10:17:58","modified_gmt":"2023-11-12T10:17:58","slug":"die-irrsinnsideologie-der-gruenen-umweltvernichter","status":"publish","type":"post","link":"https:\/\/hpaulick.de\/?p=1214","title":{"rendered":"Die Irrsinnsideologie der GR\u00dcNEN Umweltvernichter!"},"content":{"rendered":"<div class=\"twitter-tweet\">\n<blockquote class=\"twitter-tweet\" data-lang=\"de\">\n<p lang=\"de\" dir=\"ltr\">B\u00e4ume m\u00fcssen weichen, damit wir E-Auto-Fabriken, Windr\u00e4der und Photovoltaik errichten k\u00f6nnen.<\/p>\n<p>Das ist die GR\u00dcNE LOGIK! <a href=\"https:\/\/t.co\/FBey7UtA2F\">https:\/\/t.co\/FBey7UtA2F<\/a><\/p>\n<p>&mdash; Friedliche Politische Mitte: zwischen AfD &amp; CDU (@Freund_WUPartei) <a href=\"https:\/\/twitter.com\/Freund_WUPartei\/status\/1723645620584362279?ref_src=twsrc%5Etfw\">12. November 2023<\/a><\/p><\/blockquote>\n<\/div>\n\n<div class=\"twitter-share\"><a href=\"https:\/\/twitter.com\/intent\/tweet?via=haraldpaulick\" class=\"twitter-share-button\" data-size=\"large\">Twittern<\/a><\/div>\n","protected":false},"excerpt":{"rendered":"<p>B\u00e4ume m\u00fcssen weichen, damit wir E-Auto-Fabriken, Windr\u00e4der und Photovoltaik errichten k\u00f6nnen. Das ist die GR\u00dcNE LOGIK! https:\/\/t.co\/FBey7UtA2F &mdash; Friedliche Politische Mitte: zwischen AfD &amp; CDU (@Freund_WUPartei) 12. November 2023<\/p>\n","protected":false},"author":1,"featured_media":0,"comment_status":"closed","ping_status":"open","sticky":false,"template":"","format":"standard","meta":{"footnotes":""},"categories":[{"term_id":54,"name":"Bildungslose Politiker","slug":"bildungslose-politiker","term_group":0,"term_taxonomy_id":54,"taxonomy":"category","description":"","parent":0,"count":676,"filter":"raw","cat_ID":54,"category_count":676,"category_description":"","cat_name":"Bildungslose Politiker","category_nicename":"bildungslose-politiker","category_parent":0},{"term_id":30,"name":"GR\u00dcNE Murks Politik","slug":"gruene-murks-politik","term_group":0,"term_taxonomy_id":30,"taxonomy":"category","description":"","parent":0,"count":805,"filter":"raw","cat_ID":30,"category_count":805,"category_description":"","cat_name":"GR\u00dcNE Murks Politik","category_nicename":"gruene-murks-politik","category_parent":0},{"term_id":67,"name":"Umweltschutz","slug":"umweltschutz","term_group":0,"term_taxonomy_id":67,"taxonomy":"category","description":"","parent":0,"count":43,"filter":"raw","cat_ID":67,"category_count":43,"category_description":"","cat_name":"Umweltschutz","category_nicename":"umweltschutz","category_parent":0},{"term_id":34,"name":"Wahl 2025 Bundestag","slug":"wahl-2025-bundestag","term_group":0,"term_taxonomy_id":34,"taxonomy":"category","description":"","parent":0,"count":120,"filter":"raw","cat_ID":34,"category_count":120,"category_description":"","cat_name":"Wahl 2025 Bundestag","category_nicename":"wahl-2025-bundestag","category_parent":0}],"tags":[],"class_list":["post-1214","post","type-post","status-publish","format-standard","hentry","category-bildungslose-politiker","category-gruene-murks-politik","category-umweltschutz","category-wahl-2025-bundestag"],"images":{"thumbnail":false,"medium":false,"medium_large":false,"large":false,"full":false},"_links":{"self":[{"href":"https:\/\/hpaulick.de\/index.php?rest_route=\/wp\/v2\/posts\/1214","targetHints":{"allow":["GET"]}}],"collection":[{"href":"https:\/\/hpaulick.de\/index.php?rest_route=\/wp\/v2\/posts"}],"about":[{"href":"https:\/\/hpaulick.de\/index.php?rest_route=\/wp\/v2\/types\/post"}],"author":[{"embeddable":true,"href":"https:\/\/hpaulick.de\/index.php?rest_route=\/wp\/v2\/users\/1"}],"replies":[{"embeddable":true,"href":"https:\/\/hpaulick.de\/index.php?rest_route=%2Fwp%2Fv2%2Fcomments&post=1214"}],"version-history":[{"count":1,"href":"https:\/\/hpaulick.de\/index.php?rest_route=\/wp\/v2\/posts\/1214\/revisions"}],"predecessor-version":[{"id":1215,"href":"https:\/\/hpaulick.de\/index.php?rest_route=\/wp\/v2\/posts\/1214\/revisions\/1215"}],"wp:attachment":[{"href":"https:\/\/hpaulick.de\/index.php?rest_route=%2Fwp%2Fv2%2Fmedia&parent=1214"}],"wp:term":[{"taxonomy":"category","embeddable":true,"href":"https:\/\/hpaulick.de\/index.php?rest_route=%2Fwp%2Fv2%2Fcategories&post=1214"},{"taxonomy":"post_tag","embeddable":true,"href":"https:\/\/hpaulick.de\/index.php?rest_route=%2Fwp%2Fv2%2Ftags&post=1214"}],"curies":[{"name":"wp","href":"https:\/\/api.w.org\/{rel}","templated":true}]}}