{"id":1262,"date":"2023-11-26T20:39:08","date_gmt":"2023-11-26T20:39:08","guid":{"rendered":"http:\/\/hpaulick.de\/?p=1262"},"modified":"2023-11-26T20:39:08","modified_gmt":"2023-11-26T20:39:08","slug":"man-kann-gruene-politik-auch-ohne-gruene-machen","status":"publish","type":"post","link":"https:\/\/hpaulick.de\/?p=1262","title":{"rendered":"Man kann Gr\u00fcne POLITIK auch ohne GR\u00dcNE machen."},"content":{"rendered":"<div class=\"twitter-tweet\">\n<blockquote class=\"twitter-tweet\" data-lang=\"de\">\n<p lang=\"de\" dir=\"ltr\">Rot-gr\u00fcne <a href=\"https:\/\/twitter.com\/hashtag\/Koalition?src=hash&amp;ref_src=twsrc%5Etfw\">#Koalition<\/a> in <a href=\"https:\/\/twitter.com\/hashtag\/Hannover?src=hash&amp;ref_src=twsrc%5Etfw\">#Hannover<\/a> vor dem Aus<br \/>Inhaltliche Uneinigkeiten um das <a href=\"https:\/\/twitter.com\/hashtag\/Innenstadtkonzept?src=hash&amp;ref_src=twsrc%5Etfw\">#Innenstadtkonzept<\/a> sowie weitere <a href=\"https:\/\/twitter.com\/hashtag\/Spannungen?src=hash&amp;ref_src=twsrc%5Etfw\">#Spannungen<\/a> sollen zu einem Bruch gef\u00fchrt haben. Nun k\u00f6nnte den Gr\u00fcnen die <a href=\"https:\/\/twitter.com\/hashtag\/Opposition?src=hash&amp;ref_src=twsrc%5Etfw\">#Opposition<\/a> drohen. Man kann <a href=\"https:\/\/twitter.com\/hashtag\/Gr%C3%BCne?src=hash&amp;ref_src=twsrc%5Etfw\">#Gr\u00fcne<\/a> <a href=\"https:\/\/twitter.com\/hashtag\/POLITIK?src=hash&amp;ref_src=twsrc%5Etfw\">#POLITIK<\/a> auch <a href=\"https:\/\/twitter.com\/hashtag\/ohne?src=hash&amp;ref_src=twsrc%5Etfw\">#ohne<\/a> GR\u00dcNE machen.<a href=\"https:\/\/t.co\/whm2UOxNmQ\">https:\/\/t.co\/whm2UOxNmQ<\/a><\/p>\n<p>&mdash; Menippeischer Satiriker, Blogger, Schriftsteller (@Scheinheilig16) <a href=\"https:\/\/twitter.com\/Scheinheilig16\/status\/1728875785921179966?ref_src=twsrc%5Etfw\">26. November 2023<\/a><\/p><\/blockquote>\n<\/div>\n\n<div class=\"twitter-share\"><a href=\"https:\/\/twitter.com\/intent\/tweet?via=haraldpaulick\" class=\"twitter-share-button\" data-size=\"large\">Twittern<\/a><\/div>\n","protected":false},"excerpt":{"rendered":"<p>Rot-gr\u00fcne #Koalition in #Hannover vor dem AusInhaltliche Uneinigkeiten um das #Innenstadtkonzept sowie weitere #Spannungen sollen zu einem Bruch gef\u00fchrt haben. Nun k\u00f6nnte den Gr\u00fcnen die #Opposition drohen. Man kann #Gr\u00fcne #POLITIK auch #ohne GR\u00dcNE machen.https:\/\/t.co\/whm2UOxNmQ &mdash; Menippeischer Satiriker, Blogger, Schriftsteller (@Scheinheilig16) 26. November 2023<\/p>\n","protected":false},"author":1,"featured_media":0,"comment_status":"closed","ping_status":"open","sticky":false,"template":"","format":"standard","meta":{"footnotes":""},"categories":[{"term_id":62,"name":"Geldverschwendung","slug":"geldverschwendung","term_group":0,"term_taxonomy_id":62,"taxonomy":"category","description":"","parent":0,"count":185,"filter":"raw","cat_ID":62,"category_count":185,"category_description":"","cat_name":"Geldverschwendung","category_nicename":"geldverschwendung","category_parent":0},{"term_id":30,"name":"GR\u00dcNE Murks Politik","slug":"gruene-murks-politik","term_group":0,"term_taxonomy_id":30,"taxonomy":"category","description":"","parent":0,"count":804,"filter":"raw","cat_ID":30,"category_count":804,"category_description":"","cat_name":"GR\u00dcNE Murks Politik","category_nicename":"gruene-murks-politik","category_parent":0},{"term_id":79,"name":"SPD","slug":"spd","term_group":0,"term_taxonomy_id":79,"taxonomy":"category","description":"","parent":0,"count":232,"filter":"raw","cat_ID":79,"category_count":232,"category_description":"","cat_name":"SPD","category_nicename":"spd","category_parent":0}],"tags":[],"class_list":["post-1262","post","type-post","status-publish","format-standard","hentry","category-geldverschwendung","category-gruene-murks-politik","category-spd"],"images":{"thumbnail":false,"medium":false,"medium_large":false,"large":false,"full":false},"_links":{"self":[{"href":"https:\/\/hpaulick.de\/index.php?rest_route=\/wp\/v2\/posts\/1262","targetHints":{"allow":["GET"]}}],"collection":[{"href":"https:\/\/hpaulick.de\/index.php?rest_route=\/wp\/v2\/posts"}],"about":[{"href":"https:\/\/hpaulick.de\/index.php?rest_route=\/wp\/v2\/types\/post"}],"author":[{"embeddable":true,"href":"https:\/\/hpaulick.de\/index.php?rest_route=\/wp\/v2\/users\/1"}],"replies":[{"embeddable":true,"href":"https:\/\/hpaulick.de\/index.php?rest_route=%2Fwp%2Fv2%2Fcomments&post=1262"}],"version-history":[{"count":1,"href":"https:\/\/hpaulick.de\/index.php?rest_route=\/wp\/v2\/posts\/1262\/revisions"}],"predecessor-version":[{"id":1263,"href":"https:\/\/hpaulick.de\/index.php?rest_route=\/wp\/v2\/posts\/1262\/revisions\/1263"}],"wp:attachment":[{"href":"https:\/\/hpaulick.de\/index.php?rest_route=%2Fwp%2Fv2%2Fmedia&parent=1262"}],"wp:term":[{"taxonomy":"category","embeddable":true,"href":"https:\/\/hpaulick.de\/index.php?rest_route=%2Fwp%2Fv2%2Fcategories&post=1262"},{"taxonomy":"post_tag","embeddable":true,"href":"https:\/\/hpaulick.de\/index.php?rest_route=%2Fwp%2Fv2%2Ftags&post=1262"}],"curies":[{"name":"wp","href":"https:\/\/api.w.org\/{rel}","templated":true}]}}