{"id":1271,"date":"2023-11-28T11:26:54","date_gmt":"2023-11-28T11:26:54","guid":{"rendered":"http:\/\/hpaulick.de\/?p=1271"},"modified":"2023-11-28T11:27:21","modified_gmt":"2023-11-28T11:27:21","slug":"ofarim-gesteht-luegen-die-vorwuerfe-treffen-zu","status":"publish","type":"post","link":"https:\/\/hpaulick.de\/?p=1271","title":{"rendered":"Gil Ofarim gesteht L\u00dcGEN! \u201eDie Vorw\u00fcrfe treffen zu\u201c"},"content":{"rendered":"<div class=\"twitter-tweet\">\n<blockquote class=\"twitter-tweet\" data-lang=\"de\">\n<p lang=\"de\" dir=\"ltr\">Wende im Prozess: Gil Ofarim r\u00e4umt Vorw\u00fcrfe ein und entschuldigt sich. Was ist mit den ganzen HEUCHLERN die 100.000 emp\u00f6rte TWEETS abgesetzt habe? Entschuldigen die sich jetzt auch?<a href=\"https:\/\/t.co\/h2lYsNcCFx\">https:\/\/t.co\/h2lYsNcCFx<\/a><\/p>\n<p>&mdash; Berliner Politiker &#8211; Friedliche Mitbestimmung (@BPolitiker) <a href=\"https:\/\/twitter.com\/BPolitiker\/status\/1729461411514843459?ref_src=twsrc%5Etfw\">28. November 2023<\/a><\/p><\/blockquote>\n<\/div>\n\n<div class=\"twitter-share\"><a href=\"https:\/\/twitter.com\/intent\/tweet?via=haraldpaulick\" class=\"twitter-share-button\" data-size=\"large\">Twittern<\/a><\/div>\n","protected":false},"excerpt":{"rendered":"<p>Wende im Prozess: Gil Ofarim r\u00e4umt Vorw\u00fcrfe ein und entschuldigt sich. Was ist mit den ganzen HEUCHLERN die 100.000 emp\u00f6rte TWEETS abgesetzt habe? Entschuldigen die sich jetzt auch?https:\/\/t.co\/h2lYsNcCFx &mdash; Berliner Politiker &#8211; Friedliche Mitbestimmung (@BPolitiker) 28. November 2023<\/p>\n","protected":false},"author":1,"featured_media":0,"comment_status":"closed","ping_status":"open","sticky":false,"template":"","format":"standard","meta":{"footnotes":""},"categories":[{"term_id":35,"name":"Aff\u00e4ren","slug":"affaeren","term_group":0,"term_taxonomy_id":35,"taxonomy":"category","description":"","parent":0,"count":246,"filter":"raw","cat_ID":35,"category_count":246,"category_description":"","cat_name":"Aff\u00e4ren","category_nicename":"affaeren","category_parent":0},{"term_id":95,"name":"Antisemitismus","slug":"antisemitismus","term_group":0,"term_taxonomy_id":95,"taxonomy":"category","description":"","parent":0,"count":60,"filter":"raw","cat_ID":95,"category_count":60,"category_description":"","cat_name":"Antisemitismus","category_nicename":"antisemitismus","category_parent":0},{"term_id":102,"name":"L\u00dcGEN","slug":"luegen","term_group":0,"term_taxonomy_id":102,"taxonomy":"category","description":"","parent":0,"count":389,"filter":"raw","cat_ID":102,"category_count":389,"category_description":"","cat_name":"L\u00dcGEN","category_nicename":"luegen","category_parent":0},{"term_id":66,"name":"Minderheiten","slug":"minderheiten","term_group":0,"term_taxonomy_id":66,"taxonomy":"category","description":"","parent":0,"count":47,"filter":"raw","cat_ID":66,"category_count":47,"category_description":"","cat_name":"Minderheiten","category_nicename":"minderheiten","category_parent":0}],"tags":[],"class_list":["post-1271","post","type-post","status-publish","format-standard","hentry","category-affaeren","category-antisemitismus","category-luegen","category-minderheiten"],"images":{"thumbnail":false,"medium":false,"medium_large":false,"large":false,"full":false},"_links":{"self":[{"href":"https:\/\/hpaulick.de\/index.php?rest_route=\/wp\/v2\/posts\/1271","targetHints":{"allow":["GET"]}}],"collection":[{"href":"https:\/\/hpaulick.de\/index.php?rest_route=\/wp\/v2\/posts"}],"about":[{"href":"https:\/\/hpaulick.de\/index.php?rest_route=\/wp\/v2\/types\/post"}],"author":[{"embeddable":true,"href":"https:\/\/hpaulick.de\/index.php?rest_route=\/wp\/v2\/users\/1"}],"replies":[{"embeddable":true,"href":"https:\/\/hpaulick.de\/index.php?rest_route=%2Fwp%2Fv2%2Fcomments&post=1271"}],"version-history":[{"count":2,"href":"https:\/\/hpaulick.de\/index.php?rest_route=\/wp\/v2\/posts\/1271\/revisions"}],"predecessor-version":[{"id":1273,"href":"https:\/\/hpaulick.de\/index.php?rest_route=\/wp\/v2\/posts\/1271\/revisions\/1273"}],"wp:attachment":[{"href":"https:\/\/hpaulick.de\/index.php?rest_route=%2Fwp%2Fv2%2Fmedia&parent=1271"}],"wp:term":[{"taxonomy":"category","embeddable":true,"href":"https:\/\/hpaulick.de\/index.php?rest_route=%2Fwp%2Fv2%2Fcategories&post=1271"},{"taxonomy":"post_tag","embeddable":true,"href":"https:\/\/hpaulick.de\/index.php?rest_route=%2Fwp%2Fv2%2Ftags&post=1271"}],"curies":[{"name":"wp","href":"https:\/\/api.w.org\/{rel}","templated":true}]}}