{"id":1280,"date":"2023-11-29T09:26:39","date_gmt":"2023-11-29T09:26:39","guid":{"rendered":"http:\/\/hpaulick.de\/?p=1280"},"modified":"2023-11-29T09:26:39","modified_gmt":"2023-11-29T09:26:39","slug":"schlappe-fuer-die-csu-wahlrechtsreform-von-2020-entspricht-der-verfassung","status":"publish","type":"post","link":"https:\/\/hpaulick.de\/?p=1280","title":{"rendered":"Schlappe f\u00fcr die CSU &#8211; Wahlrechtsreform von 2020 entspricht der Verfassung"},"content":{"rendered":"<div class=\"twitter-tweet\">\n<blockquote class=\"twitter-tweet\" data-lang=\"de\">\n<p lang=\"de\" dir=\"ltr\">Eilmeldung &#8211; Schlappe f\u00fcr die CSU<br \/>Urteil: Wahlrechtsreform von 2020 entspricht der Verfassung<br \/>\u00a7Entweder die CSU f\u00e4llt unter die 5% H\u00fcrde oder sie tritt zuk\u00fcnftig in allen Bundesl\u00e4ndern an.<a href=\"https:\/\/t.co\/5SrW5v0cyD\">https:\/\/t.co\/5SrW5v0cyD<\/a><\/p>\n<p>&mdash; Menippeischer Satiriker, Blogger, Schriftsteller (@Scheinheilig16) <a href=\"https:\/\/twitter.com\/Scheinheilig16\/status\/1729793652354892280?ref_src=twsrc%5Etfw\">29. November 2023<\/a><\/p><\/blockquote>\n<\/div>\n\n<div class=\"twitter-share\"><a href=\"https:\/\/twitter.com\/intent\/tweet?via=haraldpaulick\" class=\"twitter-share-button\" data-size=\"large\">Twittern<\/a><\/div>\n","protected":false},"excerpt":{"rendered":"<p>Eilmeldung &#8211; Schlappe f\u00fcr die CSUUrteil: Wahlrechtsreform von 2020 entspricht der Verfassung\u00a7Entweder die CSU f\u00e4llt unter die 5% H\u00fcrde oder sie tritt zuk\u00fcnftig in allen Bundesl\u00e4ndern an.https:\/\/t.co\/5SrW5v0cyD &mdash; Menippeischer Satiriker, Blogger, Schriftsteller (@Scheinheilig16) 29. November 2023<\/p>\n","protected":false},"author":1,"featured_media":0,"comment_status":"closed","ping_status":"open","sticky":false,"template":"","format":"standard","meta":{"footnotes":""},"categories":[{"term_id":104,"name":"CSU","slug":"csu","term_group":0,"term_taxonomy_id":104,"taxonomy":"category","description":"","parent":0,"count":71,"filter":"raw","cat_ID":104,"category_count":71,"category_description":"","cat_name":"CSU","category_nicename":"csu","category_parent":0},{"term_id":34,"name":"Wahl 2025 Bundestag","slug":"wahl-2025-bundestag","term_group":0,"term_taxonomy_id":34,"taxonomy":"category","description":"","parent":0,"count":120,"filter":"raw","cat_ID":34,"category_count":120,"category_description":"","cat_name":"Wahl 2025 Bundestag","category_nicename":"wahl-2025-bundestag","category_parent":0}],"tags":[],"class_list":["post-1280","post","type-post","status-publish","format-standard","hentry","category-csu","category-wahl-2025-bundestag"],"images":{"thumbnail":false,"medium":false,"medium_large":false,"large":false,"full":false},"_links":{"self":[{"href":"https:\/\/hpaulick.de\/index.php?rest_route=\/wp\/v2\/posts\/1280","targetHints":{"allow":["GET"]}}],"collection":[{"href":"https:\/\/hpaulick.de\/index.php?rest_route=\/wp\/v2\/posts"}],"about":[{"href":"https:\/\/hpaulick.de\/index.php?rest_route=\/wp\/v2\/types\/post"}],"author":[{"embeddable":true,"href":"https:\/\/hpaulick.de\/index.php?rest_route=\/wp\/v2\/users\/1"}],"replies":[{"embeddable":true,"href":"https:\/\/hpaulick.de\/index.php?rest_route=%2Fwp%2Fv2%2Fcomments&post=1280"}],"version-history":[{"count":1,"href":"https:\/\/hpaulick.de\/index.php?rest_route=\/wp\/v2\/posts\/1280\/revisions"}],"predecessor-version":[{"id":1281,"href":"https:\/\/hpaulick.de\/index.php?rest_route=\/wp\/v2\/posts\/1280\/revisions\/1281"}],"wp:attachment":[{"href":"https:\/\/hpaulick.de\/index.php?rest_route=%2Fwp%2Fv2%2Fmedia&parent=1280"}],"wp:term":[{"taxonomy":"category","embeddable":true,"href":"https:\/\/hpaulick.de\/index.php?rest_route=%2Fwp%2Fv2%2Fcategories&post=1280"},{"taxonomy":"post_tag","embeddable":true,"href":"https:\/\/hpaulick.de\/index.php?rest_route=%2Fwp%2Fv2%2Ftags&post=1280"}],"curies":[{"name":"wp","href":"https:\/\/api.w.org\/{rel}","templated":true}]}}