{"id":1347,"date":"2023-12-04T16:15:11","date_gmt":"2023-12-04T16:15:11","guid":{"rendered":"http:\/\/hpaulick.de\/?p=1347"},"modified":"2023-12-04T16:15:11","modified_gmt":"2023-12-04T16:15:11","slug":"parallelen-zu-1933-beim-umgang-mit-der-afd-von-der-demokratie-ist-nicht-viel-uebrig","status":"publish","type":"post","link":"https:\/\/hpaulick.de\/?p=1347","title":{"rendered":"Parallelen zu 1933 beim UMGANG mit der AfD. Von der DEMOKRATIE ist nicht viel \u00fcbrig!"},"content":{"rendered":"<div class=\"twitter-tweet\">\n<blockquote class=\"twitter-tweet\" data-lang=\"de\">\n<p lang=\"de\" dir=\"ltr\">Sowas hatten wir schon mal 1933. Da wurden JUDENSTERNE an Gesch\u00e4fte gemalt!<br \/>F\u00fcr viele wird es ein Ansporn sein Unternehmer, welche die AfD unterst\u00fctzen, zu bevorzugen.<\/p>\n<p>Lernen wir DEUTSCHEN nie aus unserer Vergangenheit? <a href=\"https:\/\/t.co\/j1BpI7ngZJ\">https:\/\/t.co\/j1BpI7ngZJ<\/a><\/p>\n<p>&mdash; Berliner Politiker &#8211; Friedliche Mitbestimmung (@BPolitiker) <a href=\"https:\/\/twitter.com\/BPolitiker\/status\/1731580595010949362?ref_src=twsrc%5Etfw\">4. Dezember 2023<\/a><\/p><\/blockquote>\n<\/div>\n\n<div class=\"twitter-share\"><a href=\"https:\/\/twitter.com\/intent\/tweet?via=haraldpaulick\" class=\"twitter-share-button\" data-size=\"large\">Twittern<\/a><\/div>\n","protected":false},"excerpt":{"rendered":"<p>Sowas hatten wir schon mal 1933. Da wurden JUDENSTERNE an Gesch\u00e4fte gemalt!F\u00fcr viele wird es ein Ansporn sein Unternehmer, welche die AfD unterst\u00fctzen, zu bevorzugen. Lernen wir DEUTSCHEN nie aus unserer Vergangenheit? https:\/\/t.co\/j1BpI7ngZJ &mdash; Berliner Politiker &#8211; Friedliche Mitbestimmung (@BPolitiker) 4. Dezember 2023<\/p>\n","protected":false},"author":1,"featured_media":0,"comment_status":"closed","ping_status":"open","sticky":false,"template":"","format":"standard","meta":{"footnotes":""},"categories":[{"term_id":113,"name":"3. Reich","slug":"3-reich","term_group":0,"term_taxonomy_id":113,"taxonomy":"category","description":"","parent":0,"count":21,"filter":"raw","cat_ID":113,"category_count":21,"category_description":"","cat_name":"3. Reich","category_nicename":"3-reich","category_parent":0},{"term_id":42,"name":"AfD","slug":"afd","term_group":0,"term_taxonomy_id":42,"taxonomy":"category","description":"","parent":0,"count":120,"filter":"raw","cat_ID":42,"category_count":120,"category_description":"","cat_name":"AfD","category_nicename":"afd","category_parent":0},{"term_id":54,"name":"Bildungslose Politiker","slug":"bildungslose-politiker","term_group":0,"term_taxonomy_id":54,"taxonomy":"category","description":"","parent":0,"count":676,"filter":"raw","cat_ID":54,"category_count":676,"category_description":"","cat_name":"Bildungslose Politiker","category_nicename":"bildungslose-politiker","category_parent":0},{"term_id":83,"name":"DDR2.0","slug":"ddr2-0","term_group":0,"term_taxonomy_id":83,"taxonomy":"category","description":"","parent":0,"count":161,"filter":"raw","cat_ID":83,"category_count":161,"category_description":"","cat_name":"DDR2.0","category_nicename":"ddr2-0","category_parent":0},{"term_id":70,"name":"Demokratie","slug":"demokratie","term_group":0,"term_taxonomy_id":70,"taxonomy":"category","description":"","parent":0,"count":122,"filter":"raw","cat_ID":70,"category_count":122,"category_description":"","cat_name":"Demokratie","category_nicename":"demokratie","category_parent":0},{"term_id":49,"name":"Deutschland schafft sich ab","slug":"deutschland-schafft-sich-ab","term_group":0,"term_taxonomy_id":49,"taxonomy":"category","description":"","parent":0,"count":662,"filter":"raw","cat_ID":49,"category_count":662,"category_description":"","cat_name":"Deutschland schafft sich ab","category_nicename":"deutschland-schafft-sich-ab","category_parent":0},{"term_id":50,"name":"Linksextremismus","slug":"linksextremismus","term_group":0,"term_taxonomy_id":50,"taxonomy":"category","description":"","parent":0,"count":313,"filter":"raw","cat_ID":50,"category_count":313,"category_description":"","cat_name":"Linksextremismus","category_nicename":"linksextremismus","category_parent":0},{"term_id":46,"name":"Neutralit\u00e4tsl\u00fcge","slug":"neutralitaetsluege","term_group":0,"term_taxonomy_id":46,"taxonomy":"category","description":"","parent":0,"count":24,"filter":"raw","cat_ID":46,"category_count":24,"category_description":"","cat_name":"Neutralit\u00e4tsl\u00fcge","category_nicename":"neutralitaetsluege","category_parent":0},{"term_id":111,"name":"Sozialismus","slug":"sozialismus","term_group":0,"term_taxonomy_id":111,"taxonomy":"category","description":"","parent":0,"count":280,"filter":"raw","cat_ID":111,"category_count":280,"category_description":"","cat_name":"Sozialismus","category_nicename":"sozialismus","category_parent":0}],"tags":[],"class_list":["post-1347","post","type-post","status-publish","format-standard","hentry","category-3-reich","category-afd","category-bildungslose-politiker","category-ddr2-0","category-demokratie","category-deutschland-schafft-sich-ab","category-linksextremismus","category-neutralitaetsluege","category-sozialismus"],"images":{"thumbnail":false,"medium":false,"medium_large":false,"large":false,"full":false},"_links":{"self":[{"href":"https:\/\/hpaulick.de\/index.php?rest_route=\/wp\/v2\/posts\/1347","targetHints":{"allow":["GET"]}}],"collection":[{"href":"https:\/\/hpaulick.de\/index.php?rest_route=\/wp\/v2\/posts"}],"about":[{"href":"https:\/\/hpaulick.de\/index.php?rest_route=\/wp\/v2\/types\/post"}],"author":[{"embeddable":true,"href":"https:\/\/hpaulick.de\/index.php?rest_route=\/wp\/v2\/users\/1"}],"replies":[{"embeddable":true,"href":"https:\/\/hpaulick.de\/index.php?rest_route=%2Fwp%2Fv2%2Fcomments&post=1347"}],"version-history":[{"count":1,"href":"https:\/\/hpaulick.de\/index.php?rest_route=\/wp\/v2\/posts\/1347\/revisions"}],"predecessor-version":[{"id":1348,"href":"https:\/\/hpaulick.de\/index.php?rest_route=\/wp\/v2\/posts\/1347\/revisions\/1348"}],"wp:attachment":[{"href":"https:\/\/hpaulick.de\/index.php?rest_route=%2Fwp%2Fv2%2Fmedia&parent=1347"}],"wp:term":[{"taxonomy":"category","embeddable":true,"href":"https:\/\/hpaulick.de\/index.php?rest_route=%2Fwp%2Fv2%2Fcategories&post=1347"},{"taxonomy":"post_tag","embeddable":true,"href":"https:\/\/hpaulick.de\/index.php?rest_route=%2Fwp%2Fv2%2Ftags&post=1347"}],"curies":[{"name":"wp","href":"https:\/\/api.w.org\/{rel}","templated":true}]}}