{"id":1377,"date":"2023-12-08T13:16:22","date_gmt":"2023-12-08T13:16:22","guid":{"rendered":"http:\/\/hpaulick.de\/?p=1377"},"modified":"2023-12-08T13:16:22","modified_gmt":"2023-12-08T13:16:22","slug":"es-gibt-einen-zusammenhang-zwischen-sicherheit-im-land-und-staerke-der-afd","status":"publish","type":"post","link":"https:\/\/hpaulick.de\/?p=1377","title":{"rendered":"Es gibt einen Zusammenhang zwischen Sicherheit im Land und St\u00e4rke der AfD!"},"content":{"rendered":"<div class=\"twitter-tweet\">\n<blockquote class=\"twitter-tweet\" data-lang=\"de\">\n<p lang=\"de\" dir=\"ltr\">Da wo die AfD am st\u00e4rksten ist, sind Deutsche am gesch\u00fctztesten. Dresdener Weihnachtsm\u00e4rkte! <a href=\"https:\/\/t.co\/oKvzjjc7rZ\">https:\/\/t.co\/oKvzjjc7rZ<\/a> <a href=\"https:\/\/t.co\/RkaNnwh37Z\">pic.twitter.com\/RkaNnwh37Z<\/a><\/p>\n<p>&mdash; Wir brauchen durchgreifende ehrliche Politiker! (@DeutscheWaehler) <a href=\"https:\/\/twitter.com\/DeutscheWaehler\/status\/1733112469327859899?ref_src=twsrc%5Etfw\">8. Dezember 2023<\/a><\/p><\/blockquote>\n<\/div>\n\n<div class=\"twitter-share\"><a href=\"https:\/\/twitter.com\/intent\/tweet?via=haraldpaulick\" class=\"twitter-share-button\" data-size=\"large\">Twittern<\/a><\/div>\n","protected":false},"excerpt":{"rendered":"<p>Da wo die AfD am st\u00e4rksten ist, sind Deutsche am gesch\u00fctztesten. Dresdener Weihnachtsm\u00e4rkte! https:\/\/t.co\/oKvzjjc7rZ pic.twitter.com\/RkaNnwh37Z &mdash; Wir brauchen durchgreifende ehrliche Politiker! (@DeutscheWaehler) 8. Dezember 2023<\/p>\n","protected":false},"author":1,"featured_media":0,"comment_status":"closed","ping_status":"open","sticky":false,"template":"","format":"standard","meta":{"footnotes":""},"categories":[{"term_id":42,"name":"AfD","slug":"afd","term_group":0,"term_taxonomy_id":42,"taxonomy":"category","description":"","parent":0,"count":120,"filter":"raw","cat_ID":42,"category_count":120,"category_description":"","cat_name":"AfD","category_nicename":"afd","category_parent":0},{"term_id":54,"name":"Bildungslose Politiker","slug":"bildungslose-politiker","term_group":0,"term_taxonomy_id":54,"taxonomy":"category","description":"","parent":0,"count":676,"filter":"raw","cat_ID":54,"category_count":676,"category_description":"","cat_name":"Bildungslose Politiker","category_nicename":"bildungslose-politiker","category_parent":0},{"term_id":81,"name":"CDU","slug":"cdu","term_group":0,"term_taxonomy_id":81,"taxonomy":"category","description":"","parent":0,"count":122,"filter":"raw","cat_ID":81,"category_count":122,"category_description":"","cat_name":"CDU","category_nicename":"cdu","category_parent":0},{"term_id":30,"name":"GR\u00dcNE Murks Politik","slug":"gruene-murks-politik","term_group":0,"term_taxonomy_id":30,"taxonomy":"category","description":"","parent":0,"count":804,"filter":"raw","cat_ID":30,"category_count":804,"category_description":"","cat_name":"GR\u00dcNE Murks Politik","category_nicename":"gruene-murks-politik","category_parent":0},{"term_id":64,"name":"Migrationspolitik","slug":"migrationspolitik","term_group":0,"term_taxonomy_id":64,"taxonomy":"category","description":"","parent":0,"count":398,"filter":"raw","cat_ID":64,"category_count":398,"category_description":"","cat_name":"Migrationspolitik","category_nicename":"migrationspolitik","category_parent":0},{"term_id":34,"name":"Wahl 2025 Bundestag","slug":"wahl-2025-bundestag","term_group":0,"term_taxonomy_id":34,"taxonomy":"category","description":"","parent":0,"count":120,"filter":"raw","cat_ID":34,"category_count":120,"category_description":"","cat_name":"Wahl 2025 Bundestag","category_nicename":"wahl-2025-bundestag","category_parent":0}],"tags":[],"class_list":["post-1377","post","type-post","status-publish","format-standard","hentry","category-afd","category-bildungslose-politiker","category-cdu","category-gruene-murks-politik","category-migrationspolitik","category-wahl-2025-bundestag"],"images":{"thumbnail":false,"medium":false,"medium_large":false,"large":false,"full":false},"_links":{"self":[{"href":"https:\/\/hpaulick.de\/index.php?rest_route=\/wp\/v2\/posts\/1377","targetHints":{"allow":["GET"]}}],"collection":[{"href":"https:\/\/hpaulick.de\/index.php?rest_route=\/wp\/v2\/posts"}],"about":[{"href":"https:\/\/hpaulick.de\/index.php?rest_route=\/wp\/v2\/types\/post"}],"author":[{"embeddable":true,"href":"https:\/\/hpaulick.de\/index.php?rest_route=\/wp\/v2\/users\/1"}],"replies":[{"embeddable":true,"href":"https:\/\/hpaulick.de\/index.php?rest_route=%2Fwp%2Fv2%2Fcomments&post=1377"}],"version-history":[{"count":1,"href":"https:\/\/hpaulick.de\/index.php?rest_route=\/wp\/v2\/posts\/1377\/revisions"}],"predecessor-version":[{"id":1378,"href":"https:\/\/hpaulick.de\/index.php?rest_route=\/wp\/v2\/posts\/1377\/revisions\/1378"}],"wp:attachment":[{"href":"https:\/\/hpaulick.de\/index.php?rest_route=%2Fwp%2Fv2%2Fmedia&parent=1377"}],"wp:term":[{"taxonomy":"category","embeddable":true,"href":"https:\/\/hpaulick.de\/index.php?rest_route=%2Fwp%2Fv2%2Fcategories&post=1377"},{"taxonomy":"post_tag","embeddable":true,"href":"https:\/\/hpaulick.de\/index.php?rest_route=%2Fwp%2Fv2%2Ftags&post=1377"}],"curies":[{"name":"wp","href":"https:\/\/api.w.org\/{rel}","templated":true}]}}