{"id":1387,"date":"2023-12-10T10:45:22","date_gmt":"2023-12-10T10:45:22","guid":{"rendered":"http:\/\/hpaulick.de\/?p=1387"},"modified":"2023-12-10T10:45:22","modified_gmt":"2023-12-10T10:45:22","slug":"ampel-will-renten-kuerzen-seit-2021-11-kaufkraftverlust","status":"publish","type":"post","link":"https:\/\/hpaulick.de\/?p=1387","title":{"rendered":"Ampel will Renten K\u00fcrzen &#8211; Seit 2021 11% Kaufkraftverlust!"},"content":{"rendered":"<div class=\"twitter-tweet\">\n<blockquote class=\"twitter-tweet\" data-lang=\"de\">\n<p lang=\"de\" dir=\"ltr\">Die Renten K\u00fcrzen wollen und das gesparte Geld ins Ausland verschenken, f\u00fcr FRIS\u00d6R oder Grundst\u00fccke ausgeben.<br \/>Eure Annalena Politik! <a href=\"https:\/\/t.co\/jE28JmSWLT\">https:\/\/t.co\/jE28JmSWLT<\/a><\/p>\n<p>&mdash; Wir brauchen durchgreifende ehrliche Politiker! (@DeutscheWaehler) <a href=\"https:\/\/twitter.com\/DeutscheWaehler\/status\/1733798964871180628?ref_src=twsrc%5Etfw\">10. Dezember 2023<\/a><\/p><\/blockquote>\n<\/div>\n\n<div class=\"twitter-share\"><a href=\"https:\/\/twitter.com\/intent\/tweet?via=haraldpaulick\" class=\"twitter-share-button\" data-size=\"large\">Twittern<\/a><\/div>\n","protected":false},"excerpt":{"rendered":"<p>Die Renten K\u00fcrzen wollen und das gesparte Geld ins Ausland verschenken, f\u00fcr FRIS\u00d6R oder Grundst\u00fccke ausgeben.Eure Annalena Politik! https:\/\/t.co\/jE28JmSWLT &mdash; Wir brauchen durchgreifende ehrliche Politiker! (@DeutscheWaehler) 10. Dezember 2023<\/p>\n","protected":false},"author":1,"featured_media":0,"comment_status":"closed","ping_status":"open","sticky":false,"template":"","format":"standard","meta":{"footnotes":""},"categories":[{"term_id":35,"name":"Aff\u00e4ren","slug":"affaeren","term_group":0,"term_taxonomy_id":35,"taxonomy":"category","description":"","parent":0,"count":246,"filter":"raw","cat_ID":35,"category_count":246,"category_description":"","cat_name":"Aff\u00e4ren","category_nicename":"affaeren","category_parent":0},{"term_id":27,"name":"Asylpolitik","slug":"asylpolitik","term_group":0,"term_taxonomy_id":27,"taxonomy":"category","description":"","parent":0,"count":326,"filter":"raw","cat_ID":27,"category_count":326,"category_description":"","cat_name":"Asylpolitik","category_nicename":"asylpolitik","category_parent":0},{"term_id":49,"name":"Deutschland schafft sich ab","slug":"deutschland-schafft-sich-ab","term_group":0,"term_taxonomy_id":49,"taxonomy":"category","description":"","parent":0,"count":663,"filter":"raw","cat_ID":49,"category_count":663,"category_description":"","cat_name":"Deutschland schafft sich ab","category_nicename":"deutschland-schafft-sich-ab","category_parent":0},{"term_id":65,"name":"Fl\u00fcchtlinge","slug":"fluechtlinge","term_group":0,"term_taxonomy_id":65,"taxonomy":"category","description":"","parent":0,"count":187,"filter":"raw","cat_ID":65,"category_count":187,"category_description":"","cat_name":"Fl\u00fcchtlinge","category_nicename":"fluechtlinge","category_parent":0},{"term_id":30,"name":"GR\u00dcNE Murks Politik","slug":"gruene-murks-politik","term_group":0,"term_taxonomy_id":30,"taxonomy":"category","description":"","parent":0,"count":805,"filter":"raw","cat_ID":30,"category_count":805,"category_description":"","cat_name":"GR\u00dcNE Murks Politik","category_nicename":"gruene-murks-politik","category_parent":0},{"term_id":64,"name":"Migrationspolitik","slug":"migrationspolitik","term_group":0,"term_taxonomy_id":64,"taxonomy":"category","description":"","parent":0,"count":398,"filter":"raw","cat_ID":64,"category_count":398,"category_description":"","cat_name":"Migrationspolitik","category_nicename":"migrationspolitik","category_parent":0},{"term_id":112,"name":"Milliarden Deals UNBEMERKT","slug":"milliarden-deals-unbemerkt","term_group":0,"term_taxonomy_id":112,"taxonomy":"category","description":"","parent":0,"count":559,"filter":"raw","cat_ID":112,"category_count":559,"category_description":"","cat_name":"Milliarden Deals UNBEMERKT","category_nicename":"milliarden-deals-unbemerkt","category_parent":0},{"term_id":91,"name":"Steuererh\u00f6hungen","slug":"steuererhoehungen","term_group":0,"term_taxonomy_id":91,"taxonomy":"category","description":"","parent":0,"count":108,"filter":"raw","cat_ID":91,"category_count":108,"category_description":"","cat_name":"Steuererh\u00f6hungen","category_nicename":"steuererhoehungen","category_parent":0}],"tags":[],"class_list":["post-1387","post","type-post","status-publish","format-standard","hentry","category-affaeren","category-asylpolitik","category-deutschland-schafft-sich-ab","category-fluechtlinge","category-gruene-murks-politik","category-migrationspolitik","category-milliarden-deals-unbemerkt","category-steuererhoehungen"],"images":{"thumbnail":false,"medium":false,"medium_large":false,"large":false,"full":false},"_links":{"self":[{"href":"https:\/\/hpaulick.de\/index.php?rest_route=\/wp\/v2\/posts\/1387","targetHints":{"allow":["GET"]}}],"collection":[{"href":"https:\/\/hpaulick.de\/index.php?rest_route=\/wp\/v2\/posts"}],"about":[{"href":"https:\/\/hpaulick.de\/index.php?rest_route=\/wp\/v2\/types\/post"}],"author":[{"embeddable":true,"href":"https:\/\/hpaulick.de\/index.php?rest_route=\/wp\/v2\/users\/1"}],"replies":[{"embeddable":true,"href":"https:\/\/hpaulick.de\/index.php?rest_route=%2Fwp%2Fv2%2Fcomments&post=1387"}],"version-history":[{"count":1,"href":"https:\/\/hpaulick.de\/index.php?rest_route=\/wp\/v2\/posts\/1387\/revisions"}],"predecessor-version":[{"id":1388,"href":"https:\/\/hpaulick.de\/index.php?rest_route=\/wp\/v2\/posts\/1387\/revisions\/1388"}],"wp:attachment":[{"href":"https:\/\/hpaulick.de\/index.php?rest_route=%2Fwp%2Fv2%2Fmedia&parent=1387"}],"wp:term":[{"taxonomy":"category","embeddable":true,"href":"https:\/\/hpaulick.de\/index.php?rest_route=%2Fwp%2Fv2%2Fcategories&post=1387"},{"taxonomy":"post_tag","embeddable":true,"href":"https:\/\/hpaulick.de\/index.php?rest_route=%2Fwp%2Fv2%2Ftags&post=1387"}],"curies":[{"name":"wp","href":"https:\/\/api.w.org\/{rel}","templated":true}]}}