{"id":1389,"date":"2023-12-10T11:00:00","date_gmt":"2023-12-10T11:00:00","guid":{"rendered":"http:\/\/hpaulick.de\/?p=1389"},"modified":"2023-12-10T11:00:00","modified_gmt":"2023-12-10T11:00:00","slug":"berliner-gruene-brechen-parteitag-ab","status":"publish","type":"post","link":"https:\/\/hpaulick.de\/?p=1389","title":{"rendered":"Berliner Gr\u00fcne brechen Parteitag ab"},"content":{"rendered":"<div class=\"twitter-tweet\">\n<blockquote class=\"twitter-tweet\" data-lang=\"de\">\n<p lang=\"de\" dir=\"ltr\"><a href=\"https:\/\/twitter.com\/hashtag\/Berliner?src=hash&amp;ref_src=twsrc%5Etfw\">#Berliner<\/a> <a href=\"https:\/\/twitter.com\/hashtag\/Gr%C3%BCne?src=hash&amp;ref_src=twsrc%5Etfw\">#Gr\u00fcne<\/a> brechen <a href=\"https:\/\/twitter.com\/hashtag\/Parteitag?src=hash&amp;ref_src=twsrc%5Etfw\">#Parteitag<\/a> ab<br \/>Weil die einzige Kandidatin f\u00fcr das Amt der Landesvorsitzenden in drei Wahlg\u00e4ngen keine absolute Mehrheit bekam, haben die Gr\u00fcnen die Landesdelegiertenkonferenz gestoppt.<br \/>Parteitag soll am Mittwoch fortgesetzt werden.<a href=\"https:\/\/t.co\/DMK0Jm8hkU\">https:\/\/t.co\/DMK0Jm8hkU<\/a><\/p>\n<p>&mdash; Wir brauchen durchgreifende ehrliche Politiker! (@DeutscheWaehler) <a href=\"https:\/\/twitter.com\/DeutscheWaehler\/status\/1733803418123112944?ref_src=twsrc%5Etfw\">10. Dezember 2023<\/a><\/p><\/blockquote>\n<\/div>\n\n<div class=\"twitter-share\"><a href=\"https:\/\/twitter.com\/intent\/tweet?via=haraldpaulick\" class=\"twitter-share-button\" data-size=\"large\">Twittern<\/a><\/div>\n","protected":false},"excerpt":{"rendered":"<p>#Berliner #Gr\u00fcne brechen #Parteitag abWeil die einzige Kandidatin f\u00fcr das Amt der Landesvorsitzenden in drei Wahlg\u00e4ngen keine absolute Mehrheit bekam, haben die Gr\u00fcnen die Landesdelegiertenkonferenz gestoppt.Parteitag soll am Mittwoch fortgesetzt werden.https:\/\/t.co\/DMK0Jm8hkU &mdash; Wir brauchen durchgreifende ehrliche Politiker! (@DeutscheWaehler) 10. Dezember 2023<\/p>\n","protected":false},"author":1,"featured_media":0,"comment_status":"closed","ping_status":"open","sticky":false,"template":"","format":"standard","meta":{"footnotes":""},"categories":[{"term_id":30,"name":"GR\u00dcNE Murks Politik","slug":"gruene-murks-politik","term_group":0,"term_taxonomy_id":30,"taxonomy":"category","description":"","parent":0,"count":805,"filter":"raw","cat_ID":30,"category_count":805,"category_description":"","cat_name":"GR\u00dcNE Murks Politik","category_nicename":"gruene-murks-politik","category_parent":0},{"term_id":40,"name":"Partei ohne ARSCH in der HOSE","slug":"partei-ohne-arsch-in-der-hose","term_group":0,"term_taxonomy_id":40,"taxonomy":"category","description":"","parent":0,"count":236,"filter":"raw","cat_ID":40,"category_count":236,"category_description":"","cat_name":"Partei ohne ARSCH in der HOSE","category_nicename":"partei-ohne-arsch-in-der-hose","category_parent":0},{"term_id":111,"name":"Sozialismus","slug":"sozialismus","term_group":0,"term_taxonomy_id":111,"taxonomy":"category","description":"","parent":0,"count":280,"filter":"raw","cat_ID":111,"category_count":280,"category_description":"","cat_name":"Sozialismus","category_nicename":"sozialismus","category_parent":0}],"tags":[],"class_list":["post-1389","post","type-post","status-publish","format-standard","hentry","category-gruene-murks-politik","category-partei-ohne-arsch-in-der-hose","category-sozialismus"],"images":{"thumbnail":false,"medium":false,"medium_large":false,"large":false,"full":false},"_links":{"self":[{"href":"https:\/\/hpaulick.de\/index.php?rest_route=\/wp\/v2\/posts\/1389","targetHints":{"allow":["GET"]}}],"collection":[{"href":"https:\/\/hpaulick.de\/index.php?rest_route=\/wp\/v2\/posts"}],"about":[{"href":"https:\/\/hpaulick.de\/index.php?rest_route=\/wp\/v2\/types\/post"}],"author":[{"embeddable":true,"href":"https:\/\/hpaulick.de\/index.php?rest_route=\/wp\/v2\/users\/1"}],"replies":[{"embeddable":true,"href":"https:\/\/hpaulick.de\/index.php?rest_route=%2Fwp%2Fv2%2Fcomments&post=1389"}],"version-history":[{"count":1,"href":"https:\/\/hpaulick.de\/index.php?rest_route=\/wp\/v2\/posts\/1389\/revisions"}],"predecessor-version":[{"id":1390,"href":"https:\/\/hpaulick.de\/index.php?rest_route=\/wp\/v2\/posts\/1389\/revisions\/1390"}],"wp:attachment":[{"href":"https:\/\/hpaulick.de\/index.php?rest_route=%2Fwp%2Fv2%2Fmedia&parent=1389"}],"wp:term":[{"taxonomy":"category","embeddable":true,"href":"https:\/\/hpaulick.de\/index.php?rest_route=%2Fwp%2Fv2%2Fcategories&post=1389"},{"taxonomy":"post_tag","embeddable":true,"href":"https:\/\/hpaulick.de\/index.php?rest_route=%2Fwp%2Fv2%2Ftags&post=1389"}],"curies":[{"name":"wp","href":"https:\/\/api.w.org\/{rel}","templated":true}]}}