{"id":1468,"date":"2023-12-18T17:33:03","date_gmt":"2023-12-18T17:33:03","guid":{"rendered":"http:\/\/hpaulick.de\/?p=1468"},"modified":"2023-12-18T17:33:03","modified_gmt":"2023-12-18T17:33:03","slug":"landwirtschaftsminister-beruf-erzieher-oezdemir-gruene-protestiert-gegen-die-ampel-regierung","status":"publish","type":"post","link":"https:\/\/hpaulick.de\/?p=1468","title":{"rendered":"Landwirtschaftsminister (Beruf Erzieher) \u00d6zdemir GR\u00dcNE protestiert gegen die Ampel Regierung"},"content":{"rendered":"<div class=\"twitter-tweet\">\n<blockquote class=\"twitter-tweet\" data-lang=\"de\">\n<p lang=\"de\" dir=\"ltr\">Nicht nur die FDP, sondern auch Landwirtschaftsminister (Beruf Erzieher) \u00d6zdemir GR\u00dcNE protestiert mit den Bauern gegen die Bundesregierung heute, der er selber angeh\u00f6rt! <a href=\"https:\/\/t.co\/XM5uouQ4yB\">https:\/\/t.co\/XM5uouQ4yB<\/a><\/p>\n<p>&mdash; Wir brauchen durchgreifende ehrliche Politiker! (@DeutscheWaehler) <a href=\"https:\/\/twitter.com\/DeutscheWaehler\/status\/1736800013416624250?ref_src=twsrc%5Etfw\">18. Dezember 2023<\/a><\/p><\/blockquote>\n<\/div>\n\n<div class=\"twitter-share\"><a href=\"https:\/\/twitter.com\/intent\/tweet?via=haraldpaulick\" class=\"twitter-share-button\" data-size=\"large\">Twittern<\/a><\/div>\n","protected":false},"excerpt":{"rendered":"<p>Nicht nur die FDP, sondern auch Landwirtschaftsminister (Beruf Erzieher) \u00d6zdemir GR\u00dcNE protestiert mit den Bauern gegen die Bundesregierung heute, der er selber angeh\u00f6rt! https:\/\/t.co\/XM5uouQ4yB &mdash; Wir brauchen durchgreifende ehrliche Politiker! (@DeutscheWaehler) 18. Dezember 2023<\/p>\n","protected":false},"author":1,"featured_media":0,"comment_status":"closed","ping_status":"open","sticky":false,"template":"","format":"standard","meta":{"footnotes":""},"categories":[{"term_id":54,"name":"Bildungslose Politiker","slug":"bildungslose-politiker","term_group":0,"term_taxonomy_id":54,"taxonomy":"category","description":"","parent":0,"count":676,"filter":"raw","cat_ID":54,"category_count":676,"category_description":"","cat_name":"Bildungslose Politiker","category_nicename":"bildungslose-politiker","category_parent":0},{"term_id":49,"name":"Deutschland schafft sich ab","slug":"deutschland-schafft-sich-ab","term_group":0,"term_taxonomy_id":49,"taxonomy":"category","description":"","parent":0,"count":663,"filter":"raw","cat_ID":49,"category_count":663,"category_description":"","cat_name":"Deutschland schafft sich ab","category_nicename":"deutschland-schafft-sich-ab","category_parent":0},{"term_id":117,"name":"Diktatur","slug":"diktatur","term_group":0,"term_taxonomy_id":117,"taxonomy":"category","description":"","parent":0,"count":391,"filter":"raw","cat_ID":117,"category_count":391,"category_description":"","cat_name":"Diktatur","category_nicename":"diktatur","category_parent":0},{"term_id":30,"name":"GR\u00dcNE Murks Politik","slug":"gruene-murks-politik","term_group":0,"term_taxonomy_id":30,"taxonomy":"category","description":"","parent":0,"count":805,"filter":"raw","cat_ID":30,"category_count":805,"category_description":"","cat_name":"GR\u00dcNE Murks Politik","category_nicename":"gruene-murks-politik","category_parent":0},{"term_id":53,"name":"Konjunktur","slug":"konjunktur","term_group":0,"term_taxonomy_id":53,"taxonomy":"category","description":"","parent":0,"count":44,"filter":"raw","cat_ID":53,"category_count":44,"category_description":"","cat_name":"Konjunktur","category_nicename":"konjunktur","category_parent":0},{"term_id":102,"name":"L\u00dcGEN","slug":"luegen","term_group":0,"term_taxonomy_id":102,"taxonomy":"category","description":"","parent":0,"count":389,"filter":"raw","cat_ID":102,"category_count":389,"category_description":"","cat_name":"L\u00dcGEN","category_nicename":"luegen","category_parent":0},{"term_id":112,"name":"Milliarden Deals UNBEMERKT","slug":"milliarden-deals-unbemerkt","term_group":0,"term_taxonomy_id":112,"taxonomy":"category","description":"","parent":0,"count":559,"filter":"raw","cat_ID":112,"category_count":559,"category_description":"","cat_name":"Milliarden Deals UNBEMERKT","category_nicename":"milliarden-deals-unbemerkt","category_parent":0},{"term_id":25,"name":"Steuerhinterziehung","slug":"steuerhinterziehung","term_group":0,"term_taxonomy_id":25,"taxonomy":"category","description":"","parent":0,"count":17,"filter":"raw","cat_ID":25,"category_count":17,"category_description":"","cat_name":"Steuerhinterziehung","category_nicename":"steuerhinterziehung","category_parent":0}],"tags":[],"class_list":["post-1468","post","type-post","status-publish","format-standard","hentry","category-bildungslose-politiker","category-deutschland-schafft-sich-ab","category-diktatur","category-gruene-murks-politik","category-konjunktur","category-luegen","category-milliarden-deals-unbemerkt","category-steuerhinterziehung"],"images":{"thumbnail":false,"medium":false,"medium_large":false,"large":false,"full":false},"_links":{"self":[{"href":"https:\/\/hpaulick.de\/index.php?rest_route=\/wp\/v2\/posts\/1468","targetHints":{"allow":["GET"]}}],"collection":[{"href":"https:\/\/hpaulick.de\/index.php?rest_route=\/wp\/v2\/posts"}],"about":[{"href":"https:\/\/hpaulick.de\/index.php?rest_route=\/wp\/v2\/types\/post"}],"author":[{"embeddable":true,"href":"https:\/\/hpaulick.de\/index.php?rest_route=\/wp\/v2\/users\/1"}],"replies":[{"embeddable":true,"href":"https:\/\/hpaulick.de\/index.php?rest_route=%2Fwp%2Fv2%2Fcomments&post=1468"}],"version-history":[{"count":1,"href":"https:\/\/hpaulick.de\/index.php?rest_route=\/wp\/v2\/posts\/1468\/revisions"}],"predecessor-version":[{"id":1469,"href":"https:\/\/hpaulick.de\/index.php?rest_route=\/wp\/v2\/posts\/1468\/revisions\/1469"}],"wp:attachment":[{"href":"https:\/\/hpaulick.de\/index.php?rest_route=%2Fwp%2Fv2%2Fmedia&parent=1468"}],"wp:term":[{"taxonomy":"category","embeddable":true,"href":"https:\/\/hpaulick.de\/index.php?rest_route=%2Fwp%2Fv2%2Fcategories&post=1468"},{"taxonomy":"post_tag","embeddable":true,"href":"https:\/\/hpaulick.de\/index.php?rest_route=%2Fwp%2Fv2%2Ftags&post=1468"}],"curies":[{"name":"wp","href":"https:\/\/api.w.org\/{rel}","templated":true}]}}