{"id":1487,"date":"2023-12-21T21:32:46","date_gmt":"2023-12-21T21:32:46","guid":{"rendered":"http:\/\/hpaulick.de\/?p=1487"},"modified":"2023-12-21T21:32:46","modified_gmt":"2023-12-21T21:32:46","slug":"am-08-01-2024-wird-die-ampel-entlassen-der-souveraen-das-volk","status":"publish","type":"post","link":"https:\/\/hpaulick.de\/?p=1487","title":{"rendered":"Am 08.01.2024 wird die Ampel entlassen. Der Souver\u00e4n &#8211; Das VOLK!"},"content":{"rendered":"<div class=\"twitter-tweet\">\n<blockquote class=\"twitter-tweet\" data-lang=\"de\">\n<p lang=\"de\" dir=\"ltr\">Wenn 43.000.000 B\u00fcrger am 08.01.2024 auf die Stra\u00dfe gehen, so hat der Souver\u00e4n mit Mehrheit gesprochen und die Ampel ist entlassen! <a href=\"https:\/\/t.co\/FtABpukyG1\">https:\/\/t.co\/FtABpukyG1<\/a><\/p>\n<p>&mdash; Kater Montecarlo (@KaterMontecarlo) <a href=\"https:\/\/twitter.com\/KaterMontecarlo\/status\/1737948226681245970?ref_src=twsrc%5Etfw\">21. Dezember 2023<\/a><\/p><\/blockquote>\n<\/div>\n\n<div class=\"twitter-share\"><a href=\"https:\/\/twitter.com\/intent\/tweet?via=haraldpaulick\" class=\"twitter-share-button\" data-size=\"large\">Twittern<\/a><\/div>\n","protected":false},"excerpt":{"rendered":"<p>Wenn 43.000.000 B\u00fcrger am 08.01.2024 auf die Stra\u00dfe gehen, so hat der Souver\u00e4n mit Mehrheit gesprochen und die Ampel ist entlassen! https:\/\/t.co\/FtABpukyG1 &mdash; Kater Montecarlo (@KaterMontecarlo) 21. Dezember 2023<\/p>\n","protected":false},"author":1,"featured_media":0,"comment_status":"closed","ping_status":"open","sticky":false,"template":"","format":"standard","meta":{"footnotes":""},"categories":[{"term_id":125,"name":"Ampel-Regierung","slug":"ampel-regierung","term_group":0,"term_taxonomy_id":125,"taxonomy":"category","description":"","parent":0,"count":403,"filter":"raw","cat_ID":125,"category_count":403,"category_description":"","cat_name":"Ampel-Regierung","category_nicename":"ampel-regierung","category_parent":0},{"term_id":54,"name":"Bildungslose Politiker","slug":"bildungslose-politiker","term_group":0,"term_taxonomy_id":54,"taxonomy":"category","description":"","parent":0,"count":675,"filter":"raw","cat_ID":54,"category_count":675,"category_description":"","cat_name":"Bildungslose Politiker","category_nicename":"bildungslose-politiker","category_parent":0},{"term_id":65,"name":"Fl\u00fcchtlinge","slug":"fluechtlinge","term_group":0,"term_taxonomy_id":65,"taxonomy":"category","description":"","parent":0,"count":187,"filter":"raw","cat_ID":65,"category_count":187,"category_description":"","cat_name":"Fl\u00fcchtlinge","category_nicename":"fluechtlinge","category_parent":0},{"term_id":62,"name":"Geldverschwendung","slug":"geldverschwendung","term_group":0,"term_taxonomy_id":62,"taxonomy":"category","description":"","parent":0,"count":185,"filter":"raw","cat_ID":62,"category_count":185,"category_description":"","cat_name":"Geldverschwendung","category_nicename":"geldverschwendung","category_parent":0},{"term_id":30,"name":"GR\u00dcNE Murks Politik","slug":"gruene-murks-politik","term_group":0,"term_taxonomy_id":30,"taxonomy":"category","description":"","parent":0,"count":804,"filter":"raw","cat_ID":30,"category_count":804,"category_description":"","cat_name":"GR\u00dcNE Murks Politik","category_nicename":"gruene-murks-politik","category_parent":0},{"term_id":112,"name":"Milliarden Deals UNBEMERKT","slug":"milliarden-deals-unbemerkt","term_group":0,"term_taxonomy_id":112,"taxonomy":"category","description":"","parent":0,"count":557,"filter":"raw","cat_ID":112,"category_count":557,"category_description":"","cat_name":"Milliarden Deals UNBEMERKT","category_nicename":"milliarden-deals-unbemerkt","category_parent":0},{"term_id":101,"name":"Staatsschulden","slug":"staatsschulden","term_group":0,"term_taxonomy_id":101,"taxonomy":"category","description":"","parent":0,"count":77,"filter":"raw","cat_ID":101,"category_count":77,"category_description":"","cat_name":"Staatsschulden","category_nicename":"staatsschulden","category_parent":0},{"term_id":91,"name":"Steuererh\u00f6hungen","slug":"steuererhoehungen","term_group":0,"term_taxonomy_id":91,"taxonomy":"category","description":"","parent":0,"count":107,"filter":"raw","cat_ID":91,"category_count":107,"category_description":"","cat_name":"Steuererh\u00f6hungen","category_nicename":"steuererhoehungen","category_parent":0}],"tags":[],"class_list":["post-1487","post","type-post","status-publish","format-standard","hentry","category-ampel-regierung","category-bildungslose-politiker","category-fluechtlinge","category-geldverschwendung","category-gruene-murks-politik","category-milliarden-deals-unbemerkt","category-staatsschulden","category-steuererhoehungen"],"images":{"thumbnail":false,"medium":false,"medium_large":false,"large":false,"full":false},"_links":{"self":[{"href":"https:\/\/hpaulick.de\/index.php?rest_route=\/wp\/v2\/posts\/1487","targetHints":{"allow":["GET"]}}],"collection":[{"href":"https:\/\/hpaulick.de\/index.php?rest_route=\/wp\/v2\/posts"}],"about":[{"href":"https:\/\/hpaulick.de\/index.php?rest_route=\/wp\/v2\/types\/post"}],"author":[{"embeddable":true,"href":"https:\/\/hpaulick.de\/index.php?rest_route=\/wp\/v2\/users\/1"}],"replies":[{"embeddable":true,"href":"https:\/\/hpaulick.de\/index.php?rest_route=%2Fwp%2Fv2%2Fcomments&post=1487"}],"version-history":[{"count":1,"href":"https:\/\/hpaulick.de\/index.php?rest_route=\/wp\/v2\/posts\/1487\/revisions"}],"predecessor-version":[{"id":1488,"href":"https:\/\/hpaulick.de\/index.php?rest_route=\/wp\/v2\/posts\/1487\/revisions\/1488"}],"wp:attachment":[{"href":"https:\/\/hpaulick.de\/index.php?rest_route=%2Fwp%2Fv2%2Fmedia&parent=1487"}],"wp:term":[{"taxonomy":"category","embeddable":true,"href":"https:\/\/hpaulick.de\/index.php?rest_route=%2Fwp%2Fv2%2Fcategories&post=1487"},{"taxonomy":"post_tag","embeddable":true,"href":"https:\/\/hpaulick.de\/index.php?rest_route=%2Fwp%2Fv2%2Ftags&post=1487"}],"curies":[{"name":"wp","href":"https:\/\/api.w.org\/{rel}","templated":true}]}}