{"id":1491,"date":"2023-12-22T11:01:24","date_gmt":"2023-12-22T11:01:24","guid":{"rendered":"http:\/\/hpaulick.de\/?p=1491"},"modified":"2023-12-22T11:01:52","modified_gmt":"2023-12-22T11:01:52","slug":"deutschlandtrend","status":"publish","type":"post","link":"https:\/\/hpaulick.de\/?p=1491","title":{"rendered":"&#8222;Deutschlandtrend&#8220; 22.12.2023"},"content":{"rendered":"<div class=\"twitter-tweet\">\n<blockquote class=\"twitter-tweet\" data-lang=\"de\">\n<p lang=\"de\" dir=\"ltr\">&quot;Deutschlandtrend&quot;<br \/>FDP w\u00fcrde 5-Prozent-H\u00fcrde knacken<br \/>Da w\u00e4re ich mir nicht so sicher.<br \/>2024 568 \u20ac pro Person beim Normalverdiener weniger in der Tasche, wird so manchen FDP W\u00e4hler abschrecken!<br \/>2021 11,5% jetzt 4,9% gedrittelt<br \/>Wenn das so weiter geht, 2,9%!<a href=\"https:\/\/t.co\/0KXIAiCPUP\">https:\/\/t.co\/0KXIAiCPUP<\/a> <a href=\"https:\/\/t.co\/PA0f7ceqr4\">pic.twitter.com\/PA0f7ceqr4<\/a><\/p>\n<p>&mdash; Friedliche Politische Mitte: zwischen AfD &amp; CDU (@Freund_WUPartei) <a href=\"https:\/\/twitter.com\/Freund_WUPartei\/status\/1738151699750019414?ref_src=twsrc%5Etfw\">22. Dezember 2023<\/a><\/p><\/blockquote>\n<\/div>\n\n<div class=\"twitter-share\"><a href=\"https:\/\/twitter.com\/intent\/tweet?via=haraldpaulick\" class=\"twitter-share-button\" data-size=\"large\">Twittern<\/a><\/div>\n","protected":false},"excerpt":{"rendered":"<p>&quot;Deutschlandtrend&quot;FDP w\u00fcrde 5-Prozent-H\u00fcrde knackenDa w\u00e4re ich mir nicht so sicher.2024 568 \u20ac pro Person beim Normalverdiener weniger in der Tasche, wird so manchen FDP W\u00e4hler abschrecken!2021 11,5% jetzt 4,9% gedritteltWenn das so weiter geht, 2,9%!https:\/\/t.co\/0KXIAiCPUP pic.twitter.com\/PA0f7ceqr4 &mdash; Friedliche Politische Mitte: zwischen AfD &amp; CDU (@Freund_WUPartei) 22. Dezember 2023<\/p>\n","protected":false},"author":1,"featured_media":0,"comment_status":"closed","ping_status":"open","sticky":false,"template":"","format":"standard","meta":{"footnotes":""},"categories":[{"term_id":125,"name":"Ampel-Regierung","slug":"ampel-regierung","term_group":0,"term_taxonomy_id":125,"taxonomy":"category","description":"","parent":0,"count":403,"filter":"raw","cat_ID":125,"category_count":403,"category_description":"","cat_name":"Ampel-Regierung","category_nicename":"ampel-regierung","category_parent":0},{"term_id":117,"name":"Diktatur","slug":"diktatur","term_group":0,"term_taxonomy_id":117,"taxonomy":"category","description":"","parent":0,"count":391,"filter":"raw","cat_ID":117,"category_count":391,"category_description":"","cat_name":"Diktatur","category_nicename":"diktatur","category_parent":0},{"term_id":85,"name":"FDP","slug":"fdp","term_group":0,"term_taxonomy_id":85,"taxonomy":"category","description":"","parent":0,"count":78,"filter":"raw","cat_ID":85,"category_count":78,"category_description":"","cat_name":"FDP","category_nicename":"fdp","category_parent":0},{"term_id":30,"name":"GR\u00dcNE Murks Politik","slug":"gruene-murks-politik","term_group":0,"term_taxonomy_id":30,"taxonomy":"category","description":"","parent":0,"count":805,"filter":"raw","cat_ID":30,"category_count":805,"category_description":"","cat_name":"GR\u00dcNE Murks Politik","category_nicename":"gruene-murks-politik","category_parent":0},{"term_id":102,"name":"L\u00dcGEN","slug":"luegen","term_group":0,"term_taxonomy_id":102,"taxonomy":"category","description":"","parent":0,"count":389,"filter":"raw","cat_ID":102,"category_count":389,"category_description":"","cat_name":"L\u00dcGEN","category_nicename":"luegen","category_parent":0},{"term_id":59,"name":"Neuverschuldung","slug":"neuverschuldung","term_group":0,"term_taxonomy_id":59,"taxonomy":"category","description":"","parent":0,"count":64,"filter":"raw","cat_ID":59,"category_count":64,"category_description":"","cat_name":"Neuverschuldung","category_nicename":"neuverschuldung","category_parent":0},{"term_id":40,"name":"Partei ohne ARSCH in der HOSE","slug":"partei-ohne-arsch-in-der-hose","term_group":0,"term_taxonomy_id":40,"taxonomy":"category","description":"","parent":0,"count":236,"filter":"raw","cat_ID":40,"category_count":236,"category_description":"","cat_name":"Partei ohne ARSCH in der HOSE","category_nicename":"partei-ohne-arsch-in-der-hose","category_parent":0},{"term_id":91,"name":"Steuererh\u00f6hungen","slug":"steuererhoehungen","term_group":0,"term_taxonomy_id":91,"taxonomy":"category","description":"","parent":0,"count":108,"filter":"raw","cat_ID":91,"category_count":108,"category_description":"","cat_name":"Steuererh\u00f6hungen","category_nicename":"steuererhoehungen","category_parent":0},{"term_id":119,"name":"Vetternwirtschaft","slug":"vetternwirtschaft","term_group":0,"term_taxonomy_id":119,"taxonomy":"category","description":"","parent":0,"count":491,"filter":"raw","cat_ID":119,"category_count":491,"category_description":"","cat_name":"Vetternwirtschaft","category_nicename":"vetternwirtschaft","category_parent":0}],"tags":[],"class_list":["post-1491","post","type-post","status-publish","format-standard","hentry","category-ampel-regierung","category-diktatur","category-fdp","category-gruene-murks-politik","category-luegen","category-neuverschuldung","category-partei-ohne-arsch-in-der-hose","category-steuererhoehungen","category-vetternwirtschaft"],"images":{"thumbnail":false,"medium":false,"medium_large":false,"large":false,"full":false},"_links":{"self":[{"href":"https:\/\/hpaulick.de\/index.php?rest_route=\/wp\/v2\/posts\/1491","targetHints":{"allow":["GET"]}}],"collection":[{"href":"https:\/\/hpaulick.de\/index.php?rest_route=\/wp\/v2\/posts"}],"about":[{"href":"https:\/\/hpaulick.de\/index.php?rest_route=\/wp\/v2\/types\/post"}],"author":[{"embeddable":true,"href":"https:\/\/hpaulick.de\/index.php?rest_route=\/wp\/v2\/users\/1"}],"replies":[{"embeddable":true,"href":"https:\/\/hpaulick.de\/index.php?rest_route=%2Fwp%2Fv2%2Fcomments&post=1491"}],"version-history":[{"count":2,"href":"https:\/\/hpaulick.de\/index.php?rest_route=\/wp\/v2\/posts\/1491\/revisions"}],"predecessor-version":[{"id":1493,"href":"https:\/\/hpaulick.de\/index.php?rest_route=\/wp\/v2\/posts\/1491\/revisions\/1493"}],"wp:attachment":[{"href":"https:\/\/hpaulick.de\/index.php?rest_route=%2Fwp%2Fv2%2Fmedia&parent=1491"}],"wp:term":[{"taxonomy":"category","embeddable":true,"href":"https:\/\/hpaulick.de\/index.php?rest_route=%2Fwp%2Fv2%2Fcategories&post=1491"},{"taxonomy":"post_tag","embeddable":true,"href":"https:\/\/hpaulick.de\/index.php?rest_route=%2Fwp%2Fv2%2Ftags&post=1491"}],"curies":[{"name":"wp","href":"https:\/\/api.w.org\/{rel}","templated":true}]}}