{"id":1639,"date":"2024-01-16T09:04:33","date_gmt":"2024-01-16T09:04:33","guid":{"rendered":"http:\/\/hpaulick.de\/?p=1639"},"modified":"2024-01-16T09:04:33","modified_gmt":"2024-01-16T09:04:33","slug":"merz-will-die-cdu-halbieren","status":"publish","type":"post","link":"https:\/\/hpaulick.de\/?p=1639","title":{"rendered":"Merz will die CDU halbieren:"},"content":{"rendered":"<div class=\"twitter-tweet\">\n<blockquote class=\"twitter-tweet\" data-lang=\"de\">\n<p lang=\"de\" dir=\"ltr\">Merz will die CDU halbieren:<br \/>Merz w\u00e4re der erste CDU Politiker der seinen RECHTEN FL\u00dcGEL entfernt. Er w\u00e4re damit auch der erste CDU Politiker der die CDU halbiert.<br \/>Das nennt man: selbst kastrieren.<\/p>\n<p>Was w\u00fcrde Franz Josef Strau\u00df dazu sagen? <a href=\"https:\/\/t.co\/KY6yXIx6ZN\">https:\/\/t.co\/KY6yXIx6ZN<\/a><\/p>\n<p>&mdash; Berliner Politiker &#8211; Friedliche Mitbestimmung (@BPolitiker) <a href=\"https:\/\/twitter.com\/BPolitiker\/status\/1747182510075769299?ref_src=twsrc%5Etfw\">16. Januar 2024<\/a><\/p><\/blockquote>\n<\/div>\n\n<div class=\"twitter-share\"><a href=\"https:\/\/twitter.com\/intent\/tweet?via=haraldpaulick\" class=\"twitter-share-button\" data-size=\"large\">Twittern<\/a><\/div>\n","protected":false},"excerpt":{"rendered":"<p>Merz will die CDU halbieren:Merz w\u00e4re der erste CDU Politiker der seinen RECHTEN FL\u00dcGEL entfernt. Er w\u00e4re damit auch der erste CDU Politiker der die CDU halbiert.Das nennt man: selbst kastrieren. Was w\u00fcrde Franz Josef Strau\u00df dazu sagen? https:\/\/t.co\/KY6yXIx6ZN &mdash; Berliner Politiker &#8211; Friedliche Mitbestimmung (@BPolitiker) 16. Januar 2024<\/p>\n","protected":false},"author":1,"featured_media":0,"comment_status":"closed","ping_status":"open","sticky":false,"template":"","format":"standard","meta":{"footnotes":""},"categories":[{"term_id":125,"name":"Ampel-Regierung","slug":"ampel-regierung","term_group":0,"term_taxonomy_id":125,"taxonomy":"category","description":"","parent":0,"count":403,"filter":"raw","cat_ID":125,"category_count":403,"category_description":"","cat_name":"Ampel-Regierung","category_nicename":"ampel-regierung","category_parent":0},{"term_id":81,"name":"CDU","slug":"cdu","term_group":0,"term_taxonomy_id":81,"taxonomy":"category","description":"","parent":0,"count":123,"filter":"raw","cat_ID":81,"category_count":123,"category_description":"","cat_name":"CDU","category_nicename":"cdu","category_parent":0},{"term_id":104,"name":"CSU","slug":"csu","term_group":0,"term_taxonomy_id":104,"taxonomy":"category","description":"","parent":0,"count":71,"filter":"raw","cat_ID":104,"category_count":71,"category_description":"","cat_name":"CSU","category_nicename":"csu","category_parent":0},{"term_id":132,"name":"Das 4. Reich GR\u00dcNER Pr\u00e4gung","slug":"das-4-reich-gruener-praegung","term_group":0,"term_taxonomy_id":132,"taxonomy":"category","description":"","parent":0,"count":458,"filter":"raw","cat_ID":132,"category_count":458,"category_description":"","cat_name":"Das 4. Reich GR\u00dcNER Pr\u00e4gung","category_nicename":"das-4-reich-gruener-praegung","category_parent":0},{"term_id":49,"name":"Deutschland schafft sich ab","slug":"deutschland-schafft-sich-ab","term_group":0,"term_taxonomy_id":49,"taxonomy":"category","description":"","parent":0,"count":663,"filter":"raw","cat_ID":49,"category_count":663,"category_description":"","cat_name":"Deutschland schafft sich ab","category_nicename":"deutschland-schafft-sich-ab","category_parent":0},{"term_id":117,"name":"Diktatur","slug":"diktatur","term_group":0,"term_taxonomy_id":117,"taxonomy":"category","description":"","parent":0,"count":391,"filter":"raw","cat_ID":117,"category_count":391,"category_description":"","cat_name":"Diktatur","category_nicename":"diktatur","category_parent":0},{"term_id":30,"name":"GR\u00dcNE Murks Politik","slug":"gruene-murks-politik","term_group":0,"term_taxonomy_id":30,"taxonomy":"category","description":"","parent":0,"count":805,"filter":"raw","cat_ID":30,"category_count":805,"category_description":"","cat_name":"GR\u00dcNE Murks Politik","category_nicename":"gruene-murks-politik","category_parent":0},{"term_id":40,"name":"Partei ohne ARSCH in der HOSE","slug":"partei-ohne-arsch-in-der-hose","term_group":0,"term_taxonomy_id":40,"taxonomy":"category","description":"","parent":0,"count":236,"filter":"raw","cat_ID":40,"category_count":236,"category_description":"","cat_name":"Partei ohne ARSCH in der HOSE","category_nicename":"partei-ohne-arsch-in-der-hose","category_parent":0},{"term_id":89,"name":"Rechtsstaat","slug":"rechtsstaat","term_group":0,"term_taxonomy_id":89,"taxonomy":"category","description":"","parent":0,"count":121,"filter":"raw","cat_ID":89,"category_count":121,"category_description":"","cat_name":"Rechtsstaat","category_nicename":"rechtsstaat","category_parent":0},{"term_id":111,"name":"Sozialismus","slug":"sozialismus","term_group":0,"term_taxonomy_id":111,"taxonomy":"category","description":"","parent":0,"count":280,"filter":"raw","cat_ID":111,"category_count":280,"category_description":"","cat_name":"Sozialismus","category_nicename":"sozialismus","category_parent":0},{"term_id":101,"name":"Staatsschulden","slug":"staatsschulden","term_group":0,"term_taxonomy_id":101,"taxonomy":"category","description":"","parent":0,"count":77,"filter":"raw","cat_ID":101,"category_count":77,"category_description":"","cat_name":"Staatsschulden","category_nicename":"staatsschulden","category_parent":0},{"term_id":34,"name":"Wahl 2025 Bundestag","slug":"wahl-2025-bundestag","term_group":0,"term_taxonomy_id":34,"taxonomy":"category","description":"","parent":0,"count":120,"filter":"raw","cat_ID":34,"category_count":120,"category_description":"","cat_name":"Wahl 2025 Bundestag","category_nicename":"wahl-2025-bundestag","category_parent":0}],"tags":[],"class_list":["post-1639","post","type-post","status-publish","format-standard","hentry","category-ampel-regierung","category-cdu","category-csu","category-das-4-reich-gruener-praegung","category-deutschland-schafft-sich-ab","category-diktatur","category-gruene-murks-politik","category-partei-ohne-arsch-in-der-hose","category-rechtsstaat","category-sozialismus","category-staatsschulden","category-wahl-2025-bundestag"],"images":{"thumbnail":false,"medium":false,"medium_large":false,"large":false,"full":false},"_links":{"self":[{"href":"https:\/\/hpaulick.de\/index.php?rest_route=\/wp\/v2\/posts\/1639","targetHints":{"allow":["GET"]}}],"collection":[{"href":"https:\/\/hpaulick.de\/index.php?rest_route=\/wp\/v2\/posts"}],"about":[{"href":"https:\/\/hpaulick.de\/index.php?rest_route=\/wp\/v2\/types\/post"}],"author":[{"embeddable":true,"href":"https:\/\/hpaulick.de\/index.php?rest_route=\/wp\/v2\/users\/1"}],"replies":[{"embeddable":true,"href":"https:\/\/hpaulick.de\/index.php?rest_route=%2Fwp%2Fv2%2Fcomments&post=1639"}],"version-history":[{"count":1,"href":"https:\/\/hpaulick.de\/index.php?rest_route=\/wp\/v2\/posts\/1639\/revisions"}],"predecessor-version":[{"id":1640,"href":"https:\/\/hpaulick.de\/index.php?rest_route=\/wp\/v2\/posts\/1639\/revisions\/1640"}],"wp:attachment":[{"href":"https:\/\/hpaulick.de\/index.php?rest_route=%2Fwp%2Fv2%2Fmedia&parent=1639"}],"wp:term":[{"taxonomy":"category","embeddable":true,"href":"https:\/\/hpaulick.de\/index.php?rest_route=%2Fwp%2Fv2%2Fcategories&post=1639"},{"taxonomy":"post_tag","embeddable":true,"href":"https:\/\/hpaulick.de\/index.php?rest_route=%2Fwp%2Fv2%2Ftags&post=1639"}],"curies":[{"name":"wp","href":"https:\/\/api.w.org\/{rel}","templated":true}]}}