{"id":1641,"date":"2024-01-16T09:13:35","date_gmt":"2024-01-16T09:13:35","guid":{"rendered":"http:\/\/hpaulick.de\/?p=1641"},"modified":"2024-01-16T09:13:35","modified_gmt":"2024-01-16T09:13:35","slug":"warum-streicht-die-bundesregierung-die-subventionen-ausgerechnet-bei-bauern","status":"publish","type":"post","link":"https:\/\/hpaulick.de\/?p=1641","title":{"rendered":"Warum streicht die Bundesregierung die Subventionen ausgerechnet bei Bauern?"},"content":{"rendered":"<div class=\"twitter-tweet\">\n<blockquote class=\"twitter-tweet\" data-lang=\"de\">\n<p lang=\"de\" dir=\"ltr\">Warum streicht die <a href=\"https:\/\/twitter.com\/hashtag\/Bundesregierung?src=hash&amp;ref_src=twsrc%5Etfw\">#Bundesregierung<\/a> die <a href=\"https:\/\/twitter.com\/hashtag\/Subventionen?src=hash&amp;ref_src=twsrc%5Etfw\">#Subventionen<\/a> ausgerechnet bei <a href=\"https:\/\/twitter.com\/hashtag\/Bauern?src=hash&amp;ref_src=twsrc%5Etfw\">#Bauern<\/a>?<br \/>Schwer- &amp; Chemieindustrie, sowie erneuerbare Energien werden massiv subventioniert.<br \/>Wissen unsere Politiker nicht, das man die nicht essen kann?<br \/>Harald Paulick<br \/>Schriftsteller &amp; Menippeischer Satiriker<\/p>\n<p>&mdash; Berliner Politiker &#8211; Friedliche Mitbestimmung (@BPolitiker) <a href=\"https:\/\/twitter.com\/BPolitiker\/status\/1747184676735705288?ref_src=twsrc%5Etfw\">16. Januar 2024<\/a><\/p><\/blockquote>\n<\/div>\n\n<div class=\"twitter-share\"><a href=\"https:\/\/twitter.com\/intent\/tweet?via=haraldpaulick\" class=\"twitter-share-button\" data-size=\"large\">Twittern<\/a><\/div>\n","protected":false},"excerpt":{"rendered":"<p>Warum streicht die #Bundesregierung die #Subventionen ausgerechnet bei #Bauern?Schwer- &amp; Chemieindustrie, sowie erneuerbare Energien werden massiv subventioniert.Wissen unsere Politiker nicht, das man die nicht essen kann?Harald PaulickSchriftsteller &amp; Menippeischer Satiriker &mdash; Berliner Politiker &#8211; Friedliche Mitbestimmung (@BPolitiker) 16. Januar 2024<\/p>\n","protected":false},"author":1,"featured_media":0,"comment_status":"closed","ping_status":"open","sticky":false,"template":"","format":"standard","meta":{"footnotes":""},"categories":[{"term_id":125,"name":"Ampel-Regierung","slug":"ampel-regierung","term_group":0,"term_taxonomy_id":125,"taxonomy":"category","description":"","parent":0,"count":403,"filter":"raw","cat_ID":125,"category_count":403,"category_description":"","cat_name":"Ampel-Regierung","category_nicename":"ampel-regierung","category_parent":0},{"term_id":130,"name":"Bestechlichkeit","slug":"bestechlichkeit","term_group":0,"term_taxonomy_id":130,"taxonomy":"category","description":"","parent":0,"count":245,"filter":"raw","cat_ID":130,"category_count":245,"category_description":"","cat_name":"Bestechlichkeit","category_nicename":"bestechlichkeit","category_parent":0},{"term_id":132,"name":"Das 4. Reich GR\u00dcNER Pr\u00e4gung","slug":"das-4-reich-gruener-praegung","term_group":0,"term_taxonomy_id":132,"taxonomy":"category","description":"","parent":0,"count":458,"filter":"raw","cat_ID":132,"category_count":458,"category_description":"","cat_name":"Das 4. Reich GR\u00dcNER Pr\u00e4gung","category_nicename":"das-4-reich-gruener-praegung","category_parent":0},{"term_id":30,"name":"GR\u00dcNE Murks Politik","slug":"gruene-murks-politik","term_group":0,"term_taxonomy_id":30,"taxonomy":"category","description":"","parent":0,"count":804,"filter":"raw","cat_ID":30,"category_count":804,"category_description":"","cat_name":"GR\u00dcNE Murks Politik","category_nicename":"gruene-murks-politik","category_parent":0},{"term_id":64,"name":"Migrationspolitik","slug":"migrationspolitik","term_group":0,"term_taxonomy_id":64,"taxonomy":"category","description":"","parent":0,"count":398,"filter":"raw","cat_ID":64,"category_count":398,"category_description":"","cat_name":"Migrationspolitik","category_nicename":"migrationspolitik","category_parent":0},{"term_id":134,"name":"Selbstbedienungsladen Bundestag","slug":"selbstbedienungsladen-bundestag","term_group":0,"term_taxonomy_id":134,"taxonomy":"category","description":"","parent":0,"count":373,"filter":"raw","cat_ID":134,"category_count":373,"category_description":"","cat_name":"Selbstbedienungsladen Bundestag","category_nicename":"selbstbedienungsladen-bundestag","category_parent":0},{"term_id":111,"name":"Sozialismus","slug":"sozialismus","term_group":0,"term_taxonomy_id":111,"taxonomy":"category","description":"","parent":0,"count":280,"filter":"raw","cat_ID":111,"category_count":280,"category_description":"","cat_name":"Sozialismus","category_nicename":"sozialismus","category_parent":0},{"term_id":91,"name":"Steuererh\u00f6hungen","slug":"steuererhoehungen","term_group":0,"term_taxonomy_id":91,"taxonomy":"category","description":"","parent":0,"count":107,"filter":"raw","cat_ID":91,"category_count":107,"category_description":"","cat_name":"Steuererh\u00f6hungen","category_nicename":"steuererhoehungen","category_parent":0},{"term_id":39,"name":"Verbotskoalition","slug":"verbotskoalition","term_group":0,"term_taxonomy_id":39,"taxonomy":"category","description":"","parent":0,"count":248,"filter":"raw","cat_ID":39,"category_count":248,"category_description":"","cat_name":"Verbotskoalition","category_nicename":"verbotskoalition","category_parent":0}],"tags":[],"class_list":["post-1641","post","type-post","status-publish","format-standard","hentry","category-ampel-regierung","category-bestechlichkeit","category-das-4-reich-gruener-praegung","category-gruene-murks-politik","category-migrationspolitik","category-selbstbedienungsladen-bundestag","category-sozialismus","category-steuererhoehungen","category-verbotskoalition"],"images":{"thumbnail":false,"medium":false,"medium_large":false,"large":false,"full":false},"_links":{"self":[{"href":"https:\/\/hpaulick.de\/index.php?rest_route=\/wp\/v2\/posts\/1641","targetHints":{"allow":["GET"]}}],"collection":[{"href":"https:\/\/hpaulick.de\/index.php?rest_route=\/wp\/v2\/posts"}],"about":[{"href":"https:\/\/hpaulick.de\/index.php?rest_route=\/wp\/v2\/types\/post"}],"author":[{"embeddable":true,"href":"https:\/\/hpaulick.de\/index.php?rest_route=\/wp\/v2\/users\/1"}],"replies":[{"embeddable":true,"href":"https:\/\/hpaulick.de\/index.php?rest_route=%2Fwp%2Fv2%2Fcomments&post=1641"}],"version-history":[{"count":1,"href":"https:\/\/hpaulick.de\/index.php?rest_route=\/wp\/v2\/posts\/1641\/revisions"}],"predecessor-version":[{"id":1642,"href":"https:\/\/hpaulick.de\/index.php?rest_route=\/wp\/v2\/posts\/1641\/revisions\/1642"}],"wp:attachment":[{"href":"https:\/\/hpaulick.de\/index.php?rest_route=%2Fwp%2Fv2%2Fmedia&parent=1641"}],"wp:term":[{"taxonomy":"category","embeddable":true,"href":"https:\/\/hpaulick.de\/index.php?rest_route=%2Fwp%2Fv2%2Fcategories&post=1641"},{"taxonomy":"post_tag","embeddable":true,"href":"https:\/\/hpaulick.de\/index.php?rest_route=%2Fwp%2Fv2%2Ftags&post=1641"}],"curies":[{"name":"wp","href":"https:\/\/api.w.org\/{rel}","templated":true}]}}