{"id":1759,"date":"2024-01-31T18:05:31","date_gmt":"2024-01-31T18:05:31","guid":{"rendered":"http:\/\/hpaulick.de\/?p=1759"},"modified":"2024-01-31T18:05:31","modified_gmt":"2024-01-31T18:05:31","slug":"werteunion-mehr-potential-als-bsw-und-gefaehrlich-fuer-die-union","status":"publish","type":"post","link":"https:\/\/hpaulick.de\/?p=1759","title":{"rendered":"WerteUnion mehr Potential als BSW und gef\u00e4hrlich f\u00fcr die UNION"},"content":{"rendered":"<div class=\"twitter-tweet\">\n<blockquote class=\"twitter-tweet\" data-lang=\"de\">\n<p lang=\"de\" dir=\"ltr\">Die Angst vor der WerteUnion muss gro\u00df sein, denn mit den 6.000 Mitgliedern k\u00f6nnte diese NEUE Partei 15% bekommen. Allein bis 10% von der Union und bis 8% von der SPD, die dann EINSTELLIG w\u00e4re.<a href=\"https:\/\/t.co\/dpfw5yolwO\">https:\/\/t.co\/dpfw5yolwO<\/a> <a href=\"https:\/\/t.co\/F8cRlKEeE4\">https:\/\/t.co\/F8cRlKEeE4<\/a><\/p>\n<p>&mdash; Menippeischer Satiriker, Blogger, Schriftsteller (@Scheinheilig16) <a href=\"https:\/\/twitter.com\/Scheinheilig16\/status\/1752754514463977496?ref_src=twsrc%5Etfw\">31. Januar 2024<\/a><\/p><\/blockquote>\n<\/div>\n\n<div class=\"twitter-share\"><a href=\"https:\/\/twitter.com\/intent\/tweet?via=haraldpaulick\" class=\"twitter-share-button\" data-size=\"large\">Twittern<\/a><\/div>\n","protected":false},"excerpt":{"rendered":"<p>Die Angst vor der WerteUnion muss gro\u00df sein, denn mit den 6.000 Mitgliedern k\u00f6nnte diese NEUE Partei 15% bekommen. Allein bis 10% von der Union und bis 8% von der SPD, die dann EINSTELLIG w\u00e4re.https:\/\/t.co\/dpfw5yolwO https:\/\/t.co\/F8cRlKEeE4 &mdash; Menippeischer Satiriker, Blogger, Schriftsteller (@Scheinheilig16) 31. Januar 2024<\/p>\n","protected":false},"author":1,"featured_media":0,"comment_status":"closed","ping_status":"open","sticky":false,"template":"","format":"standard","meta":{"footnotes":""},"categories":[{"term_id":125,"name":"Ampel-Regierung","slug":"ampel-regierung","term_group":0,"term_taxonomy_id":125,"taxonomy":"category","description":"","parent":0,"count":403,"filter":"raw","cat_ID":125,"category_count":403,"category_description":"","cat_name":"Ampel-Regierung","category_nicename":"ampel-regierung","category_parent":0},{"term_id":81,"name":"CDU","slug":"cdu","term_group":0,"term_taxonomy_id":81,"taxonomy":"category","description":"","parent":0,"count":122,"filter":"raw","cat_ID":81,"category_count":122,"category_description":"","cat_name":"CDU","category_nicename":"cdu","category_parent":0},{"term_id":104,"name":"CSU","slug":"csu","term_group":0,"term_taxonomy_id":104,"taxonomy":"category","description":"","parent":0,"count":70,"filter":"raw","cat_ID":104,"category_count":70,"category_description":"","cat_name":"CSU","category_nicename":"csu","category_parent":0},{"term_id":128,"name":"Geheimdienste","slug":"geheimdienste","term_group":0,"term_taxonomy_id":128,"taxonomy":"category","description":"","parent":0,"count":47,"filter":"raw","cat_ID":128,"category_count":47,"category_description":"","cat_name":"Geheimdienste","category_nicename":"geheimdienste","category_parent":0},{"term_id":64,"name":"Migrationspolitik","slug":"migrationspolitik","term_group":0,"term_taxonomy_id":64,"taxonomy":"category","description":"","parent":0,"count":398,"filter":"raw","cat_ID":64,"category_count":398,"category_description":"","cat_name":"Migrationspolitik","category_nicename":"migrationspolitik","category_parent":0},{"term_id":48,"name":"Rechte Tendenzen","slug":"rechte-tendenzen","term_group":0,"term_taxonomy_id":48,"taxonomy":"category","description":"","parent":0,"count":23,"filter":"raw","cat_ID":48,"category_count":23,"category_description":"","cat_name":"Rechte Tendenzen","category_nicename":"rechte-tendenzen","category_parent":0},{"term_id":79,"name":"SPD","slug":"spd","term_group":0,"term_taxonomy_id":79,"taxonomy":"category","description":"","parent":0,"count":232,"filter":"raw","cat_ID":79,"category_count":232,"category_description":"","cat_name":"SPD","category_nicename":"spd","category_parent":0},{"term_id":116,"name":"Terroristen","slug":"terroristen","term_group":0,"term_taxonomy_id":116,"taxonomy":"category","description":"","parent":0,"count":25,"filter":"raw","cat_ID":116,"category_count":25,"category_description":"","cat_name":"Terroristen","category_nicename":"terroristen","category_parent":0},{"term_id":135,"name":"WerteUnion","slug":"werteunion","term_group":0,"term_taxonomy_id":135,"taxonomy":"category","description":"","parent":0,"count":76,"filter":"raw","cat_ID":135,"category_count":76,"category_description":"","cat_name":"WerteUnion","category_nicename":"werteunion","category_parent":0}],"tags":[],"class_list":["post-1759","post","type-post","status-publish","format-standard","hentry","category-ampel-regierung","category-cdu","category-csu","category-geheimdienste","category-migrationspolitik","category-rechte-tendenzen","category-spd","category-terroristen","category-werteunion"],"images":{"thumbnail":false,"medium":false,"medium_large":false,"large":false,"full":false},"_links":{"self":[{"href":"https:\/\/hpaulick.de\/index.php?rest_route=\/wp\/v2\/posts\/1759","targetHints":{"allow":["GET"]}}],"collection":[{"href":"https:\/\/hpaulick.de\/index.php?rest_route=\/wp\/v2\/posts"}],"about":[{"href":"https:\/\/hpaulick.de\/index.php?rest_route=\/wp\/v2\/types\/post"}],"author":[{"embeddable":true,"href":"https:\/\/hpaulick.de\/index.php?rest_route=\/wp\/v2\/users\/1"}],"replies":[{"embeddable":true,"href":"https:\/\/hpaulick.de\/index.php?rest_route=%2Fwp%2Fv2%2Fcomments&post=1759"}],"version-history":[{"count":1,"href":"https:\/\/hpaulick.de\/index.php?rest_route=\/wp\/v2\/posts\/1759\/revisions"}],"predecessor-version":[{"id":1760,"href":"https:\/\/hpaulick.de\/index.php?rest_route=\/wp\/v2\/posts\/1759\/revisions\/1760"}],"wp:attachment":[{"href":"https:\/\/hpaulick.de\/index.php?rest_route=%2Fwp%2Fv2%2Fmedia&parent=1759"}],"wp:term":[{"taxonomy":"category","embeddable":true,"href":"https:\/\/hpaulick.de\/index.php?rest_route=%2Fwp%2Fv2%2Fcategories&post=1759"},{"taxonomy":"post_tag","embeddable":true,"href":"https:\/\/hpaulick.de\/index.php?rest_route=%2Fwp%2Fv2%2Ftags&post=1759"}],"curies":[{"name":"wp","href":"https:\/\/api.w.org\/{rel}","templated":true}]}}