{"id":1786,"date":"2024-02-03T09:50:46","date_gmt":"2024-02-03T09:50:46","guid":{"rendered":"http:\/\/hpaulick.de\/?p=1786"},"modified":"2024-02-03T09:51:18","modified_gmt":"2024-02-03T09:51:18","slug":"maassen-und-seine-partei-kommt-zu-spaet-zur-europawahl","status":"publish","type":"post","link":"https:\/\/hpaulick.de\/?p=1786","title":{"rendered":"Maa\u00dfen und seine Partei kommt zu sp\u00e4t zur EUROPAWAHL."},"content":{"rendered":"<div class=\"twitter-tweet\">\n<blockquote class=\"twitter-tweet\" data-lang=\"de\">\n<p lang=\"de\" dir=\"ltr\"><a href=\"https:\/\/twitter.com\/hashtag\/Maa%C3%9Fen?src=hash&amp;ref_src=twsrc%5Etfw\">#Maa\u00dfen<\/a> und seine <a href=\"https:\/\/twitter.com\/hashtag\/Partei?src=hash&amp;ref_src=twsrc%5Etfw\">#Partei<\/a> kommt zu sp\u00e4t zur <a href=\"https:\/\/twitter.com\/hashtag\/EUROPAWAHL?src=hash&amp;ref_src=twsrc%5Etfw\">#EUROPAWAHL<\/a>. <br \/>Schon <a href=\"https:\/\/twitter.com\/hashtag\/Gorbatschow?src=hash&amp;ref_src=twsrc%5Etfw\">#Gorbatschow<\/a> sagte:<br \/>&quot;Wer zu sp\u00e4t kommt, den bestraft das Leben!&quot;<a href=\"https:\/\/twitter.com\/hashtag\/BSW?src=hash&amp;ref_src=twsrc%5Etfw\">#BSW<\/a> hat schon bei 6 &#8211; 7%.<br \/>Politik ist wie Sport. Wer den Start verpasst, kann nicht siegen.<br \/>Harald Paulick<br \/>Blogger &amp; Satiriker<a href=\"https:\/\/t.co\/NbzTtii4su\">https:\/\/t.co\/NbzTtii4su<\/a> <a href=\"https:\/\/t.co\/JPF3sI0RO8\">pic.twitter.com\/JPF3sI0RO8<\/a><\/p>\n<p>&mdash; HaraldPaulick &#8211; Es gibt zu ALLEM gute Alternativen (@HaraldPaulick) <a href=\"https:\/\/twitter.com\/HaraldPaulick\/status\/1753715132801187886?ref_src=twsrc%5Etfw\">3. Februar 2024<\/a><\/p><\/blockquote>\n<\/div>\n\n<div class=\"twitter-share\"><a href=\"https:\/\/twitter.com\/intent\/tweet?via=haraldpaulick\" class=\"twitter-share-button\" data-size=\"large\">Twittern<\/a><\/div>\n","protected":false},"excerpt":{"rendered":"<p>#Maa\u00dfen und seine #Partei kommt zu sp\u00e4t zur #EUROPAWAHL. Schon #Gorbatschow sagte:&quot;Wer zu sp\u00e4t kommt, den bestraft das Leben!&quot;#BSW hat schon bei 6 &#8211; 7%.Politik ist wie Sport. Wer den Start verpasst, kann nicht siegen.Harald PaulickBlogger &amp; Satirikerhttps:\/\/t.co\/NbzTtii4su pic.twitter.com\/JPF3sI0RO8 &mdash; HaraldPaulick &#8211; Es gibt zu ALLEM gute Alternativen (@HaraldPaulick) 3. Februar 2024<\/p>\n","protected":false},"author":1,"featured_media":0,"comment_status":"closed","ping_status":"open","sticky":false,"template":"","format":"standard","meta":{"footnotes":""},"categories":[{"term_id":63,"name":"Aberglaube","slug":"aberglaube","term_group":0,"term_taxonomy_id":63,"taxonomy":"category","description":"","parent":0,"count":404,"filter":"raw","cat_ID":63,"category_count":404,"category_description":"","cat_name":"Aberglaube","category_nicename":"aberglaube","category_parent":0},{"term_id":82,"name":"BSW B\u00fcndnis Sahra Wagenknecht","slug":"bsw-buendnis-sahra-wagenknecht","term_group":0,"term_taxonomy_id":82,"taxonomy":"category","description":"","parent":0,"count":34,"filter":"raw","cat_ID":82,"category_count":34,"category_description":"","cat_name":"BSW B\u00fcndnis Sahra Wagenknecht","category_nicename":"bsw-buendnis-sahra-wagenknecht","category_parent":0},{"term_id":83,"name":"DDR2.0","slug":"ddr2-0","term_group":0,"term_taxonomy_id":83,"taxonomy":"category","description":"","parent":0,"count":161,"filter":"raw","cat_ID":83,"category_count":161,"category_description":"","cat_name":"DDR2.0","category_nicename":"ddr2-0","category_parent":0},{"term_id":49,"name":"Deutschland schafft sich ab","slug":"deutschland-schafft-sich-ab","term_group":0,"term_taxonomy_id":49,"taxonomy":"category","description":"","parent":0,"count":662,"filter":"raw","cat_ID":49,"category_count":662,"category_description":"","cat_name":"Deutschland schafft sich ab","category_nicename":"deutschland-schafft-sich-ab","category_parent":0},{"term_id":117,"name":"Diktatur","slug":"diktatur","term_group":0,"term_taxonomy_id":117,"taxonomy":"category","description":"","parent":0,"count":391,"filter":"raw","cat_ID":117,"category_count":391,"category_description":"","cat_name":"Diktatur","category_nicename":"diktatur","category_parent":0},{"term_id":64,"name":"Migrationspolitik","slug":"migrationspolitik","term_group":0,"term_taxonomy_id":64,"taxonomy":"category","description":"","parent":0,"count":398,"filter":"raw","cat_ID":64,"category_count":398,"category_description":"","cat_name":"Migrationspolitik","category_nicename":"migrationspolitik","category_parent":0},{"term_id":137,"name":"Moralapostel","slug":"moralapostel","term_group":0,"term_taxonomy_id":137,"taxonomy":"category","description":"","parent":0,"count":210,"filter":"raw","cat_ID":137,"category_count":210,"category_description":"","cat_name":"Moralapostel","category_nicename":"moralapostel","category_parent":0},{"term_id":89,"name":"Rechtsstaat","slug":"rechtsstaat","term_group":0,"term_taxonomy_id":89,"taxonomy":"category","description":"","parent":0,"count":121,"filter":"raw","cat_ID":89,"category_count":121,"category_description":"","cat_name":"Rechtsstaat","category_nicename":"rechtsstaat","category_parent":0},{"term_id":146,"name":"Staatsanalyse","slug":"staatsanalyse","term_group":0,"term_taxonomy_id":146,"taxonomy":"category","description":"","parent":0,"count":15,"filter":"raw","cat_ID":146,"category_count":15,"category_description":"","cat_name":"Staatsanalyse","category_nicename":"staatsanalyse","category_parent":0},{"term_id":135,"name":"WerteUnion","slug":"werteunion","term_group":0,"term_taxonomy_id":135,"taxonomy":"category","description":"","parent":0,"count":76,"filter":"raw","cat_ID":135,"category_count":76,"category_description":"","cat_name":"WerteUnion","category_nicename":"werteunion","category_parent":0}],"tags":[],"class_list":["post-1786","post","type-post","status-publish","format-standard","hentry","category-aberglaube","category-bsw-buendnis-sahra-wagenknecht","category-ddr2-0","category-deutschland-schafft-sich-ab","category-diktatur","category-migrationspolitik","category-moralapostel","category-rechtsstaat","category-staatsanalyse","category-werteunion"],"images":{"thumbnail":false,"medium":false,"medium_large":false,"large":false,"full":false},"_links":{"self":[{"href":"https:\/\/hpaulick.de\/index.php?rest_route=\/wp\/v2\/posts\/1786","targetHints":{"allow":["GET"]}}],"collection":[{"href":"https:\/\/hpaulick.de\/index.php?rest_route=\/wp\/v2\/posts"}],"about":[{"href":"https:\/\/hpaulick.de\/index.php?rest_route=\/wp\/v2\/types\/post"}],"author":[{"embeddable":true,"href":"https:\/\/hpaulick.de\/index.php?rest_route=\/wp\/v2\/users\/1"}],"replies":[{"embeddable":true,"href":"https:\/\/hpaulick.de\/index.php?rest_route=%2Fwp%2Fv2%2Fcomments&post=1786"}],"version-history":[{"count":1,"href":"https:\/\/hpaulick.de\/index.php?rest_route=\/wp\/v2\/posts\/1786\/revisions"}],"predecessor-version":[{"id":1788,"href":"https:\/\/hpaulick.de\/index.php?rest_route=\/wp\/v2\/posts\/1786\/revisions\/1788"}],"wp:attachment":[{"href":"https:\/\/hpaulick.de\/index.php?rest_route=%2Fwp%2Fv2%2Fmedia&parent=1786"}],"wp:term":[{"taxonomy":"category","embeddable":true,"href":"https:\/\/hpaulick.de\/index.php?rest_route=%2Fwp%2Fv2%2Fcategories&post=1786"},{"taxonomy":"post_tag","embeddable":true,"href":"https:\/\/hpaulick.de\/index.php?rest_route=%2Fwp%2Fv2%2Ftags&post=1786"}],"curies":[{"name":"wp","href":"https:\/\/api.w.org\/{rel}","templated":true}]}}