{"id":1789,"date":"2024-02-03T09:54:04","date_gmt":"2024-02-03T09:54:04","guid":{"rendered":"http:\/\/hpaulick.de\/?p=1789"},"modified":"2024-02-03T09:54:04","modified_gmt":"2024-02-03T09:54:04","slug":"wer-kann-das-ruder-fuer-deutschland-rumreissen","status":"publish","type":"post","link":"https:\/\/hpaulick.de\/?p=1789","title":{"rendered":"Wer kann das Ruder f\u00fcr Deutschland rumrei\u00dfen?"},"content":{"rendered":"<div class=\"twitter-tweet\">\n<blockquote class=\"twitter-tweet\" data-lang=\"de\">\n<p lang=\"de\" dir=\"ltr\">H\u00e4tte nie gedacht, das ich mir mal eine politische <a href=\"https:\/\/twitter.com\/hashtag\/KOALITION?src=hash&amp;ref_src=twsrc%5Etfw\">#KOALITION<\/a> von Franz Josef Strau\u00df &amp; Helmut Schmidt zur Rettung Deutschlands w\u00fcnschen w\u00fcrde.<br \/>FJS: &quot;Rechts neben der CSU darf es keine weitere Partei geben&quot;<br \/>HS: &quot;Migration bring mehr Nachteile, als es n\u00fctzt&quot;<a href=\"https:\/\/t.co\/NbzTtii4su\">https:\/\/t.co\/NbzTtii4su<\/a><\/p>\n<p>&mdash; HaraldPaulick &#8211; Es gibt zu ALLEM gute Alternativen (@HaraldPaulick) <a href=\"https:\/\/twitter.com\/HaraldPaulick\/status\/1753717186592383247?ref_src=twsrc%5Etfw\">3. Februar 2024<\/a><\/p><\/blockquote>\n<\/div>\n\n<div class=\"twitter-share\"><a href=\"https:\/\/twitter.com\/intent\/tweet?via=haraldpaulick\" class=\"twitter-share-button\" data-size=\"large\">Twittern<\/a><\/div>\n","protected":false},"excerpt":{"rendered":"<p>H\u00e4tte nie gedacht, das ich mir mal eine politische #KOALITION von Franz Josef Strau\u00df &amp; Helmut Schmidt zur Rettung Deutschlands w\u00fcnschen w\u00fcrde.FJS: &quot;Rechts neben der CSU darf es keine weitere Partei geben&quot;HS: &quot;Migration bring mehr Nachteile, als es n\u00fctzt&quot;https:\/\/t.co\/NbzTtii4su &mdash; HaraldPaulick &#8211; Es gibt zu ALLEM gute Alternativen (@HaraldPaulick) 3. Februar 2024<\/p>\n","protected":false},"author":1,"featured_media":0,"comment_status":"closed","ping_status":"open","sticky":false,"template":"","format":"standard","meta":{"footnotes":""},"categories":[{"term_id":70,"name":"Demokratie","slug":"demokratie","term_group":0,"term_taxonomy_id":70,"taxonomy":"category","description":"","parent":0,"count":122,"filter":"raw","cat_ID":70,"category_count":122,"category_description":"","cat_name":"Demokratie","category_nicename":"demokratie","category_parent":0},{"term_id":64,"name":"Migrationspolitik","slug":"migrationspolitik","term_group":0,"term_taxonomy_id":64,"taxonomy":"category","description":"","parent":0,"count":398,"filter":"raw","cat_ID":64,"category_count":398,"category_description":"","cat_name":"Migrationspolitik","category_nicename":"migrationspolitik","category_parent":0},{"term_id":48,"name":"Rechte Tendenzen","slug":"rechte-tendenzen","term_group":0,"term_taxonomy_id":48,"taxonomy":"category","description":"","parent":0,"count":23,"filter":"raw","cat_ID":48,"category_count":23,"category_description":"","cat_name":"Rechte Tendenzen","category_nicename":"rechte-tendenzen","category_parent":0},{"term_id":134,"name":"Selbstbedienungsladen Bundestag","slug":"selbstbedienungsladen-bundestag","term_group":0,"term_taxonomy_id":134,"taxonomy":"category","description":"","parent":0,"count":374,"filter":"raw","cat_ID":134,"category_count":374,"category_description":"","cat_name":"Selbstbedienungsladen Bundestag","category_nicename":"selbstbedienungsladen-bundestag","category_parent":0},{"term_id":139,"name":"Staatsjournalismus wie zu DDR-Zeiten","slug":"staatsjournalismus-wie-zu-ddr-zeiten","term_group":0,"term_taxonomy_id":139,"taxonomy":"category","description":"","parent":0,"count":134,"filter":"raw","cat_ID":139,"category_count":134,"category_description":"","cat_name":"Staatsjournalismus wie zu DDR-Zeiten","category_nicename":"staatsjournalismus-wie-zu-ddr-zeiten","category_parent":0},{"term_id":135,"name":"WerteUnion","slug":"werteunion","term_group":0,"term_taxonomy_id":135,"taxonomy":"category","description":"","parent":0,"count":76,"filter":"raw","cat_ID":135,"category_count":76,"category_description":"","cat_name":"WerteUnion","category_nicename":"werteunion","category_parent":0}],"tags":[],"class_list":["post-1789","post","type-post","status-publish","format-standard","hentry","category-demokratie","category-migrationspolitik","category-rechte-tendenzen","category-selbstbedienungsladen-bundestag","category-staatsjournalismus-wie-zu-ddr-zeiten","category-werteunion"],"images":{"thumbnail":false,"medium":false,"medium_large":false,"large":false,"full":false},"_links":{"self":[{"href":"https:\/\/hpaulick.de\/index.php?rest_route=\/wp\/v2\/posts\/1789","targetHints":{"allow":["GET"]}}],"collection":[{"href":"https:\/\/hpaulick.de\/index.php?rest_route=\/wp\/v2\/posts"}],"about":[{"href":"https:\/\/hpaulick.de\/index.php?rest_route=\/wp\/v2\/types\/post"}],"author":[{"embeddable":true,"href":"https:\/\/hpaulick.de\/index.php?rest_route=\/wp\/v2\/users\/1"}],"replies":[{"embeddable":true,"href":"https:\/\/hpaulick.de\/index.php?rest_route=%2Fwp%2Fv2%2Fcomments&post=1789"}],"version-history":[{"count":1,"href":"https:\/\/hpaulick.de\/index.php?rest_route=\/wp\/v2\/posts\/1789\/revisions"}],"predecessor-version":[{"id":1790,"href":"https:\/\/hpaulick.de\/index.php?rest_route=\/wp\/v2\/posts\/1789\/revisions\/1790"}],"wp:attachment":[{"href":"https:\/\/hpaulick.de\/index.php?rest_route=%2Fwp%2Fv2%2Fmedia&parent=1789"}],"wp:term":[{"taxonomy":"category","embeddable":true,"href":"https:\/\/hpaulick.de\/index.php?rest_route=%2Fwp%2Fv2%2Fcategories&post=1789"},{"taxonomy":"post_tag","embeddable":true,"href":"https:\/\/hpaulick.de\/index.php?rest_route=%2Fwp%2Fv2%2Ftags&post=1789"}],"curies":[{"name":"wp","href":"https:\/\/api.w.org\/{rel}","templated":true}]}}