{"id":1889,"date":"2024-02-09T10:17:57","date_gmt":"2024-02-09T10:17:57","guid":{"rendered":"http:\/\/hpaulick.de\/?p=1889"},"modified":"2024-02-09T10:17:57","modified_gmt":"2024-02-09T10:17:57","slug":"repression-gegen-ex-chef-maassen-werteunion","status":"publish","type":"post","link":"https:\/\/hpaulick.de\/?p=1889","title":{"rendered":"Repression gegen Ex-Chef Maa\u00dfen WERTEUNION"},"content":{"rendered":"<div class=\"twitter-tweet\">\n<blockquote class=\"twitter-tweet\" data-lang=\"de\">\n<p lang=\"de\" dir=\"ltr\">Repression gegen Ex-Chef Maa\u00dfen WERTEUNION<br \/>An einem Witz gut erkl\u00e4rt:<br \/>Drei Gefangene tauschen sich \u00fcber den Grund ihrer Verhaftung aus. Sagt der erste: \u201eIch war gegen Popov.\u201c Der zweite: \u201eIch war f\u00fcr Popov.\u201c Der dritte schlie\u00dflich: \u201eUnd ich bin Popov.\u201c<a href=\"https:\/\/t.co\/NkLtLF2wgL\">https:\/\/t.co\/NkLtLF2wgL<\/a><\/p>\n<p>&mdash; HaraldPaulick &#8211; Es gibt zu ALLEM gute Alternativen (@HaraldPaulick) <a href=\"https:\/\/twitter.com\/HaraldPaulick\/status\/1755898457561174275?ref_src=twsrc%5Etfw\">9. Februar 2024<\/a><\/p><\/blockquote>\n<\/div>\n\n<div class=\"twitter-share\"><a href=\"https:\/\/twitter.com\/intent\/tweet?via=haraldpaulick\" class=\"twitter-share-button\" data-size=\"large\">Twittern<\/a><\/div>\n","protected":false},"excerpt":{"rendered":"<p>Repression gegen Ex-Chef Maa\u00dfen WERTEUNIONAn einem Witz gut erkl\u00e4rt:Drei Gefangene tauschen sich \u00fcber den Grund ihrer Verhaftung aus. Sagt der erste: \u201eIch war gegen Popov.\u201c Der zweite: \u201eIch war f\u00fcr Popov.\u201c Der dritte schlie\u00dflich: \u201eUnd ich bin Popov.\u201chttps:\/\/t.co\/NkLtLF2wgL &mdash; HaraldPaulick &#8211; Es gibt zu ALLEM gute Alternativen (@HaraldPaulick) 9. Februar 2024<\/p>\n","protected":false},"author":1,"featured_media":0,"comment_status":"closed","ping_status":"open","sticky":false,"template":"","format":"standard","meta":{"footnotes":""},"categories":[{"term_id":125,"name":"Ampel-Regierung","slug":"ampel-regierung","term_group":0,"term_taxonomy_id":125,"taxonomy":"category","description":"","parent":0,"count":404,"filter":"raw","cat_ID":125,"category_count":404,"category_description":"","cat_name":"Ampel-Regierung","category_nicename":"ampel-regierung","category_parent":0},{"term_id":54,"name":"Bildungslose Politiker","slug":"bildungslose-politiker","term_group":0,"term_taxonomy_id":54,"taxonomy":"category","description":"","parent":0,"count":700,"filter":"raw","cat_ID":54,"category_count":700,"category_description":"","cat_name":"Bildungslose Politiker","category_nicename":"bildungslose-politiker","category_parent":0},{"term_id":140,"name":"Experten ohne Abschl\u00fcsse","slug":"experten-ohne-abschluesse","term_group":0,"term_taxonomy_id":140,"taxonomy":"category","description":"","parent":0,"count":290,"filter":"raw","cat_ID":140,"category_count":290,"category_description":"","cat_name":"Experten ohne Abschl\u00fcsse","category_nicename":"experten-ohne-abschluesse","category_parent":0},{"term_id":41,"name":"Was zum Lachen","slug":"was-zum-lachen","term_group":0,"term_taxonomy_id":41,"taxonomy":"category","description":"","parent":0,"count":57,"filter":"raw","cat_ID":41,"category_count":57,"category_description":"","cat_name":"Was zum Lachen","category_nicename":"was-zum-lachen","category_parent":0}],"tags":[],"class_list":["post-1889","post","type-post","status-publish","format-standard","hentry","category-ampel-regierung","category-bildungslose-politiker","category-experten-ohne-abschluesse","category-was-zum-lachen"],"jetpack_featured_media_url":"","images":{"thumbnail":false,"medium":false,"medium_large":false,"large":false,"full":false},"_links":{"self":[{"href":"https:\/\/hpaulick.de\/index.php?rest_route=\/wp\/v2\/posts\/1889","targetHints":{"allow":["GET"]}}],"collection":[{"href":"https:\/\/hpaulick.de\/index.php?rest_route=\/wp\/v2\/posts"}],"about":[{"href":"https:\/\/hpaulick.de\/index.php?rest_route=\/wp\/v2\/types\/post"}],"author":[{"embeddable":true,"href":"https:\/\/hpaulick.de\/index.php?rest_route=\/wp\/v2\/users\/1"}],"replies":[{"embeddable":true,"href":"https:\/\/hpaulick.de\/index.php?rest_route=%2Fwp%2Fv2%2Fcomments&post=1889"}],"version-history":[{"count":1,"href":"https:\/\/hpaulick.de\/index.php?rest_route=\/wp\/v2\/posts\/1889\/revisions"}],"predecessor-version":[{"id":1890,"href":"https:\/\/hpaulick.de\/index.php?rest_route=\/wp\/v2\/posts\/1889\/revisions\/1890"}],"wp:attachment":[{"href":"https:\/\/hpaulick.de\/index.php?rest_route=%2Fwp%2Fv2%2Fmedia&parent=1889"}],"wp:term":[{"taxonomy":"category","embeddable":true,"href":"https:\/\/hpaulick.de\/index.php?rest_route=%2Fwp%2Fv2%2Fcategories&post=1889"},{"taxonomy":"post_tag","embeddable":true,"href":"https:\/\/hpaulick.de\/index.php?rest_route=%2Fwp%2Fv2%2Ftags&post=1889"}],"curies":[{"name":"wp","href":"https:\/\/api.w.org\/{rel}","templated":true}]}}