{"id":1914,"date":"2024-02-12T14:59:10","date_gmt":"2024-02-12T14:59:10","guid":{"rendered":"http:\/\/hpaulick.de\/?p=1914"},"modified":"2024-02-12T15:00:03","modified_gmt":"2024-02-12T15:00:03","slug":"un-sonderbeauftragte-israel-ist-schuld-dass-die-hamas-israel-ueberfallen-musste","status":"publish","type":"post","link":"https:\/\/hpaulick.de\/?p=1914","title":{"rendered":"UN-Sonderbeauftragte: Israel ist schuld, dass die Hamas Israel \u00fcberfallen musste?"},"content":{"rendered":"<div class=\"twitter-tweet\">\n<blockquote class=\"twitter-tweet\" data-lang=\"de\">\n<p lang=\"de\" dir=\"ltr\"><a href=\"https:\/\/twitter.com\/hashtag\/Hamas?src=hash&amp;ref_src=twsrc%5Etfw\">#Hamas<\/a>&#8211;<a href=\"https:\/\/twitter.com\/hashtag\/Terroranschl%C3%A4ge?src=hash&amp;ref_src=twsrc%5Etfw\">#Terroranschl\u00e4ge<\/a> <a href=\"https:\/\/twitter.com\/hashtag\/gerechtfertigt?src=hash&amp;ref_src=twsrc%5Etfw\">#gerechtfertigt<\/a> !!!!!<br \/>Die Hamas habe mit den <a href=\"https:\/\/twitter.com\/hashtag\/Anschl%C3%A4gen?src=hash&amp;ref_src=twsrc%5Etfw\">#Anschl\u00e4gen<\/a> auf die <a href=\"https:\/\/twitter.com\/hashtag\/Unterdr%C3%BCckung?src=hash&amp;ref_src=twsrc%5Etfw\">#Unterdr\u00fcckung<\/a> durch <a href=\"https:\/\/twitter.com\/hashtag\/Israel?src=hash&amp;ref_src=twsrc%5Etfw\">#Israel<\/a> reagiert, sagt die <a href=\"https:\/\/twitter.com\/hashtag\/UN?src=hash&amp;ref_src=twsrc%5Etfw\">#UN<\/a>&#8211;<a href=\"https:\/\/twitter.com\/hashtag\/Sonderbeauftragte?src=hash&amp;ref_src=twsrc%5Etfw\">#Sonderbeauftragte<\/a> <a href=\"https:\/\/twitter.com\/hashtag\/Francesca?src=hash&amp;ref_src=twsrc%5Etfw\">#Francesca<\/a> <a href=\"https:\/\/twitter.com\/hashtag\/Albanese?src=hash&amp;ref_src=twsrc%5Etfw\">#Albanese<\/a>. Das Ausw\u00e4rtige Amt verurteilt diese Rechtfertigung als \u201eentsetzlich\u201c. IRRE<a href=\"https:\/\/t.co\/3tQFuTV1wZ\">https:\/\/t.co\/3tQFuTV1wZ<\/a><\/p>\n<p>&mdash; HaraldPaulick &#8211; Es gibt zu ALLEM gute Alternativen (@HaraldPaulick) <a href=\"https:\/\/twitter.com\/HaraldPaulick\/status\/1757055910017392676?ref_src=twsrc%5Etfw\">12. Februar 2024<\/a><\/p><\/blockquote>\n<\/div>\n\n<div class=\"twitter-share\"><a href=\"https:\/\/twitter.com\/intent\/tweet?via=haraldpaulick\" class=\"twitter-share-button\" data-size=\"large\">Twittern<\/a><\/div>\n","protected":false},"excerpt":{"rendered":"<p>#Hamas&#8211;#Terroranschl\u00e4ge #gerechtfertigt !!!!!Die Hamas habe mit den #Anschl\u00e4gen auf die #Unterdr\u00fcckung durch #Israel reagiert, sagt die #UN&#8211;#Sonderbeauftragte #Francesca #Albanese. Das Ausw\u00e4rtige Amt verurteilt diese Rechtfertigung als \u201eentsetzlich\u201c. IRREhttps:\/\/t.co\/3tQFuTV1wZ &mdash; HaraldPaulick &#8211; Es gibt zu ALLEM gute Alternativen (@HaraldPaulick) 12. Februar 2024<\/p>\n","protected":false},"author":1,"featured_media":0,"comment_status":"closed","ping_status":"open","sticky":false,"template":"","format":"standard","meta":{"footnotes":""},"categories":[{"term_id":35,"name":"Aff\u00e4ren","slug":"affaeren","term_group":0,"term_taxonomy_id":35,"taxonomy":"category","description":"","parent":0,"count":246,"filter":"raw","cat_ID":35,"category_count":246,"category_description":"","cat_name":"Aff\u00e4ren","category_nicename":"affaeren","category_parent":0},{"term_id":95,"name":"Antisemitismus","slug":"antisemitismus","term_group":0,"term_taxonomy_id":95,"taxonomy":"category","description":"","parent":0,"count":60,"filter":"raw","cat_ID":95,"category_count":60,"category_description":"","cat_name":"Antisemitismus","category_nicename":"antisemitismus","category_parent":0},{"term_id":130,"name":"Bestechlichkeit","slug":"bestechlichkeit","term_group":0,"term_taxonomy_id":130,"taxonomy":"category","description":"","parent":0,"count":245,"filter":"raw","cat_ID":130,"category_count":245,"category_description":"","cat_name":"Bestechlichkeit","category_nicename":"bestechlichkeit","category_parent":0},{"term_id":54,"name":"Bildungslose Politiker","slug":"bildungslose-politiker","term_group":0,"term_taxonomy_id":54,"taxonomy":"category","description":"","parent":0,"count":676,"filter":"raw","cat_ID":54,"category_count":676,"category_description":"","cat_name":"Bildungslose Politiker","category_nicename":"bildungslose-politiker","category_parent":0},{"term_id":88,"name":"Fehlurteile","slug":"fehlurteile","term_group":0,"term_taxonomy_id":88,"taxonomy":"category","description":"","parent":0,"count":54,"filter":"raw","cat_ID":88,"category_count":54,"category_description":"","cat_name":"Fehlurteile","category_nicename":"fehlurteile","category_parent":0},{"term_id":86,"name":"Islamismus","slug":"islamismus","term_group":0,"term_taxonomy_id":86,"taxonomy":"category","description":"","parent":0,"count":122,"filter":"raw","cat_ID":86,"category_count":122,"category_description":"","cat_name":"Islamismus","category_nicename":"islamismus","category_parent":0},{"term_id":112,"name":"Milliarden Deals UNBEMERKT","slug":"milliarden-deals-unbemerkt","term_group":0,"term_taxonomy_id":112,"taxonomy":"category","description":"","parent":0,"count":559,"filter":"raw","cat_ID":112,"category_count":559,"category_description":"","cat_name":"Milliarden Deals UNBEMERKT","category_nicename":"milliarden-deals-unbemerkt","category_parent":0},{"term_id":153,"name":"UN","slug":"un","term_group":0,"term_taxonomy_id":153,"taxonomy":"category","description":"","parent":0,"count":1,"filter":"raw","cat_ID":153,"category_count":1,"category_description":"","cat_name":"UN","category_nicename":"un","category_parent":0},{"term_id":119,"name":"Vetternwirtschaft","slug":"vetternwirtschaft","term_group":0,"term_taxonomy_id":119,"taxonomy":"category","description":"","parent":0,"count":491,"filter":"raw","cat_ID":119,"category_count":491,"category_description":"","cat_name":"Vetternwirtschaft","category_nicename":"vetternwirtschaft","category_parent":0}],"tags":[],"class_list":["post-1914","post","type-post","status-publish","format-standard","hentry","category-affaeren","category-antisemitismus","category-bestechlichkeit","category-bildungslose-politiker","category-fehlurteile","category-islamismus","category-milliarden-deals-unbemerkt","category-un","category-vetternwirtschaft"],"images":{"thumbnail":false,"medium":false,"medium_large":false,"large":false,"full":false},"_links":{"self":[{"href":"https:\/\/hpaulick.de\/index.php?rest_route=\/wp\/v2\/posts\/1914","targetHints":{"allow":["GET"]}}],"collection":[{"href":"https:\/\/hpaulick.de\/index.php?rest_route=\/wp\/v2\/posts"}],"about":[{"href":"https:\/\/hpaulick.de\/index.php?rest_route=\/wp\/v2\/types\/post"}],"author":[{"embeddable":true,"href":"https:\/\/hpaulick.de\/index.php?rest_route=\/wp\/v2\/users\/1"}],"replies":[{"embeddable":true,"href":"https:\/\/hpaulick.de\/index.php?rest_route=%2Fwp%2Fv2%2Fcomments&post=1914"}],"version-history":[{"count":2,"href":"https:\/\/hpaulick.de\/index.php?rest_route=\/wp\/v2\/posts\/1914\/revisions"}],"predecessor-version":[{"id":1916,"href":"https:\/\/hpaulick.de\/index.php?rest_route=\/wp\/v2\/posts\/1914\/revisions\/1916"}],"wp:attachment":[{"href":"https:\/\/hpaulick.de\/index.php?rest_route=%2Fwp%2Fv2%2Fmedia&parent=1914"}],"wp:term":[{"taxonomy":"category","embeddable":true,"href":"https:\/\/hpaulick.de\/index.php?rest_route=%2Fwp%2Fv2%2Fcategories&post=1914"},{"taxonomy":"post_tag","embeddable":true,"href":"https:\/\/hpaulick.de\/index.php?rest_route=%2Fwp%2Fv2%2Ftags&post=1914"}],"curies":[{"name":"wp","href":"https:\/\/api.w.org\/{rel}","templated":true}]}}