{"id":2122,"date":"2024-03-07T13:03:10","date_gmt":"2024-03-07T13:03:10","guid":{"rendered":"http:\/\/hpaulick.de\/?p=2122"},"modified":"2024-03-07T13:03:10","modified_gmt":"2024-03-07T13:03:10","slug":"migration-ende-der-gastfreundschaft-in-irland-kippt-die-stimmung-gegen-einwanderer","status":"publish","type":"post","link":"https:\/\/hpaulick.de\/?p=2122","title":{"rendered":"Migration: Ende der Gastfreundschaft \u2013 In Irland kippt die Stimmung gegen Einwanderer"},"content":{"rendered":"<div class=\"twitter-tweet\">\n<blockquote class=\"twitter-tweet\" data-lang=\"de\">\n<p lang=\"de\" dir=\"ltr\"><a href=\"https:\/\/twitter.com\/hashtag\/Migration?src=hash&amp;ref_src=twsrc%5Etfw\">#Migration<\/a>: <a href=\"https:\/\/twitter.com\/hashtag\/Ende?src=hash&amp;ref_src=twsrc%5Etfw\">#Ende<\/a> der <a href=\"https:\/\/twitter.com\/hashtag\/Gastfreundschaft?src=hash&amp;ref_src=twsrc%5Etfw\">#Gastfreundschaft<\/a> \u2013 In Irland kippt die Stimmung gegen Einwanderer<br \/>Will die EU und die (H)Ampel-Regierung weiter Politik gegen die B\u00fcrger machen, werden in allen L\u00e4ndern RECHTE PARTEIEN gew\u00e4hlt.<br \/>Harald Paulick<a href=\"https:\/\/t.co\/dpfw5yolwO\">https:\/\/t.co\/dpfw5yolwO<\/a><a href=\"https:\/\/t.co\/279LxMDHvy\">https:\/\/t.co\/279LxMDHvy<\/a><\/p>\n<p>&mdash; Menippeischer Satiriker, Blogger, Schriftsteller (@Scheinheilig16) <a href=\"https:\/\/twitter.com\/Scheinheilig16\/status\/1765724068282507518?ref_src=twsrc%5Etfw\">7. M\u00e4rz 2024<\/a><\/p><\/blockquote>\n<\/div>\n\n<div class=\"twitter-share\"><a href=\"https:\/\/twitter.com\/intent\/tweet?via=haraldpaulick\" class=\"twitter-share-button\" data-size=\"large\">Twittern<\/a><\/div>\n","protected":false},"excerpt":{"rendered":"<p>#Migration: #Ende der #Gastfreundschaft \u2013 In Irland kippt die Stimmung gegen EinwandererWill die EU und die (H)Ampel-Regierung weiter Politik gegen die B\u00fcrger machen, werden in allen L\u00e4ndern RECHTE PARTEIEN gew\u00e4hlt.Harald Paulickhttps:\/\/t.co\/dpfw5yolwOhttps:\/\/t.co\/279LxMDHvy &mdash; Menippeischer Satiriker, Blogger, Schriftsteller (@Scheinheilig16) 7. M\u00e4rz 2024<\/p>\n","protected":false},"author":1,"featured_media":0,"comment_status":"closed","ping_status":"open","sticky":false,"template":"","format":"standard","meta":{"footnotes":""},"categories":[{"term_id":122,"name":"Abschiebung","slug":"abschiebung","term_group":0,"term_taxonomy_id":122,"taxonomy":"category","description":"","parent":0,"count":121,"filter":"raw","cat_ID":122,"category_count":121,"category_description":"","cat_name":"Abschiebung","category_nicename":"abschiebung","category_parent":0},{"term_id":35,"name":"Aff\u00e4ren","slug":"affaeren","term_group":0,"term_taxonomy_id":35,"taxonomy":"category","description":"","parent":0,"count":246,"filter":"raw","cat_ID":35,"category_count":246,"category_description":"","cat_name":"Aff\u00e4ren","category_nicename":"affaeren","category_parent":0},{"term_id":125,"name":"Ampel-Regierung","slug":"ampel-regierung","term_group":0,"term_taxonomy_id":125,"taxonomy":"category","description":"","parent":0,"count":403,"filter":"raw","cat_ID":125,"category_count":403,"category_description":"","cat_name":"Ampel-Regierung","category_nicename":"ampel-regierung","category_parent":0},{"term_id":27,"name":"Asylpolitik","slug":"asylpolitik","term_group":0,"term_taxonomy_id":27,"taxonomy":"category","description":"","parent":0,"count":326,"filter":"raw","cat_ID":27,"category_count":326,"category_description":"","cat_name":"Asylpolitik","category_nicename":"asylpolitik","category_parent":0},{"term_id":132,"name":"Das 4. Reich GR\u00dcNER Pr\u00e4gung","slug":"das-4-reich-gruener-praegung","term_group":0,"term_taxonomy_id":132,"taxonomy":"category","description":"","parent":0,"count":458,"filter":"raw","cat_ID":132,"category_count":458,"category_description":"","cat_name":"Das 4. Reich GR\u00dcNER Pr\u00e4gung","category_nicename":"das-4-reich-gruener-praegung","category_parent":0},{"term_id":83,"name":"DDR2.0","slug":"ddr2-0","term_group":0,"term_taxonomy_id":83,"taxonomy":"category","description":"","parent":0,"count":161,"filter":"raw","cat_ID":83,"category_count":161,"category_description":"","cat_name":"DDR2.0","category_nicename":"ddr2-0","category_parent":0},{"term_id":70,"name":"Demokratie","slug":"demokratie","term_group":0,"term_taxonomy_id":70,"taxonomy":"category","description":"","parent":0,"count":122,"filter":"raw","cat_ID":70,"category_count":122,"category_description":"","cat_name":"Demokratie","category_nicename":"demokratie","category_parent":0},{"term_id":49,"name":"Deutschland schafft sich ab","slug":"deutschland-schafft-sich-ab","term_group":0,"term_taxonomy_id":49,"taxonomy":"category","description":"","parent":0,"count":663,"filter":"raw","cat_ID":49,"category_count":663,"category_description":"","cat_name":"Deutschland schafft sich ab","category_nicename":"deutschland-schafft-sich-ab","category_parent":0},{"term_id":117,"name":"Diktatur","slug":"diktatur","term_group":0,"term_taxonomy_id":117,"taxonomy":"category","description":"","parent":0,"count":391,"filter":"raw","cat_ID":117,"category_count":391,"category_description":"","cat_name":"Diktatur","category_nicename":"diktatur","category_parent":0},{"term_id":103,"name":"EU-Inkompetenz","slug":"eu-inkompetenz","term_group":0,"term_taxonomy_id":103,"taxonomy":"category","description":"","parent":0,"count":38,"filter":"raw","cat_ID":103,"category_count":38,"category_description":"","cat_name":"EU-Inkompetenz","category_nicename":"eu-inkompetenz","category_parent":0},{"term_id":169,"name":"Europa-Wahl","slug":"europa-wahl","term_group":0,"term_taxonomy_id":169,"taxonomy":"category","description":"","parent":0,"count":19,"filter":"raw","cat_ID":169,"category_count":19,"category_description":"","cat_name":"Europa-Wahl","category_nicename":"europa-wahl","category_parent":0},{"term_id":140,"name":"Experten ohne Abschl\u00fcsse","slug":"experten-ohne-abschluesse","term_group":0,"term_taxonomy_id":140,"taxonomy":"category","description":"","parent":0,"count":279,"filter":"raw","cat_ID":140,"category_count":279,"category_description":"","cat_name":"Experten ohne Abschl\u00fcsse","category_nicename":"experten-ohne-abschluesse","category_parent":0},{"term_id":65,"name":"Fl\u00fcchtlinge","slug":"fluechtlinge","term_group":0,"term_taxonomy_id":65,"taxonomy":"category","description":"","parent":0,"count":187,"filter":"raw","cat_ID":65,"category_count":187,"category_description":"","cat_name":"Fl\u00fcchtlinge","category_nicename":"fluechtlinge","category_parent":0},{"term_id":30,"name":"GR\u00dcNE Murks Politik","slug":"gruene-murks-politik","term_group":0,"term_taxonomy_id":30,"taxonomy":"category","description":"","parent":0,"count":805,"filter":"raw","cat_ID":30,"category_count":805,"category_description":"","cat_name":"GR\u00dcNE Murks Politik","category_nicename":"gruene-murks-politik","category_parent":0},{"term_id":133,"name":"GR\u00dcNISMUS","slug":"gruenismus","term_group":0,"term_taxonomy_id":133,"taxonomy":"category","description":"","parent":0,"count":315,"filter":"raw","cat_ID":133,"category_count":315,"category_description":"","cat_name":"GR\u00dcNISMUS","category_nicename":"gruenismus","category_parent":0},{"term_id":148,"name":"Islamischer Staat Deutschland","slug":"islamischer-staat-deutschland","term_group":0,"term_taxonomy_id":148,"taxonomy":"category","description":"","parent":0,"count":123,"filter":"raw","cat_ID":148,"category_count":123,"category_description":"","cat_name":"Islamischer Staat Deutschland","category_nicename":"islamischer-staat-deutschland","category_parent":0},{"term_id":86,"name":"Islamismus","slug":"islamismus","term_group":0,"term_taxonomy_id":86,"taxonomy":"category","description":"","parent":0,"count":122,"filter":"raw","cat_ID":86,"category_count":122,"category_description":"","cat_name":"Islamismus","category_nicename":"islamismus","category_parent":0},{"term_id":55,"name":"LINKE","slug":"linke","term_group":0,"term_taxonomy_id":55,"taxonomy":"category","description":"","parent":0,"count":53,"filter":"raw","cat_ID":55,"category_count":53,"category_description":"","cat_name":"LINKE","category_nicename":"linke","category_parent":0},{"term_id":50,"name":"Linksextremismus","slug":"linksextremismus","term_group":0,"term_taxonomy_id":50,"taxonomy":"category","description":"","parent":0,"count":313,"filter":"raw","cat_ID":50,"category_count":313,"category_description":"","cat_name":"Linksextremismus","category_nicename":"linksextremismus","category_parent":0},{"term_id":102,"name":"L\u00dcGEN","slug":"luegen","term_group":0,"term_taxonomy_id":102,"taxonomy":"category","description":"","parent":0,"count":389,"filter":"raw","cat_ID":102,"category_count":389,"category_description":"","cat_name":"L\u00dcGEN","category_nicename":"luegen","category_parent":0},{"term_id":64,"name":"Migrationspolitik","slug":"migrationspolitik","term_group":0,"term_taxonomy_id":64,"taxonomy":"category","description":"","parent":0,"count":398,"filter":"raw","cat_ID":64,"category_count":398,"category_description":"","cat_name":"Migrationspolitik","category_nicename":"migrationspolitik","category_parent":0},{"term_id":112,"name":"Milliarden Deals UNBEMERKT","slug":"milliarden-deals-unbemerkt","term_group":0,"term_taxonomy_id":112,"taxonomy":"category","description":"","parent":0,"count":559,"filter":"raw","cat_ID":112,"category_count":559,"category_description":"","cat_name":"Milliarden Deals UNBEMERKT","category_nicename":"milliarden-deals-unbemerkt","category_parent":0},{"term_id":89,"name":"Rechtsstaat","slug":"rechtsstaat","term_group":0,"term_taxonomy_id":89,"taxonomy":"category","description":"","parent":0,"count":121,"filter":"raw","cat_ID":89,"category_count":121,"category_description":"","cat_name":"Rechtsstaat","category_nicename":"rechtsstaat","category_parent":0},{"term_id":134,"name":"Selbstbedienungsladen Bundestag","slug":"selbstbedienungsladen-bundestag","term_group":0,"term_taxonomy_id":134,"taxonomy":"category","description":"","parent":0,"count":374,"filter":"raw","cat_ID":134,"category_count":374,"category_description":"","cat_name":"Selbstbedienungsladen Bundestag","category_nicename":"selbstbedienungsladen-bundestag","category_parent":0},{"term_id":111,"name":"Sozialismus","slug":"sozialismus","term_group":0,"term_taxonomy_id":111,"taxonomy":"category","description":"","parent":0,"count":280,"filter":"raw","cat_ID":111,"category_count":280,"category_description":"","cat_name":"Sozialismus","category_nicename":"sozialismus","category_parent":0},{"term_id":159,"name":"Spott und H\u00e4me","slug":"spott-und-haeme","term_group":0,"term_taxonomy_id":159,"taxonomy":"category","description":"","parent":0,"count":153,"filter":"raw","cat_ID":159,"category_count":153,"category_description":"","cat_name":"Spott und H\u00e4me","category_nicename":"spott-und-haeme","category_parent":0},{"term_id":139,"name":"Staatsjournalismus wie zu DDR-Zeiten","slug":"staatsjournalismus-wie-zu-ddr-zeiten","term_group":0,"term_taxonomy_id":139,"taxonomy":"category","description":"","parent":0,"count":134,"filter":"raw","cat_ID":139,"category_count":134,"category_description":"","cat_name":"Staatsjournalismus wie zu DDR-Zeiten","category_nicename":"staatsjournalismus-wie-zu-ddr-zeiten","category_parent":0},{"term_id":39,"name":"Verbotskoalition","slug":"verbotskoalition","term_group":0,"term_taxonomy_id":39,"taxonomy":"category","description":"","parent":0,"count":248,"filter":"raw","cat_ID":39,"category_count":248,"category_description":"","cat_name":"Verbotskoalition","category_nicename":"verbotskoalition","category_parent":0},{"term_id":119,"name":"Vetternwirtschaft","slug":"vetternwirtschaft","term_group":0,"term_taxonomy_id":119,"taxonomy":"category","description":"","parent":0,"count":491,"filter":"raw","cat_ID":119,"category_count":491,"category_description":"","cat_name":"Vetternwirtschaft","category_nicename":"vetternwirtschaft","category_parent":0}],"tags":[],"class_list":["post-2122","post","type-post","status-publish","format-standard","hentry","category-abschiebung","category-affaeren","category-ampel-regierung","category-asylpolitik","category-das-4-reich-gruener-praegung","category-ddr2-0","category-demokratie","category-deutschland-schafft-sich-ab","category-diktatur","category-eu-inkompetenz","category-europa-wahl","category-experten-ohne-abschluesse","category-fluechtlinge","category-gruene-murks-politik","category-gruenismus","category-islamischer-staat-deutschland","category-islamismus","category-linke","category-linksextremismus","category-luegen","category-migrationspolitik","category-milliarden-deals-unbemerkt","category-rechtsstaat","category-selbstbedienungsladen-bundestag","category-sozialismus","category-spott-und-haeme","category-staatsjournalismus-wie-zu-ddr-zeiten","category-verbotskoalition","category-vetternwirtschaft"],"images":{"thumbnail":false,"medium":false,"medium_large":false,"large":false,"full":false},"_links":{"self":[{"href":"https:\/\/hpaulick.de\/index.php?rest_route=\/wp\/v2\/posts\/2122","targetHints":{"allow":["GET"]}}],"collection":[{"href":"https:\/\/hpaulick.de\/index.php?rest_route=\/wp\/v2\/posts"}],"about":[{"href":"https:\/\/hpaulick.de\/index.php?rest_route=\/wp\/v2\/types\/post"}],"author":[{"embeddable":true,"href":"https:\/\/hpaulick.de\/index.php?rest_route=\/wp\/v2\/users\/1"}],"replies":[{"embeddable":true,"href":"https:\/\/hpaulick.de\/index.php?rest_route=%2Fwp%2Fv2%2Fcomments&post=2122"}],"version-history":[{"count":1,"href":"https:\/\/hpaulick.de\/index.php?rest_route=\/wp\/v2\/posts\/2122\/revisions"}],"predecessor-version":[{"id":2123,"href":"https:\/\/hpaulick.de\/index.php?rest_route=\/wp\/v2\/posts\/2122\/revisions\/2123"}],"wp:attachment":[{"href":"https:\/\/hpaulick.de\/index.php?rest_route=%2Fwp%2Fv2%2Fmedia&parent=2122"}],"wp:term":[{"taxonomy":"category","embeddable":true,"href":"https:\/\/hpaulick.de\/index.php?rest_route=%2Fwp%2Fv2%2Fcategories&post=2122"},{"taxonomy":"post_tag","embeddable":true,"href":"https:\/\/hpaulick.de\/index.php?rest_route=%2Fwp%2Fv2%2Ftags&post=2122"}],"curies":[{"name":"wp","href":"https:\/\/api.w.org\/{rel}","templated":true}]}}