{"id":2124,"date":"2024-03-07T13:15:46","date_gmt":"2024-03-07T13:15:46","guid":{"rendered":"http:\/\/hpaulick.de\/?p=2124"},"modified":"2024-03-07T13:15:46","modified_gmt":"2024-03-07T13:15:46","slug":"theodor-fontane-antisemit-mit-schlechtem-gewissen","status":"publish","type":"post","link":"https:\/\/hpaulick.de\/?p=2124","title":{"rendered":"Theodor Fontane: Antisemit mit schlechtem Gewissen?"},"content":{"rendered":"<div class=\"twitter-tweet\">\n<blockquote class=\"twitter-tweet\" data-lang=\"de\">\n<p lang=\"de\" dir=\"ltr\"><a href=\"https:\/\/twitter.com\/hashtag\/Theodor?src=hash&amp;ref_src=twsrc%5Etfw\">#Theodor<\/a> <a href=\"https:\/\/twitter.com\/hashtag\/Fontane?src=hash&amp;ref_src=twsrc%5Etfw\">#Fontane<\/a>: <a href=\"https:\/\/twitter.com\/hashtag\/Antisemit?src=hash&amp;ref_src=twsrc%5Etfw\">#Antisemit<\/a> mit schlechtem Gewissen?<br \/>Die DEUTSCHEN LINKEN m\u00fcssen alles und jeden in den SCHMUTZ ziehen. Martin Luther. Franz Josef Strau\u00df, Helmut Schmidt und jetzt Theodor von Fontane.<br \/>ENTSORGT DIE GR\u00dcNEN LINKEN endlich in der Geschichte.<a href=\"https:\/\/t.co\/zakoCgZn6B\">https:\/\/t.co\/zakoCgZn6B<\/a><\/p>\n<p>&mdash; Menippeischer Satiriker, Blogger, Schriftsteller (@Scheinheilig16) <a href=\"https:\/\/twitter.com\/Scheinheilig16\/status\/1765727216673956297?ref_src=twsrc%5Etfw\">7. M\u00e4rz 2024<\/a><\/p><\/blockquote>\n<\/div>\n\n<div class=\"twitter-share\"><a href=\"https:\/\/twitter.com\/intent\/tweet?via=haraldpaulick\" class=\"twitter-share-button\" data-size=\"large\">Twittern<\/a><\/div>\n","protected":false},"excerpt":{"rendered":"<p>#Theodor #Fontane: #Antisemit mit schlechtem Gewissen?Die DEUTSCHEN LINKEN m\u00fcssen alles und jeden in den SCHMUTZ ziehen. Martin Luther. Franz Josef Strau\u00df, Helmut Schmidt und jetzt Theodor von Fontane.ENTSORGT DIE GR\u00dcNEN LINKEN endlich in der Geschichte.https:\/\/t.co\/zakoCgZn6B &mdash; Menippeischer Satiriker, Blogger, Schriftsteller (@Scheinheilig16) 7. M\u00e4rz 2024<\/p>\n","protected":false},"author":1,"featured_media":0,"comment_status":"closed","ping_status":"open","sticky":false,"template":"","format":"standard","meta":{"footnotes":""},"categories":[{"term_id":54,"name":"Bildungslose Politiker","slug":"bildungslose-politiker","term_group":0,"term_taxonomy_id":54,"taxonomy":"category","description":"","parent":0,"count":676,"filter":"raw","cat_ID":54,"category_count":676,"category_description":"","cat_name":"Bildungslose Politiker","category_nicename":"bildungslose-politiker","category_parent":0},{"term_id":163,"name":"correctiv","slug":"correctiv","term_group":0,"term_taxonomy_id":163,"taxonomy":"category","description":"","parent":0,"count":8,"filter":"raw","cat_ID":163,"category_count":8,"category_description":"","cat_name":"correctiv","category_nicename":"correctiv","category_parent":0},{"term_id":132,"name":"Das 4. Reich GR\u00dcNER Pr\u00e4gung","slug":"das-4-reich-gruener-praegung","term_group":0,"term_taxonomy_id":132,"taxonomy":"category","description":"","parent":0,"count":458,"filter":"raw","cat_ID":132,"category_count":458,"category_description":"","cat_name":"Das 4. Reich GR\u00dcNER Pr\u00e4gung","category_nicename":"das-4-reich-gruener-praegung","category_parent":0},{"term_id":49,"name":"Deutschland schafft sich ab","slug":"deutschland-schafft-sich-ab","term_group":0,"term_taxonomy_id":49,"taxonomy":"category","description":"","parent":0,"count":663,"filter":"raw","cat_ID":49,"category_count":663,"category_description":"","cat_name":"Deutschland schafft sich ab","category_nicename":"deutschland-schafft-sich-ab","category_parent":0},{"term_id":140,"name":"Experten ohne Abschl\u00fcsse","slug":"experten-ohne-abschluesse","term_group":0,"term_taxonomy_id":140,"taxonomy":"category","description":"","parent":0,"count":279,"filter":"raw","cat_ID":140,"category_count":279,"category_description":"","cat_name":"Experten ohne Abschl\u00fcsse","category_nicename":"experten-ohne-abschluesse","category_parent":0},{"term_id":167,"name":"Gewalt und Terror von LINKS","slug":"gewalt-und-terror-von-links","term_group":0,"term_taxonomy_id":167,"taxonomy":"category","description":"","parent":0,"count":234,"filter":"raw","cat_ID":167,"category_count":234,"category_description":"","cat_name":"Gewalt und Terror von LINKS","category_nicename":"gewalt-und-terror-von-links","category_parent":0},{"term_id":30,"name":"GR\u00dcNE Murks Politik","slug":"gruene-murks-politik","term_group":0,"term_taxonomy_id":30,"taxonomy":"category","description":"","parent":0,"count":805,"filter":"raw","cat_ID":30,"category_count":805,"category_description":"","cat_name":"GR\u00dcNE Murks Politik","category_nicename":"gruene-murks-politik","category_parent":0},{"term_id":133,"name":"GR\u00dcNISMUS","slug":"gruenismus","term_group":0,"term_taxonomy_id":133,"taxonomy":"category","description":"","parent":0,"count":315,"filter":"raw","cat_ID":133,"category_count":315,"category_description":"","cat_name":"GR\u00dcNISMUS","category_nicename":"gruenismus","category_parent":0},{"term_id":170,"name":"Hass der GR\u00dcNEN LINKEN auf alles ANDERSDENKENDE","slug":"hass-der-gruenen-linken-auf-alles-andersdenkende","term_group":0,"term_taxonomy_id":170,"taxonomy":"category","description":"","parent":0,"count":256,"filter":"raw","cat_ID":170,"category_count":256,"category_description":"","cat_name":"Hass der GR\u00dcNEN LINKEN auf alles ANDERSDENKENDE","category_nicename":"hass-der-gruenen-linken-auf-alles-andersdenkende","category_parent":0},{"term_id":61,"name":"Klimawandel","slug":"klimawandel","term_group":0,"term_taxonomy_id":61,"taxonomy":"category","description":"","parent":0,"count":66,"filter":"raw","cat_ID":61,"category_count":66,"category_description":"","cat_name":"Klimawandel","category_nicename":"klimawandel","category_parent":0},{"term_id":50,"name":"Linksextremismus","slug":"linksextremismus","term_group":0,"term_taxonomy_id":50,"taxonomy":"category","description":"","parent":0,"count":313,"filter":"raw","cat_ID":50,"category_count":313,"category_description":"","cat_name":"Linksextremismus","category_nicename":"linksextremismus","category_parent":0},{"term_id":102,"name":"L\u00dcGEN","slug":"luegen","term_group":0,"term_taxonomy_id":102,"taxonomy":"category","description":"","parent":0,"count":389,"filter":"raw","cat_ID":102,"category_count":389,"category_description":"","cat_name":"L\u00dcGEN","category_nicename":"luegen","category_parent":0},{"term_id":137,"name":"Moralapostel","slug":"moralapostel","term_group":0,"term_taxonomy_id":137,"taxonomy":"category","description":"","parent":0,"count":210,"filter":"raw","cat_ID":137,"category_count":210,"category_description":"","cat_name":"Moralapostel","category_nicename":"moralapostel","category_parent":0},{"term_id":40,"name":"Partei ohne ARSCH in der HOSE","slug":"partei-ohne-arsch-in-der-hose","term_group":0,"term_taxonomy_id":40,"taxonomy":"category","description":"","parent":0,"count":236,"filter":"raw","cat_ID":40,"category_count":236,"category_description":"","cat_name":"Partei ohne ARSCH in der HOSE","category_nicename":"partei-ohne-arsch-in-der-hose","category_parent":0},{"term_id":134,"name":"Selbstbedienungsladen Bundestag","slug":"selbstbedienungsladen-bundestag","term_group":0,"term_taxonomy_id":134,"taxonomy":"category","description":"","parent":0,"count":374,"filter":"raw","cat_ID":134,"category_count":374,"category_description":"","cat_name":"Selbstbedienungsladen Bundestag","category_nicename":"selbstbedienungsladen-bundestag","category_parent":0},{"term_id":111,"name":"Sozialismus","slug":"sozialismus","term_group":0,"term_taxonomy_id":111,"taxonomy":"category","description":"","parent":0,"count":280,"filter":"raw","cat_ID":111,"category_count":280,"category_description":"","cat_name":"Sozialismus","category_nicename":"sozialismus","category_parent":0},{"term_id":139,"name":"Staatsjournalismus wie zu DDR-Zeiten","slug":"staatsjournalismus-wie-zu-ddr-zeiten","term_group":0,"term_taxonomy_id":139,"taxonomy":"category","description":"","parent":0,"count":134,"filter":"raw","cat_ID":139,"category_count":134,"category_description":"","cat_name":"Staatsjournalismus wie zu DDR-Zeiten","category_nicename":"staatsjournalismus-wie-zu-ddr-zeiten","category_parent":0},{"term_id":39,"name":"Verbotskoalition","slug":"verbotskoalition","term_group":0,"term_taxonomy_id":39,"taxonomy":"category","description":"","parent":0,"count":248,"filter":"raw","cat_ID":39,"category_count":248,"category_description":"","cat_name":"Verbotskoalition","category_nicename":"verbotskoalition","category_parent":0},{"term_id":119,"name":"Vetternwirtschaft","slug":"vetternwirtschaft","term_group":0,"term_taxonomy_id":119,"taxonomy":"category","description":"","parent":0,"count":491,"filter":"raw","cat_ID":119,"category_count":491,"category_description":"","cat_name":"Vetternwirtschaft","category_nicename":"vetternwirtschaft","category_parent":0}],"tags":[],"class_list":["post-2124","post","type-post","status-publish","format-standard","hentry","category-bildungslose-politiker","category-correctiv","category-das-4-reich-gruener-praegung","category-deutschland-schafft-sich-ab","category-experten-ohne-abschluesse","category-gewalt-und-terror-von-links","category-gruene-murks-politik","category-gruenismus","category-hass-der-gruenen-linken-auf-alles-andersdenkende","category-klimawandel","category-linksextremismus","category-luegen","category-moralapostel","category-partei-ohne-arsch-in-der-hose","category-selbstbedienungsladen-bundestag","category-sozialismus","category-staatsjournalismus-wie-zu-ddr-zeiten","category-verbotskoalition","category-vetternwirtschaft"],"images":{"thumbnail":false,"medium":false,"medium_large":false,"large":false,"full":false},"_links":{"self":[{"href":"https:\/\/hpaulick.de\/index.php?rest_route=\/wp\/v2\/posts\/2124","targetHints":{"allow":["GET"]}}],"collection":[{"href":"https:\/\/hpaulick.de\/index.php?rest_route=\/wp\/v2\/posts"}],"about":[{"href":"https:\/\/hpaulick.de\/index.php?rest_route=\/wp\/v2\/types\/post"}],"author":[{"embeddable":true,"href":"https:\/\/hpaulick.de\/index.php?rest_route=\/wp\/v2\/users\/1"}],"replies":[{"embeddable":true,"href":"https:\/\/hpaulick.de\/index.php?rest_route=%2Fwp%2Fv2%2Fcomments&post=2124"}],"version-history":[{"count":1,"href":"https:\/\/hpaulick.de\/index.php?rest_route=\/wp\/v2\/posts\/2124\/revisions"}],"predecessor-version":[{"id":2125,"href":"https:\/\/hpaulick.de\/index.php?rest_route=\/wp\/v2\/posts\/2124\/revisions\/2125"}],"wp:attachment":[{"href":"https:\/\/hpaulick.de\/index.php?rest_route=%2Fwp%2Fv2%2Fmedia&parent=2124"}],"wp:term":[{"taxonomy":"category","embeddable":true,"href":"https:\/\/hpaulick.de\/index.php?rest_route=%2Fwp%2Fv2%2Fcategories&post=2124"},{"taxonomy":"post_tag","embeddable":true,"href":"https:\/\/hpaulick.de\/index.php?rest_route=%2Fwp%2Fv2%2Ftags&post=2124"}],"curies":[{"name":"wp","href":"https:\/\/api.w.org\/{rel}","templated":true}]}}