{"id":2155,"date":"2024-03-09T14:35:58","date_gmt":"2024-03-09T14:35:58","guid":{"rendered":"http:\/\/hpaulick.de\/?p=2155"},"modified":"2024-03-09T14:36:57","modified_gmt":"2024-03-09T14:36:57","slug":"streit-um-campingplatz-prerow-die-gruene-regenbogen-ag-als-mietnomaden-am-meer","status":"publish","type":"post","link":"https:\/\/hpaulick.de\/?p=2155","title":{"rendered":"Streit um Campingplatz Prerow &#8211; Die GR\u00dcNE &#8222;Regenbogen AG&#8220; als &#8222;Mietnomaden&#8220; am Meer"},"content":{"rendered":"<div class=\"twitter-tweet\">\n<blockquote class=\"twitter-tweet\" data-lang=\"de\">\n<p lang=\"de\" dir=\"ltr\">Streit um Campingplatz Prerow<br \/>Die GR\u00dcNE &quot;Regenbogen AG&quot; als &quot;Mietnomaden&quot; am Meer<br \/>Wenn GR\u00dcNE IDEOLOGE sich zu Mietnomaden qualifizieren, ist ersichtlich das GR\u00dcN nur ein wilder SPUK ist!<a href=\"https:\/\/t.co\/d4WRqdlsck\">https:\/\/t.co\/d4WRqdlsck<\/a><\/p>\n<p>&mdash; HaraldPaulick &#8211; Es gibt zu ALLEM gute Alternativen (@HaraldPaulick) <a href=\"https:\/\/twitter.com\/HaraldPaulick\/status\/1766468729532023073?ref_src=twsrc%5Etfw\">9. M\u00e4rz 2024<\/a><\/p><\/blockquote>\n<\/div>\n\n<div class=\"twitter-share\"><a href=\"https:\/\/twitter.com\/intent\/tweet?via=haraldpaulick\" class=\"twitter-share-button\" data-size=\"large\">Twittern<\/a><\/div>\n","protected":false},"excerpt":{"rendered":"<p>Streit um Campingplatz PrerowDie GR\u00dcNE &quot;Regenbogen AG&quot; als &quot;Mietnomaden&quot; am MeerWenn GR\u00dcNE IDEOLOGE sich zu Mietnomaden qualifizieren, ist ersichtlich das GR\u00dcN nur ein wilder SPUK ist!https:\/\/t.co\/d4WRqdlsck &mdash; HaraldPaulick &#8211; Es gibt zu ALLEM gute Alternativen (@HaraldPaulick) 9. M\u00e4rz 2024<\/p>\n","protected":false},"author":1,"featured_media":0,"comment_status":"closed","ping_status":"open","sticky":false,"template":"","format":"standard","meta":{"footnotes":""},"categories":[{"term_id":125,"name":"Ampel-Regierung","slug":"ampel-regierung","term_group":0,"term_taxonomy_id":125,"taxonomy":"category","description":"","parent":0,"count":403,"filter":"raw","cat_ID":125,"category_count":403,"category_description":"","cat_name":"Ampel-Regierung","category_nicename":"ampel-regierung","category_parent":0},{"term_id":132,"name":"Das 4. Reich GR\u00dcNER Pr\u00e4gung","slug":"das-4-reich-gruener-praegung","term_group":0,"term_taxonomy_id":132,"taxonomy":"category","description":"","parent":0,"count":458,"filter":"raw","cat_ID":132,"category_count":458,"category_description":"","cat_name":"Das 4. Reich GR\u00dcNER Pr\u00e4gung","category_nicename":"das-4-reich-gruener-praegung","category_parent":0},{"term_id":167,"name":"Gewalt und Terror von LINKS","slug":"gewalt-und-terror-von-links","term_group":0,"term_taxonomy_id":167,"taxonomy":"category","description":"","parent":0,"count":233,"filter":"raw","cat_ID":167,"category_count":233,"category_description":"","cat_name":"Gewalt und Terror von LINKS","category_nicename":"gewalt-und-terror-von-links","category_parent":0},{"term_id":133,"name":"GR\u00dcNISMUS","slug":"gruenismus","term_group":0,"term_taxonomy_id":133,"taxonomy":"category","description":"","parent":0,"count":314,"filter":"raw","cat_ID":133,"category_count":314,"category_description":"","cat_name":"GR\u00dcNISMUS","category_nicename":"gruenismus","category_parent":0},{"term_id":170,"name":"Hass der GR\u00dcNEN LINKEN auf alles ANDERSDENKENDE","slug":"hass-der-gruenen-linken-auf-alles-andersdenkende","term_group":0,"term_taxonomy_id":170,"taxonomy":"category","description":"","parent":0,"count":255,"filter":"raw","cat_ID":170,"category_count":255,"category_description":"","cat_name":"Hass der GR\u00dcNEN LINKEN auf alles ANDERSDENKENDE","category_nicename":"hass-der-gruenen-linken-auf-alles-andersdenkende","category_parent":0},{"term_id":26,"name":"Klimakleber","slug":"klimakleber","term_group":0,"term_taxonomy_id":26,"taxonomy":"category","description":"","parent":0,"count":20,"filter":"raw","cat_ID":26,"category_count":20,"category_description":"","cat_name":"Klimakleber","category_nicename":"klimakleber","category_parent":0},{"term_id":173,"name":"Mietnomaden","slug":"mietnomaden","term_group":0,"term_taxonomy_id":173,"taxonomy":"category","description":"","parent":0,"count":6,"filter":"raw","cat_ID":173,"category_count":6,"category_description":"","cat_name":"Mietnomaden","category_nicename":"mietnomaden","category_parent":0},{"term_id":66,"name":"Minderheiten","slug":"minderheiten","term_group":0,"term_taxonomy_id":66,"taxonomy":"category","description":"","parent":0,"count":47,"filter":"raw","cat_ID":66,"category_count":47,"category_description":"","cat_name":"Minderheiten","category_nicename":"minderheiten","category_parent":0},{"term_id":137,"name":"Moralapostel","slug":"moralapostel","term_group":0,"term_taxonomy_id":137,"taxonomy":"category","description":"","parent":0,"count":210,"filter":"raw","cat_ID":137,"category_count":210,"category_description":"","cat_name":"Moralapostel","category_nicename":"moralapostel","category_parent":0},{"term_id":93,"name":"Saboteure","slug":"saboteure","term_group":0,"term_taxonomy_id":93,"taxonomy":"category","description":"","parent":0,"count":38,"filter":"raw","cat_ID":93,"category_count":38,"category_description":"","cat_name":"Saboteure","category_nicename":"saboteure","category_parent":0},{"term_id":52,"name":"Vermieter","slug":"vermieter","term_group":0,"term_taxonomy_id":52,"taxonomy":"category","description":"","parent":0,"count":5,"filter":"raw","cat_ID":52,"category_count":5,"category_description":"","cat_name":"Vermieter","category_nicename":"vermieter","category_parent":0},{"term_id":119,"name":"Vetternwirtschaft","slug":"vetternwirtschaft","term_group":0,"term_taxonomy_id":119,"taxonomy":"category","description":"","parent":0,"count":491,"filter":"raw","cat_ID":119,"category_count":491,"category_description":"","cat_name":"Vetternwirtschaft","category_nicename":"vetternwirtschaft","category_parent":0}],"tags":[],"class_list":["post-2155","post","type-post","status-publish","format-standard","hentry","category-ampel-regierung","category-das-4-reich-gruener-praegung","category-gewalt-und-terror-von-links","category-gruenismus","category-hass-der-gruenen-linken-auf-alles-andersdenkende","category-klimakleber","category-mietnomaden","category-minderheiten","category-moralapostel","category-saboteure","category-vermieter","category-vetternwirtschaft"],"images":{"thumbnail":false,"medium":false,"medium_large":false,"large":false,"full":false},"_links":{"self":[{"href":"https:\/\/hpaulick.de\/index.php?rest_route=\/wp\/v2\/posts\/2155","targetHints":{"allow":["GET"]}}],"collection":[{"href":"https:\/\/hpaulick.de\/index.php?rest_route=\/wp\/v2\/posts"}],"about":[{"href":"https:\/\/hpaulick.de\/index.php?rest_route=\/wp\/v2\/types\/post"}],"author":[{"embeddable":true,"href":"https:\/\/hpaulick.de\/index.php?rest_route=\/wp\/v2\/users\/1"}],"replies":[{"embeddable":true,"href":"https:\/\/hpaulick.de\/index.php?rest_route=%2Fwp%2Fv2%2Fcomments&post=2155"}],"version-history":[{"count":1,"href":"https:\/\/hpaulick.de\/index.php?rest_route=\/wp\/v2\/posts\/2155\/revisions"}],"predecessor-version":[{"id":2157,"href":"https:\/\/hpaulick.de\/index.php?rest_route=\/wp\/v2\/posts\/2155\/revisions\/2157"}],"wp:attachment":[{"href":"https:\/\/hpaulick.de\/index.php?rest_route=%2Fwp%2Fv2%2Fmedia&parent=2155"}],"wp:term":[{"taxonomy":"category","embeddable":true,"href":"https:\/\/hpaulick.de\/index.php?rest_route=%2Fwp%2Fv2%2Fcategories&post=2155"},{"taxonomy":"post_tag","embeddable":true,"href":"https:\/\/hpaulick.de\/index.php?rest_route=%2Fwp%2Fv2%2Ftags&post=2155"}],"curies":[{"name":"wp","href":"https:\/\/api.w.org\/{rel}","templated":true}]}}