{"id":2181,"date":"2024-03-12T06:47:24","date_gmt":"2024-03-12T06:47:24","guid":{"rendered":"http:\/\/hpaulick.de\/?p=2181"},"modified":"2024-03-12T07:01:11","modified_gmt":"2024-03-12T07:01:11","slug":"das-ist-die-kulturelle-bereicherung-die-unsere-gruene-regierung-uns-verschafft","status":"publish","type":"post","link":"https:\/\/hpaulick.de\/?p=2181","title":{"rendered":"Das ist die Kulturelle Bereicherung die unsere GR\u00dcNE REGIERUNG uns verschafft."},"content":{"rendered":"<div class=\"twitter-tweet\">\n<blockquote class=\"twitter-tweet\" data-lang=\"de\">\n<p lang=\"de\" dir=\"ltr\">Das ist die Kulturelle Bereicherung die unsere GR\u00dcNE REGIERUNG uns verschafft.<br \/>Harald Paulick<br \/>Schriftsteller, Blogger &amp; Menippeischer Satiriker<a href=\"https:\/\/t.co\/dkPegK7l9e\">https:\/\/t.co\/dkPegK7l9e<\/a> <a href=\"https:\/\/t.co\/elxbDLsXX6\">https:\/\/t.co\/elxbDLsXX6<\/a><\/p>\n<p>&mdash; Friedliche Politische Mitte: zwischen AfD &amp; CDU (@Freund_WUPartei) <a href=\"https:\/\/twitter.com\/Freund_WUPartei\/status\/1767441175487672633?ref_src=twsrc%5Etfw\">12. M\u00e4rz 2024<\/a><\/p><\/blockquote>\n<\/div>\n<p>H\u00f6cke AfD sagt dazu:<br \/>\n&#8222;Wir haben unsere Kinder zu Schafen erzogen und holen uns die W\u00f6lfe in&#8217;s Land!&#8220;.<\/p>\n<p>Welche Argumente hat ein DEMOKRAT dagegen?<\/p>\n\n<div class=\"twitter-share\"><a href=\"https:\/\/twitter.com\/intent\/tweet?via=haraldpaulick\" class=\"twitter-share-button\" data-size=\"large\">Twittern<\/a><\/div>\n","protected":false},"excerpt":{"rendered":"<p>Das ist die Kulturelle Bereicherung die unsere GR\u00dcNE REGIERUNG uns verschafft.Harald PaulickSchriftsteller, Blogger &amp; Menippeischer Satirikerhttps:\/\/t.co\/dkPegK7l9e https:\/\/t.co\/elxbDLsXX6 &mdash; Friedliche Politische Mitte: zwischen AfD &amp; CDU (@Freund_WUPartei) 12. M\u00e4rz 2024 H\u00f6cke AfD sagt dazu: &#8222;Wir haben unsere Kinder zu Schafen erzogen und holen uns die W\u00f6lfe in&#8217;s Land!&#8220;. Welche Argumente hat ein DEMOKRAT dagegen?<\/p>\n","protected":false},"author":1,"featured_media":0,"comment_status":"closed","ping_status":"open","sticky":false,"template":"","format":"standard","meta":{"footnotes":""},"categories":[{"term_id":63,"name":"Aberglaube","slug":"aberglaube","term_group":0,"term_taxonomy_id":63,"taxonomy":"category","description":"","parent":0,"count":404,"filter":"raw","cat_ID":63,"category_count":404,"category_description":"","cat_name":"Aberglaube","category_nicename":"aberglaube","category_parent":0},{"term_id":122,"name":"Abschiebung","slug":"abschiebung","term_group":0,"term_taxonomy_id":122,"taxonomy":"category","description":"","parent":0,"count":121,"filter":"raw","cat_ID":122,"category_count":121,"category_description":"","cat_name":"Abschiebung","category_nicename":"abschiebung","category_parent":0},{"term_id":125,"name":"Ampel-Regierung","slug":"ampel-regierung","term_group":0,"term_taxonomy_id":125,"taxonomy":"category","description":"","parent":0,"count":403,"filter":"raw","cat_ID":125,"category_count":403,"category_description":"","cat_name":"Ampel-Regierung","category_nicename":"ampel-regierung","category_parent":0},{"term_id":171,"name":"Den DEUTSCHEN geht es viel zu gut","slug":"den-deutschen-geht-es-viel-zu-gut","term_group":0,"term_taxonomy_id":171,"taxonomy":"category","description":"","parent":0,"count":218,"filter":"raw","cat_ID":171,"category_count":218,"category_description":"","cat_name":"Den DEUTSCHEN geht es viel zu gut","category_nicename":"den-deutschen-geht-es-viel-zu-gut","category_parent":0},{"term_id":49,"name":"Deutschland schafft sich ab","slug":"deutschland-schafft-sich-ab","term_group":0,"term_taxonomy_id":49,"taxonomy":"category","description":"","parent":0,"count":662,"filter":"raw","cat_ID":49,"category_count":662,"category_description":"","cat_name":"Deutschland schafft sich ab","category_nicename":"deutschland-schafft-sich-ab","category_parent":0},{"term_id":117,"name":"Diktatur","slug":"diktatur","term_group":0,"term_taxonomy_id":117,"taxonomy":"category","description":"","parent":0,"count":391,"filter":"raw","cat_ID":117,"category_count":391,"category_description":"","cat_name":"Diktatur","category_nicename":"diktatur","category_parent":0},{"term_id":144,"name":"Doppelte Staatsangeh\u00f6rigkeit","slug":"doppelte-staatsangehoerigkeit","term_group":0,"term_taxonomy_id":144,"taxonomy":"category","description":"","parent":0,"count":217,"filter":"raw","cat_ID":144,"category_count":217,"category_description":"","cat_name":"Doppelte Staatsangeh\u00f6rigkeit","category_nicename":"doppelte-staatsangehoerigkeit","category_parent":0},{"term_id":65,"name":"Fl\u00fcchtlinge","slug":"fluechtlinge","term_group":0,"term_taxonomy_id":65,"taxonomy":"category","description":"","parent":0,"count":187,"filter":"raw","cat_ID":65,"category_count":187,"category_description":"","cat_name":"Fl\u00fcchtlinge","category_nicename":"fluechtlinge","category_parent":0},{"term_id":30,"name":"GR\u00dcNE Murks Politik","slug":"gruene-murks-politik","term_group":0,"term_taxonomy_id":30,"taxonomy":"category","description":"","parent":0,"count":804,"filter":"raw","cat_ID":30,"category_count":804,"category_description":"","cat_name":"GR\u00dcNE Murks Politik","category_nicename":"gruene-murks-politik","category_parent":0},{"term_id":133,"name":"GR\u00dcNISMUS","slug":"gruenismus","term_group":0,"term_taxonomy_id":133,"taxonomy":"category","description":"","parent":0,"count":314,"filter":"raw","cat_ID":133,"category_count":314,"category_description":"","cat_name":"GR\u00dcNISMUS","category_nicename":"gruenismus","category_parent":0},{"term_id":170,"name":"Hass der GR\u00dcNEN LINKEN auf alles ANDERSDENKENDE","slug":"hass-der-gruenen-linken-auf-alles-andersdenkende","term_group":0,"term_taxonomy_id":170,"taxonomy":"category","description":"","parent":0,"count":255,"filter":"raw","cat_ID":170,"category_count":255,"category_description":"","cat_name":"Hass der GR\u00dcNEN LINKEN auf alles ANDERSDENKENDE","category_nicename":"hass-der-gruenen-linken-auf-alles-andersdenkende","category_parent":0},{"term_id":148,"name":"Islamischer Staat Deutschland","slug":"islamischer-staat-deutschland","term_group":0,"term_taxonomy_id":148,"taxonomy":"category","description":"","parent":0,"count":123,"filter":"raw","cat_ID":148,"category_count":123,"category_description":"","cat_name":"Islamischer Staat Deutschland","category_nicename":"islamischer-staat-deutschland","category_parent":0},{"term_id":86,"name":"Islamismus","slug":"islamismus","term_group":0,"term_taxonomy_id":86,"taxonomy":"category","description":"","parent":0,"count":122,"filter":"raw","cat_ID":86,"category_count":122,"category_description":"","cat_name":"Islamismus","category_nicename":"islamismus","category_parent":0},{"term_id":50,"name":"Linksextremismus","slug":"linksextremismus","term_group":0,"term_taxonomy_id":50,"taxonomy":"category","description":"","parent":0,"count":313,"filter":"raw","cat_ID":50,"category_count":313,"category_description":"","cat_name":"Linksextremismus","category_nicename":"linksextremismus","category_parent":0},{"term_id":102,"name":"L\u00dcGEN","slug":"luegen","term_group":0,"term_taxonomy_id":102,"taxonomy":"category","description":"","parent":0,"count":389,"filter":"raw","cat_ID":102,"category_count":389,"category_description":"","cat_name":"L\u00dcGEN","category_nicename":"luegen","category_parent":0},{"term_id":161,"name":"Migranten aus Afrika gleichgestellt","slug":"migranten-aus-afrika-gleichgestellt","term_group":0,"term_taxonomy_id":161,"taxonomy":"category","description":"","parent":0,"count":239,"filter":"raw","cat_ID":161,"category_count":239,"category_description":"","cat_name":"Migranten aus Afrika gleichgestellt","category_nicename":"migranten-aus-afrika-gleichgestellt","category_parent":0},{"term_id":64,"name":"Migrationspolitik","slug":"migrationspolitik","term_group":0,"term_taxonomy_id":64,"taxonomy":"category","description":"","parent":0,"count":398,"filter":"raw","cat_ID":64,"category_count":398,"category_description":"","cat_name":"Migrationspolitik","category_nicename":"migrationspolitik","category_parent":0},{"term_id":159,"name":"Spott und H\u00e4me","slug":"spott-und-haeme","term_group":0,"term_taxonomy_id":159,"taxonomy":"category","description":"","parent":0,"count":152,"filter":"raw","cat_ID":159,"category_count":152,"category_description":"","cat_name":"Spott und H\u00e4me","category_nicename":"spott-und-haeme","category_parent":0},{"term_id":139,"name":"Staatsjournalismus wie zu DDR-Zeiten","slug":"staatsjournalismus-wie-zu-ddr-zeiten","term_group":0,"term_taxonomy_id":139,"taxonomy":"category","description":"","parent":0,"count":134,"filter":"raw","cat_ID":139,"category_count":134,"category_description":"","cat_name":"Staatsjournalismus wie zu DDR-Zeiten","category_nicename":"staatsjournalismus-wie-zu-ddr-zeiten","category_parent":0},{"term_id":174,"name":"VON LINKS provozierter RECHTSRUCK","slug":"von-links-provozierter-rechtsruck","term_group":0,"term_taxonomy_id":174,"taxonomy":"category","description":"","parent":0,"count":304,"filter":"raw","cat_ID":174,"category_count":304,"category_description":"","cat_name":"VON LINKS provozierter RECHTSRUCK","category_nicename":"von-links-provozierter-rechtsruck","category_parent":0}],"tags":[],"class_list":["post-2181","post","type-post","status-publish","format-standard","hentry","category-aberglaube","category-abschiebung","category-ampel-regierung","category-den-deutschen-geht-es-viel-zu-gut","category-deutschland-schafft-sich-ab","category-diktatur","category-doppelte-staatsangehoerigkeit","category-fluechtlinge","category-gruene-murks-politik","category-gruenismus","category-hass-der-gruenen-linken-auf-alles-andersdenkende","category-islamischer-staat-deutschland","category-islamismus","category-linksextremismus","category-luegen","category-migranten-aus-afrika-gleichgestellt","category-migrationspolitik","category-spott-und-haeme","category-staatsjournalismus-wie-zu-ddr-zeiten","category-von-links-provozierter-rechtsruck"],"images":{"thumbnail":false,"medium":false,"medium_large":false,"large":false,"full":false},"_links":{"self":[{"href":"https:\/\/hpaulick.de\/index.php?rest_route=\/wp\/v2\/posts\/2181","targetHints":{"allow":["GET"]}}],"collection":[{"href":"https:\/\/hpaulick.de\/index.php?rest_route=\/wp\/v2\/posts"}],"about":[{"href":"https:\/\/hpaulick.de\/index.php?rest_route=\/wp\/v2\/types\/post"}],"author":[{"embeddable":true,"href":"https:\/\/hpaulick.de\/index.php?rest_route=\/wp\/v2\/users\/1"}],"replies":[{"embeddable":true,"href":"https:\/\/hpaulick.de\/index.php?rest_route=%2Fwp%2Fv2%2Fcomments&post=2181"}],"version-history":[{"count":4,"href":"https:\/\/hpaulick.de\/index.php?rest_route=\/wp\/v2\/posts\/2181\/revisions"}],"predecessor-version":[{"id":2185,"href":"https:\/\/hpaulick.de\/index.php?rest_route=\/wp\/v2\/posts\/2181\/revisions\/2185"}],"wp:attachment":[{"href":"https:\/\/hpaulick.de\/index.php?rest_route=%2Fwp%2Fv2%2Fmedia&parent=2181"}],"wp:term":[{"taxonomy":"category","embeddable":true,"href":"https:\/\/hpaulick.de\/index.php?rest_route=%2Fwp%2Fv2%2Fcategories&post=2181"},{"taxonomy":"post_tag","embeddable":true,"href":"https:\/\/hpaulick.de\/index.php?rest_route=%2Fwp%2Fv2%2Ftags&post=2181"}],"curies":[{"name":"wp","href":"https:\/\/api.w.org\/{rel}","templated":true}]}}