{"id":2237,"date":"2024-03-15T20:44:49","date_gmt":"2024-03-15T20:44:49","guid":{"rendered":"http:\/\/hpaulick.de\/?p=2237"},"modified":"2024-03-15T20:44:49","modified_gmt":"2024-03-15T20:44:49","slug":"die-chefin-der-wirtschaftsweisen-monika-schnitzer-haelt-die-rentenreform-fuer-voellig-unzureichend","status":"publish","type":"post","link":"https:\/\/hpaulick.de\/?p=2237","title":{"rendered":"Die Chefin der Wirtschaftsweisen Monika Schnitzer h\u00e4lt die Rentenreform f\u00fcr v\u00f6llig unzureichend"},"content":{"rendered":"<div class=\"twitter-tweet\">\n<blockquote class=\"twitter-tweet\" data-lang=\"de\">\n<p lang=\"de\" dir=\"ltr\">&quot;Tropfen auf den hei\u00dfen Stein&quot;<a href=\"https:\/\/twitter.com\/hashtag\/Rentenreform?src=hash&amp;ref_src=twsrc%5Etfw\">#Rentenreform<\/a>: Wirtschaftsexpertin zerpfl\u00fcckt Minister<br \/>Die Chefin der Wirtschaftsweisen Monika Schnitzer h\u00e4lt die Rentenreform f\u00fcr v\u00f6llig unzureichend<br \/>SPD-Arbeitsminister Heil musste sich heftige Kritik anh\u00f6ren<br \/>Harald Paulick<a href=\"https:\/\/t.co\/SydiDzChuf\">https:\/\/t.co\/SydiDzChuf<\/a><\/p>\n<p>&mdash; HaraldPaulick &#8211; Es gibt zu ALLEM gute Alternativen (@HaraldPaulick) <a href=\"https:\/\/twitter.com\/HaraldPaulick\/status\/1768739605044429221?ref_src=twsrc%5Etfw\">15. M\u00e4rz 2024<\/a><\/p><\/blockquote>\n<\/div>\n\n<div class=\"twitter-share\"><a href=\"https:\/\/twitter.com\/intent\/tweet?via=haraldpaulick\" class=\"twitter-share-button\" data-size=\"large\">Twittern<\/a><\/div>\n","protected":false},"excerpt":{"rendered":"<p>&quot;Tropfen auf den hei\u00dfen Stein&quot;#Rentenreform: Wirtschaftsexpertin zerpfl\u00fcckt MinisterDie Chefin der Wirtschaftsweisen Monika Schnitzer h\u00e4lt die Rentenreform f\u00fcr v\u00f6llig unzureichendSPD-Arbeitsminister Heil musste sich heftige Kritik anh\u00f6renHarald Paulickhttps:\/\/t.co\/SydiDzChuf &mdash; HaraldPaulick &#8211; Es gibt zu ALLEM gute Alternativen (@HaraldPaulick) 15. M\u00e4rz 2024<\/p>\n","protected":false},"author":1,"featured_media":0,"comment_status":"closed","ping_status":"open","sticky":false,"template":"","format":"standard","meta":{"footnotes":""},"categories":[{"term_id":63,"name":"Aberglaube","slug":"aberglaube","term_group":0,"term_taxonomy_id":63,"taxonomy":"category","description":"","parent":0,"count":404,"filter":"raw","cat_ID":63,"category_count":404,"category_description":"","cat_name":"Aberglaube","category_nicename":"aberglaube","category_parent":0},{"term_id":125,"name":"Ampel-Regierung","slug":"ampel-regierung","term_group":0,"term_taxonomy_id":125,"taxonomy":"category","description":"","parent":0,"count":403,"filter":"raw","cat_ID":125,"category_count":403,"category_description":"","cat_name":"Ampel-Regierung","category_nicename":"ampel-regierung","category_parent":0},{"term_id":54,"name":"Bildungslose Politiker","slug":"bildungslose-politiker","term_group":0,"term_taxonomy_id":54,"taxonomy":"category","description":"","parent":0,"count":676,"filter":"raw","cat_ID":54,"category_count":676,"category_description":"","cat_name":"Bildungslose Politiker","category_nicename":"bildungslose-politiker","category_parent":0},{"term_id":49,"name":"Deutschland schafft sich ab","slug":"deutschland-schafft-sich-ab","term_group":0,"term_taxonomy_id":49,"taxonomy":"category","description":"","parent":0,"count":663,"filter":"raw","cat_ID":49,"category_count":663,"category_description":"","cat_name":"Deutschland schafft sich ab","category_nicename":"deutschland-schafft-sich-ab","category_parent":0},{"term_id":64,"name":"Migrationspolitik","slug":"migrationspolitik","term_group":0,"term_taxonomy_id":64,"taxonomy":"category","description":"","parent":0,"count":398,"filter":"raw","cat_ID":64,"category_count":398,"category_description":"","cat_name":"Migrationspolitik","category_nicename":"migrationspolitik","category_parent":0},{"term_id":112,"name":"Milliarden Deals UNBEMERKT","slug":"milliarden-deals-unbemerkt","term_group":0,"term_taxonomy_id":112,"taxonomy":"category","description":"","parent":0,"count":559,"filter":"raw","cat_ID":112,"category_count":559,"category_description":"","cat_name":"Milliarden Deals UNBEMERKT","category_nicename":"milliarden-deals-unbemerkt","category_parent":0},{"term_id":23,"name":"Rente","slug":"rente","term_group":0,"term_taxonomy_id":23,"taxonomy":"category","description":"","parent":0,"count":58,"filter":"raw","cat_ID":23,"category_count":58,"category_description":"","cat_name":"Rente","category_nicename":"rente","category_parent":0},{"term_id":111,"name":"Sozialismus","slug":"sozialismus","term_group":0,"term_taxonomy_id":111,"taxonomy":"category","description":"","parent":0,"count":280,"filter":"raw","cat_ID":111,"category_count":280,"category_description":"","cat_name":"Sozialismus","category_nicename":"sozialismus","category_parent":0},{"term_id":101,"name":"Staatsschulden","slug":"staatsschulden","term_group":0,"term_taxonomy_id":101,"taxonomy":"category","description":"","parent":0,"count":77,"filter":"raw","cat_ID":101,"category_count":77,"category_description":"","cat_name":"Staatsschulden","category_nicename":"staatsschulden","category_parent":0},{"term_id":119,"name":"Vetternwirtschaft","slug":"vetternwirtschaft","term_group":0,"term_taxonomy_id":119,"taxonomy":"category","description":"","parent":0,"count":491,"filter":"raw","cat_ID":119,"category_count":491,"category_description":"","cat_name":"Vetternwirtschaft","category_nicename":"vetternwirtschaft","category_parent":0}],"tags":[],"class_list":["post-2237","post","type-post","status-publish","format-standard","hentry","category-aberglaube","category-ampel-regierung","category-bildungslose-politiker","category-deutschland-schafft-sich-ab","category-migrationspolitik","category-milliarden-deals-unbemerkt","category-rente","category-sozialismus","category-staatsschulden","category-vetternwirtschaft"],"images":{"thumbnail":false,"medium":false,"medium_large":false,"large":false,"full":false},"_links":{"self":[{"href":"https:\/\/hpaulick.de\/index.php?rest_route=\/wp\/v2\/posts\/2237","targetHints":{"allow":["GET"]}}],"collection":[{"href":"https:\/\/hpaulick.de\/index.php?rest_route=\/wp\/v2\/posts"}],"about":[{"href":"https:\/\/hpaulick.de\/index.php?rest_route=\/wp\/v2\/types\/post"}],"author":[{"embeddable":true,"href":"https:\/\/hpaulick.de\/index.php?rest_route=\/wp\/v2\/users\/1"}],"replies":[{"embeddable":true,"href":"https:\/\/hpaulick.de\/index.php?rest_route=%2Fwp%2Fv2%2Fcomments&post=2237"}],"version-history":[{"count":1,"href":"https:\/\/hpaulick.de\/index.php?rest_route=\/wp\/v2\/posts\/2237\/revisions"}],"predecessor-version":[{"id":2238,"href":"https:\/\/hpaulick.de\/index.php?rest_route=\/wp\/v2\/posts\/2237\/revisions\/2238"}],"wp:attachment":[{"href":"https:\/\/hpaulick.de\/index.php?rest_route=%2Fwp%2Fv2%2Fmedia&parent=2237"}],"wp:term":[{"taxonomy":"category","embeddable":true,"href":"https:\/\/hpaulick.de\/index.php?rest_route=%2Fwp%2Fv2%2Fcategories&post=2237"},{"taxonomy":"post_tag","embeddable":true,"href":"https:\/\/hpaulick.de\/index.php?rest_route=%2Fwp%2Fv2%2Ftags&post=2237"}],"curies":[{"name":"wp","href":"https:\/\/api.w.org\/{rel}","templated":true}]}}