{"id":2363,"date":"2024-03-28T09:58:22","date_gmt":"2024-03-28T09:58:22","guid":{"rendered":"http:\/\/hpaulick.de\/?p=2363"},"modified":"2024-03-28T09:58:22","modified_gmt":"2024-03-28T09:58:22","slug":"die-scheinheilige-cdu-will-wieder-gewaehlt-werden","status":"publish","type":"post","link":"https:\/\/hpaulick.de\/?p=2363","title":{"rendered":"Die #Scheinheilige #CDU will wieder gew\u00e4hlt werden."},"content":{"rendered":"<div class=\"twitter-tweet\">\n<blockquote class=\"twitter-tweet\" data-lang=\"de\">\n<p lang=\"de\" dir=\"ltr\">Die <a href=\"https:\/\/twitter.com\/hashtag\/Scheinheilige?src=hash&amp;ref_src=twsrc%5Etfw\">#Scheinheilige<\/a> <a href=\"https:\/\/twitter.com\/hashtag\/CDU?src=hash&amp;ref_src=twsrc%5Etfw\">#CDU<\/a> will wieder gew\u00e4hlt werden.<br \/>Vergisst aber dabei, dass die <a href=\"https:\/\/twitter.com\/hashtag\/CSU?src=hash&amp;ref_src=twsrc%5Etfw\">#CSU<\/a> mit 4,5% nicht mehr in den Bundestag kommt.<br \/>Daf\u00fcr kommt die <a href=\"https:\/\/twitter.com\/hashtag\/WerteUnion?src=hash&amp;ref_src=twsrc%5Etfw\">#WerteUnion<\/a> mit 8% in den Bundestag.<br \/>Warum?<br \/>Die haben gegen\u00fcber der <a href=\"https:\/\/twitter.com\/hashtag\/Union?src=hash&amp;ref_src=twsrc%5Etfw\">#Union<\/a> eine <a href=\"https:\/\/twitter.com\/hashtag\/wei%C3%9Fe?src=hash&amp;ref_src=twsrc%5Etfw\">#wei\u00dfe<\/a> <a href=\"https:\/\/twitter.com\/hashtag\/WESTE?src=hash&amp;ref_src=twsrc%5Etfw\">#WESTE<\/a>!<br \/>Harald Paulick<a href=\"https:\/\/t.co\/dpfw5yolwO\">https:\/\/t.co\/dpfw5yolwO<\/a> <a href=\"https:\/\/t.co\/LqEtpfB9y0\">https:\/\/t.co\/LqEtpfB9y0<\/a><\/p>\n<p>&mdash; Menippeischer Satiriker, Blogger, Schriftsteller (@Scheinheilig16) <a href=\"https:\/\/twitter.com\/Scheinheilig16\/status\/1773287819940675815?ref_src=twsrc%5Etfw\">28. M\u00e4rz 2024<\/a><\/p><\/blockquote>\n<\/div>\n\n<div class=\"twitter-share\"><a href=\"https:\/\/twitter.com\/intent\/tweet?via=haraldpaulick\" class=\"twitter-share-button\" data-size=\"large\">Twittern<\/a><\/div>\n","protected":false},"excerpt":{"rendered":"<p>Die #Scheinheilige #CDU will wieder gew\u00e4hlt werden.Vergisst aber dabei, dass die #CSU mit 4,5% nicht mehr in den Bundestag kommt.Daf\u00fcr kommt die #WerteUnion mit 8% in den Bundestag.Warum?Die haben gegen\u00fcber der #Union eine #wei\u00dfe #WESTE!Harald Paulickhttps:\/\/t.co\/dpfw5yolwO https:\/\/t.co\/LqEtpfB9y0 &mdash; Menippeischer Satiriker, Blogger, Schriftsteller (@Scheinheilig16) 28. M\u00e4rz 2024<\/p>\n","protected":false},"author":1,"featured_media":0,"comment_status":"closed","ping_status":"open","sticky":false,"template":"","format":"standard","meta":{"footnotes":""},"categories":[{"term_id":63,"name":"Aberglaube","slug":"aberglaube","term_group":0,"term_taxonomy_id":63,"taxonomy":"category","description":"","parent":0,"count":404,"filter":"raw","cat_ID":63,"category_count":404,"category_description":"","cat_name":"Aberglaube","category_nicename":"aberglaube","category_parent":0},{"term_id":35,"name":"Aff\u00e4ren","slug":"affaeren","term_group":0,"term_taxonomy_id":35,"taxonomy":"category","description":"","parent":0,"count":246,"filter":"raw","cat_ID":35,"category_count":246,"category_description":"","cat_name":"Aff\u00e4ren","category_nicename":"affaeren","category_parent":0},{"term_id":81,"name":"CDU","slug":"cdu","term_group":0,"term_taxonomy_id":81,"taxonomy":"category","description":"","parent":0,"count":122,"filter":"raw","cat_ID":81,"category_count":122,"category_description":"","cat_name":"CDU","category_nicename":"cdu","category_parent":0},{"term_id":171,"name":"Den DEUTSCHEN geht es viel zu gut","slug":"den-deutschen-geht-es-viel-zu-gut","term_group":0,"term_taxonomy_id":171,"taxonomy":"category","description":"","parent":0,"count":218,"filter":"raw","cat_ID":171,"category_count":218,"category_description":"","cat_name":"Den DEUTSCHEN geht es viel zu gut","category_nicename":"den-deutschen-geht-es-viel-zu-gut","category_parent":0},{"term_id":49,"name":"Deutschland schafft sich ab","slug":"deutschland-schafft-sich-ab","term_group":0,"term_taxonomy_id":49,"taxonomy":"category","description":"","parent":0,"count":662,"filter":"raw","cat_ID":49,"category_count":662,"category_description":"","cat_name":"Deutschland schafft sich ab","category_nicename":"deutschland-schafft-sich-ab","category_parent":0},{"term_id":144,"name":"Doppelte Staatsangeh\u00f6rigkeit","slug":"doppelte-staatsangehoerigkeit","term_group":0,"term_taxonomy_id":144,"taxonomy":"category","description":"","parent":0,"count":217,"filter":"raw","cat_ID":144,"category_count":217,"category_description":"","cat_name":"Doppelte Staatsangeh\u00f6rigkeit","category_nicename":"doppelte-staatsangehoerigkeit","category_parent":0},{"term_id":102,"name":"L\u00dcGEN","slug":"luegen","term_group":0,"term_taxonomy_id":102,"taxonomy":"category","description":"","parent":0,"count":389,"filter":"raw","cat_ID":102,"category_count":389,"category_description":"","cat_name":"L\u00dcGEN","category_nicename":"luegen","category_parent":0},{"term_id":161,"name":"Migranten aus Afrika gleichgestellt","slug":"migranten-aus-afrika-gleichgestellt","term_group":0,"term_taxonomy_id":161,"taxonomy":"category","description":"","parent":0,"count":239,"filter":"raw","cat_ID":161,"category_count":239,"category_description":"","cat_name":"Migranten aus Afrika gleichgestellt","category_nicename":"migranten-aus-afrika-gleichgestellt","category_parent":0},{"term_id":112,"name":"Milliarden Deals UNBEMERKT","slug":"milliarden-deals-unbemerkt","term_group":0,"term_taxonomy_id":112,"taxonomy":"category","description":"","parent":0,"count":558,"filter":"raw","cat_ID":112,"category_count":558,"category_description":"","cat_name":"Milliarden Deals UNBEMERKT","category_nicename":"milliarden-deals-unbemerkt","category_parent":0},{"term_id":141,"name":"NEUE AMPELVARIANTE Schwarz+Rot+Gr\u00fcn","slug":"neue-ampelvariante-schwarzrotgruen","term_group":0,"term_taxonomy_id":141,"taxonomy":"category","description":"","parent":0,"count":152,"filter":"raw","cat_ID":141,"category_count":152,"category_description":"","cat_name":"NEUE AMPELVARIANTE Schwarz+Rot+Gr\u00fcn","category_nicename":"neue-ampelvariante-schwarzrotgruen","category_parent":0},{"term_id":40,"name":"Partei ohne ARSCH in der HOSE","slug":"partei-ohne-arsch-in-der-hose","term_group":0,"term_taxonomy_id":40,"taxonomy":"category","description":"","parent":0,"count":236,"filter":"raw","cat_ID":40,"category_count":236,"category_description":"","cat_name":"Partei ohne ARSCH in der HOSE","category_nicename":"partei-ohne-arsch-in-der-hose","category_parent":0},{"term_id":109,"name":"Politik","slug":"politik","term_group":0,"term_taxonomy_id":109,"taxonomy":"category","description":"","parent":0,"count":58,"filter":"raw","cat_ID":109,"category_count":58,"category_description":"","cat_name":"Politik","category_nicename":"politik","category_parent":0},{"term_id":134,"name":"Selbstbedienungsladen Bundestag","slug":"selbstbedienungsladen-bundestag","term_group":0,"term_taxonomy_id":134,"taxonomy":"category","description":"","parent":0,"count":374,"filter":"raw","cat_ID":134,"category_count":374,"category_description":"","cat_name":"Selbstbedienungsladen Bundestag","category_nicename":"selbstbedienungsladen-bundestag","category_parent":0},{"term_id":143,"name":"Verfassungsschutz","slug":"verfassungsschutz","term_group":0,"term_taxonomy_id":143,"taxonomy":"category","description":"","parent":0,"count":33,"filter":"raw","cat_ID":143,"category_count":33,"category_description":"","cat_name":"Verfassungsschutz","category_nicename":"verfassungsschutz","category_parent":0},{"term_id":175,"name":"VERSAGER","slug":"versager","term_group":0,"term_taxonomy_id":175,"taxonomy":"category","description":"","parent":0,"count":222,"filter":"raw","cat_ID":175,"category_count":222,"category_description":"","cat_name":"VERSAGER","category_nicename":"versager","category_parent":0},{"term_id":119,"name":"Vetternwirtschaft","slug":"vetternwirtschaft","term_group":0,"term_taxonomy_id":119,"taxonomy":"category","description":"","parent":0,"count":491,"filter":"raw","cat_ID":119,"category_count":491,"category_description":"","cat_name":"Vetternwirtschaft","category_nicename":"vetternwirtschaft","category_parent":0},{"term_id":174,"name":"VON LINKS provozierter RECHTSRUCK","slug":"von-links-provozierter-rechtsruck","term_group":0,"term_taxonomy_id":174,"taxonomy":"category","description":"","parent":0,"count":304,"filter":"raw","cat_ID":174,"category_count":304,"category_description":"","cat_name":"VON LINKS provozierter RECHTSRUCK","category_nicename":"von-links-provozierter-rechtsruck","category_parent":0}],"tags":[],"class_list":["post-2363","post","type-post","status-publish","format-standard","hentry","category-aberglaube","category-affaeren","category-cdu","category-den-deutschen-geht-es-viel-zu-gut","category-deutschland-schafft-sich-ab","category-doppelte-staatsangehoerigkeit","category-luegen","category-migranten-aus-afrika-gleichgestellt","category-milliarden-deals-unbemerkt","category-neue-ampelvariante-schwarzrotgruen","category-partei-ohne-arsch-in-der-hose","category-politik","category-selbstbedienungsladen-bundestag","category-verfassungsschutz","category-versager","category-vetternwirtschaft","category-von-links-provozierter-rechtsruck"],"images":{"thumbnail":false,"medium":false,"medium_large":false,"large":false,"full":false},"_links":{"self":[{"href":"https:\/\/hpaulick.de\/index.php?rest_route=\/wp\/v2\/posts\/2363","targetHints":{"allow":["GET"]}}],"collection":[{"href":"https:\/\/hpaulick.de\/index.php?rest_route=\/wp\/v2\/posts"}],"about":[{"href":"https:\/\/hpaulick.de\/index.php?rest_route=\/wp\/v2\/types\/post"}],"author":[{"embeddable":true,"href":"https:\/\/hpaulick.de\/index.php?rest_route=\/wp\/v2\/users\/1"}],"replies":[{"embeddable":true,"href":"https:\/\/hpaulick.de\/index.php?rest_route=%2Fwp%2Fv2%2Fcomments&post=2363"}],"version-history":[{"count":1,"href":"https:\/\/hpaulick.de\/index.php?rest_route=\/wp\/v2\/posts\/2363\/revisions"}],"predecessor-version":[{"id":2364,"href":"https:\/\/hpaulick.de\/index.php?rest_route=\/wp\/v2\/posts\/2363\/revisions\/2364"}],"wp:attachment":[{"href":"https:\/\/hpaulick.de\/index.php?rest_route=%2Fwp%2Fv2%2Fmedia&parent=2363"}],"wp:term":[{"taxonomy":"category","embeddable":true,"href":"https:\/\/hpaulick.de\/index.php?rest_route=%2Fwp%2Fv2%2Fcategories&post=2363"},{"taxonomy":"post_tag","embeddable":true,"href":"https:\/\/hpaulick.de\/index.php?rest_route=%2Fwp%2Fv2%2Ftags&post=2363"}],"curies":[{"name":"wp","href":"https:\/\/api.w.org\/{rel}","templated":true}]}}