{"id":2380,"date":"2024-03-29T20:27:02","date_gmt":"2024-03-29T20:27:02","guid":{"rendered":"http:\/\/hpaulick.de\/?p=2380"},"modified":"2024-03-29T20:27:02","modified_gmt":"2024-03-29T20:27:02","slug":"ein-schwieriger-mensch-brandbrief-harte-kritik-an-scholz-loesen-unruhe-aus","status":"publish","type":"post","link":"https:\/\/hpaulick.de\/?p=2380","title":{"rendered":"&#8222;Ein schwieriger Mensch&#8220; &#8211; Brandbrief &#038; harte Kritik an Scholz l\u00f6sen Unruhe aus"},"content":{"rendered":"<div class=\"twitter-tweet\">\n<blockquote class=\"twitter-tweet\" data-lang=\"de\">\n<p lang=\"de\" dir=\"ltr\">&quot;Ein schwieriger Mensch&quot;<br \/>Brandbrief &amp; harte Kritik an Scholz l\u00f6sen Unruhe aus<br \/>Wenn f\u00fchrende Wissenschaftler, die selber SPD Mitglieder sind, dem Kanzler UNF\u00c4HIGKEIT bescheinigen, wird es Zeit sich nach einem NEUEN KANZLER UMZUSEHEN.<a href=\"https:\/\/t.co\/dpfw5yolwO\">https:\/\/t.co\/dpfw5yolwO<\/a><a href=\"https:\/\/t.co\/ldbEqiI3Di\">https:\/\/t.co\/ldbEqiI3Di<\/a><\/p>\n<p>&mdash; Menippeischer Satiriker, Blogger, Schriftsteller (@Scheinheilig16) <a href=\"https:\/\/twitter.com\/Scheinheilig16\/status\/1773808318055584019?ref_src=twsrc%5Etfw\">29. M\u00e4rz 2024<\/a><\/p><\/blockquote>\n<\/div>\n\n<div class=\"twitter-share\"><a href=\"https:\/\/twitter.com\/intent\/tweet?via=haraldpaulick\" class=\"twitter-share-button\" data-size=\"large\">Twittern<\/a><\/div>\n","protected":false},"excerpt":{"rendered":"<p>&quot;Ein schwieriger Mensch&quot;Brandbrief &amp; harte Kritik an Scholz l\u00f6sen Unruhe ausWenn f\u00fchrende Wissenschaftler, die selber SPD Mitglieder sind, dem Kanzler UNF\u00c4HIGKEIT bescheinigen, wird es Zeit sich nach einem NEUEN KANZLER UMZUSEHEN.https:\/\/t.co\/dpfw5yolwOhttps:\/\/t.co\/ldbEqiI3Di &mdash; Menippeischer Satiriker, Blogger, Schriftsteller (@Scheinheilig16) 29. M\u00e4rz 2024<\/p>\n","protected":false},"author":1,"featured_media":0,"comment_status":"closed","ping_status":"open","sticky":false,"template":"","format":"standard","meta":{"footnotes":""},"categories":[{"term_id":125,"name":"Ampel-Regierung","slug":"ampel-regierung","term_group":0,"term_taxonomy_id":125,"taxonomy":"category","description":"","parent":0,"count":403,"filter":"raw","cat_ID":125,"category_count":403,"category_description":"","cat_name":"Ampel-Regierung","category_nicename":"ampel-regierung","category_parent":0},{"term_id":27,"name":"Asylpolitik","slug":"asylpolitik","term_group":0,"term_taxonomy_id":27,"taxonomy":"category","description":"","parent":0,"count":326,"filter":"raw","cat_ID":27,"category_count":326,"category_description":"","cat_name":"Asylpolitik","category_nicename":"asylpolitik","category_parent":0},{"term_id":130,"name":"Bestechlichkeit","slug":"bestechlichkeit","term_group":0,"term_taxonomy_id":130,"taxonomy":"category","description":"","parent":0,"count":245,"filter":"raw","cat_ID":130,"category_count":245,"category_description":"","cat_name":"Bestechlichkeit","category_nicename":"bestechlichkeit","category_parent":0},{"term_id":54,"name":"Bildungslose Politiker","slug":"bildungslose-politiker","term_group":0,"term_taxonomy_id":54,"taxonomy":"category","description":"","parent":0,"count":676,"filter":"raw","cat_ID":54,"category_count":676,"category_description":"","cat_name":"Bildungslose Politiker","category_nicename":"bildungslose-politiker","category_parent":0},{"term_id":28,"name":"CUM-EX-Gesch\u00e4fte","slug":"cum-ex-geschaefte","term_group":0,"term_taxonomy_id":28,"taxonomy":"category","description":"","parent":0,"count":14,"filter":"raw","cat_ID":28,"category_count":14,"category_description":"","cat_name":"CUM-EX-Gesch\u00e4fte","category_nicename":"cum-ex-geschaefte","category_parent":0},{"term_id":49,"name":"Deutschland schafft sich ab","slug":"deutschland-schafft-sich-ab","term_group":0,"term_taxonomy_id":49,"taxonomy":"category","description":"","parent":0,"count":663,"filter":"raw","cat_ID":49,"category_count":663,"category_description":"","cat_name":"Deutschland schafft sich ab","category_nicename":"deutschland-schafft-sich-ab","category_parent":0},{"term_id":117,"name":"Diktatur","slug":"diktatur","term_group":0,"term_taxonomy_id":117,"taxonomy":"category","description":"","parent":0,"count":391,"filter":"raw","cat_ID":117,"category_count":391,"category_description":"","cat_name":"Diktatur","category_nicename":"diktatur","category_parent":0},{"term_id":140,"name":"Experten ohne Abschl\u00fcsse","slug":"experten-ohne-abschluesse","term_group":0,"term_taxonomy_id":140,"taxonomy":"category","description":"","parent":0,"count":279,"filter":"raw","cat_ID":140,"category_count":279,"category_description":"","cat_name":"Experten ohne Abschl\u00fcsse","category_nicename":"experten-ohne-abschluesse","category_parent":0},{"term_id":167,"name":"Gewalt und Terror von LINKS","slug":"gewalt-und-terror-von-links","term_group":0,"term_taxonomy_id":167,"taxonomy":"category","description":"","parent":0,"count":234,"filter":"raw","cat_ID":167,"category_count":234,"category_description":"","cat_name":"Gewalt und Terror von LINKS","category_nicename":"gewalt-und-terror-von-links","category_parent":0},{"term_id":87,"name":"Kriegsgefahr","slug":"kriegsgefahr","term_group":0,"term_taxonomy_id":87,"taxonomy":"category","description":"","parent":0,"count":41,"filter":"raw","cat_ID":87,"category_count":41,"category_description":"","cat_name":"Kriegsgefahr","category_nicename":"kriegsgefahr","category_parent":0},{"term_id":129,"name":"Kriegsverbrechen","slug":"kriegsverbrechen","term_group":0,"term_taxonomy_id":129,"taxonomy":"category","description":"","parent":0,"count":38,"filter":"raw","cat_ID":129,"category_count":38,"category_description":"","cat_name":"Kriegsverbrechen","category_nicename":"kriegsverbrechen","category_parent":0},{"term_id":50,"name":"Linksextremismus","slug":"linksextremismus","term_group":0,"term_taxonomy_id":50,"taxonomy":"category","description":"","parent":0,"count":313,"filter":"raw","cat_ID":50,"category_count":313,"category_description":"","cat_name":"Linksextremismus","category_nicename":"linksextremismus","category_parent":0},{"term_id":102,"name":"L\u00dcGEN","slug":"luegen","term_group":0,"term_taxonomy_id":102,"taxonomy":"category","description":"","parent":0,"count":389,"filter":"raw","cat_ID":102,"category_count":389,"category_description":"","cat_name":"L\u00dcGEN","category_nicename":"luegen","category_parent":0},{"term_id":64,"name":"Migrationspolitik","slug":"migrationspolitik","term_group":0,"term_taxonomy_id":64,"taxonomy":"category","description":"","parent":0,"count":398,"filter":"raw","cat_ID":64,"category_count":398,"category_description":"","cat_name":"Migrationspolitik","category_nicename":"migrationspolitik","category_parent":0},{"term_id":112,"name":"Milliarden Deals UNBEMERKT","slug":"milliarden-deals-unbemerkt","term_group":0,"term_taxonomy_id":112,"taxonomy":"category","description":"","parent":0,"count":559,"filter":"raw","cat_ID":112,"category_count":559,"category_description":"","cat_name":"Milliarden Deals UNBEMERKT","category_nicename":"milliarden-deals-unbemerkt","category_parent":0},{"term_id":134,"name":"Selbstbedienungsladen Bundestag","slug":"selbstbedienungsladen-bundestag","term_group":0,"term_taxonomy_id":134,"taxonomy":"category","description":"","parent":0,"count":374,"filter":"raw","cat_ID":134,"category_count":374,"category_description":"","cat_name":"Selbstbedienungsladen Bundestag","category_nicename":"selbstbedienungsladen-bundestag","category_parent":0},{"term_id":175,"name":"VERSAGER","slug":"versager","term_group":0,"term_taxonomy_id":175,"taxonomy":"category","description":"","parent":0,"count":222,"filter":"raw","cat_ID":175,"category_count":222,"category_description":"","cat_name":"VERSAGER","category_nicename":"versager","category_parent":0},{"term_id":119,"name":"Vetternwirtschaft","slug":"vetternwirtschaft","term_group":0,"term_taxonomy_id":119,"taxonomy":"category","description":"","parent":0,"count":491,"filter":"raw","cat_ID":119,"category_count":491,"category_description":"","cat_name":"Vetternwirtschaft","category_nicename":"vetternwirtschaft","category_parent":0},{"term_id":174,"name":"VON LINKS provozierter RECHTSRUCK","slug":"von-links-provozierter-rechtsruck","term_group":0,"term_taxonomy_id":174,"taxonomy":"category","description":"","parent":0,"count":305,"filter":"raw","cat_ID":174,"category_count":305,"category_description":"","cat_name":"VON LINKS provozierter RECHTSRUCK","category_nicename":"von-links-provozierter-rechtsruck","category_parent":0}],"tags":[],"class_list":["post-2380","post","type-post","status-publish","format-standard","hentry","category-ampel-regierung","category-asylpolitik","category-bestechlichkeit","category-bildungslose-politiker","category-cum-ex-geschaefte","category-deutschland-schafft-sich-ab","category-diktatur","category-experten-ohne-abschluesse","category-gewalt-und-terror-von-links","category-kriegsgefahr","category-kriegsverbrechen","category-linksextremismus","category-luegen","category-migrationspolitik","category-milliarden-deals-unbemerkt","category-selbstbedienungsladen-bundestag","category-versager","category-vetternwirtschaft","category-von-links-provozierter-rechtsruck"],"images":{"thumbnail":false,"medium":false,"medium_large":false,"large":false,"full":false},"_links":{"self":[{"href":"https:\/\/hpaulick.de\/index.php?rest_route=\/wp\/v2\/posts\/2380","targetHints":{"allow":["GET"]}}],"collection":[{"href":"https:\/\/hpaulick.de\/index.php?rest_route=\/wp\/v2\/posts"}],"about":[{"href":"https:\/\/hpaulick.de\/index.php?rest_route=\/wp\/v2\/types\/post"}],"author":[{"embeddable":true,"href":"https:\/\/hpaulick.de\/index.php?rest_route=\/wp\/v2\/users\/1"}],"replies":[{"embeddable":true,"href":"https:\/\/hpaulick.de\/index.php?rest_route=%2Fwp%2Fv2%2Fcomments&post=2380"}],"version-history":[{"count":1,"href":"https:\/\/hpaulick.de\/index.php?rest_route=\/wp\/v2\/posts\/2380\/revisions"}],"predecessor-version":[{"id":2381,"href":"https:\/\/hpaulick.de\/index.php?rest_route=\/wp\/v2\/posts\/2380\/revisions\/2381"}],"wp:attachment":[{"href":"https:\/\/hpaulick.de\/index.php?rest_route=%2Fwp%2Fv2%2Fmedia&parent=2380"}],"wp:term":[{"taxonomy":"category","embeddable":true,"href":"https:\/\/hpaulick.de\/index.php?rest_route=%2Fwp%2Fv2%2Fcategories&post=2380"},{"taxonomy":"post_tag","embeddable":true,"href":"https:\/\/hpaulick.de\/index.php?rest_route=%2Fwp%2Fv2%2Ftags&post=2380"}],"curies":[{"name":"wp","href":"https:\/\/api.w.org\/{rel}","templated":true}]}}