{"id":2557,"date":"2024-04-28T10:27:49","date_gmt":"2024-04-28T10:27:49","guid":{"rendered":"http:\/\/hpaulick.de\/?p=2557"},"modified":"2024-04-28T10:32:39","modified_gmt":"2024-04-28T10:32:39","slug":"bundesparteitag-der-fdp-sie-stimmt-fuer-aus-der-rente-mit-63","status":"publish","type":"post","link":"https:\/\/hpaulick.de\/?p=2557","title":{"rendered":"Bundesparteitag der FDP. Sie stimmt f\u00fcr Aus der &#8222;Rente mit 63&#8220;"},"content":{"rendered":"<div class=\"twitter-tweet\">\n<blockquote class=\"twitter-tweet\" data-lang=\"de\">\n<p lang=\"de\" dir=\"ltr\">Bundesparteitag<br \/>FDP stimmt f\u00fcr Aus der &quot;Rente mit 63&quot;<br \/>Aber Beamte d\u00fcrfen weiter mit 60 und doppelt so hohen Bez\u00fcgen, wie Rentner, in Pension gehen.<br \/>So eine PARTEI ist nicht w\u00e4hlbar!<br \/>Harald Paulick<br \/>Schriftsteller, Blogger &amp; Satiriker<a href=\"https:\/\/t.co\/NbzTtii4su\">https:\/\/t.co\/NbzTtii4su<\/a><a href=\"https:\/\/t.co\/E6dXjhiFzy\">https:\/\/t.co\/E6dXjhiFzy<\/a><\/p>\n<p>&mdash; HaraldPaulick &#8211; Es gibt zu ALLEM gute Alternativen (@HaraldPaulick) <a href=\"https:\/\/twitter.com\/HaraldPaulick\/status\/1784526779018838261?ref_src=twsrc%5Etfw\">28. April 2024<\/a><\/p><\/blockquote>\n<\/div>\n<p>Die FDP hat immer noch nicht begriffen, dass es eine Rente mit 63 schon lange nicht mehr gibt. Wer Geburtsjahr 1963 ist darf erst mit 65 und wenn er 45 Arbeitsjahre eingezahlt hat in Rente gehen. Die RENTE ist eine Zwangsversicherung mit klar definierten Bedingungen. Politik kann an diesen Bedingungen nicht einfach so rumschrauben. Was Politik kann, ist:<br \/>\nBeamte statt nur bis 60 auch bis 65 arbeiten lassen (Fachkr\u00e4ftemangel)<br \/>\nBeamte und Selbst\u00e4ndige in die RENTENKASSE einzahlen lassen, wie in \u00d6sterreich, damit die Beamten nicht das DOPPELTE AN ALTERSBEZ\u00dcGE erhalten und daf\u00fcr nichts einzahlen. Selbst\u00e4ndige die auch nichts einzahlen, erhalten im Alter unberechtigter WEISE auch eine GRUNDSICHERUNG.<br \/>\nAlles bezahlen die Angestellten, welche 45 Jahre flei\u00dfig gearbeitet haben.<br \/>\nDenen will man die Rente jetzt k\u00fcrzen damit Beamte und Selbst\u00e4ndige im Alter VERSORGT WERDEN k\u00f6nnen.<\/p>\n<p>W\u00c4HLT FDP, DIE RENTE IST UNSICHER. FDP-Chef Christian Lindner<\/p>\n\n<div class=\"twitter-share\"><a href=\"https:\/\/twitter.com\/intent\/tweet?via=haraldpaulick\" class=\"twitter-share-button\" data-size=\"large\">Twittern<\/a><\/div>\n","protected":false},"excerpt":{"rendered":"<p>BundesparteitagFDP stimmt f\u00fcr Aus der &quot;Rente mit 63&quot;Aber Beamte d\u00fcrfen weiter mit 60 und doppelt so hohen Bez\u00fcgen, wie Rentner, in Pension gehen.So eine PARTEI ist nicht w\u00e4hlbar!Harald PaulickSchriftsteller, Blogger &amp; Satirikerhttps:\/\/t.co\/NbzTtii4suhttps:\/\/t.co\/E6dXjhiFzy &mdash; HaraldPaulick &#8211; Es gibt zu ALLEM gute Alternativen (@HaraldPaulick) 28. April 2024 Die FDP hat immer noch nicht begriffen, dass es eine &hellip; <a href=\"https:\/\/hpaulick.de\/?p=2557\" class=\"more-link\"><span class=\"screen-reader-text\">Bundesparteitag der FDP. Sie stimmt f\u00fcr Aus der &#8222;Rente mit 63&#8220;<\/span> weiterlesen<\/a><\/p>\n","protected":false},"author":1,"featured_media":0,"comment_status":"closed","ping_status":"open","sticky":false,"template":"","format":"standard","meta":{"footnotes":""},"categories":[{"term_id":72,"name":"Beamte","slug":"beamte","term_group":0,"term_taxonomy_id":72,"taxonomy":"category","description":"","parent":0,"count":70,"filter":"raw","cat_ID":72,"category_count":70,"category_description":"","cat_name":"Beamte","category_nicename":"beamte","category_parent":0},{"term_id":54,"name":"Bildungslose Politiker","slug":"bildungslose-politiker","term_group":0,"term_taxonomy_id":54,"taxonomy":"category","description":"","parent":0,"count":676,"filter":"raw","cat_ID":54,"category_count":676,"category_description":"","cat_name":"Bildungslose Politiker","category_nicename":"bildungslose-politiker","category_parent":0},{"term_id":181,"name":"B\u00fcrgergeld","slug":"buergergeld","term_group":0,"term_taxonomy_id":181,"taxonomy":"category","description":"","parent":0,"count":79,"filter":"raw","cat_ID":181,"category_count":79,"category_description":"","cat_name":"B\u00fcrgergeld","category_nicename":"buergergeld","category_parent":0},{"term_id":171,"name":"Den DEUTSCHEN geht es viel zu gut","slug":"den-deutschen-geht-es-viel-zu-gut","term_group":0,"term_taxonomy_id":171,"taxonomy":"category","description":"","parent":0,"count":219,"filter":"raw","cat_ID":171,"category_count":219,"category_description":"","cat_name":"Den DEUTSCHEN geht es viel zu gut","category_nicename":"den-deutschen-geht-es-viel-zu-gut","category_parent":0},{"term_id":202,"name":"Die T\u00e4ter sind unter uns!","slug":"die-taeter-sind-unter-uns","term_group":0,"term_taxonomy_id":202,"taxonomy":"category","description":"","parent":0,"count":316,"filter":"raw","cat_ID":202,"category_count":316,"category_description":"","cat_name":"Die T\u00e4ter sind unter uns!","category_nicename":"die-taeter-sind-unter-uns","category_parent":0},{"term_id":85,"name":"FDP","slug":"fdp","term_group":0,"term_taxonomy_id":85,"taxonomy":"category","description":"","parent":0,"count":78,"filter":"raw","cat_ID":85,"category_count":78,"category_description":"","cat_name":"FDP","category_nicename":"fdp","category_parent":0},{"term_id":62,"name":"Geldverschwendung","slug":"geldverschwendung","term_group":0,"term_taxonomy_id":62,"taxonomy":"category","description":"","parent":0,"count":185,"filter":"raw","cat_ID":62,"category_count":185,"category_description":"","cat_name":"Geldverschwendung","category_nicename":"geldverschwendung","category_parent":0},{"term_id":185,"name":"Grundgesetz","slug":"grundgesetz","term_group":0,"term_taxonomy_id":185,"taxonomy":"category","description":"","parent":0,"count":15,"filter":"raw","cat_ID":185,"category_count":15,"category_description":"","cat_name":"Grundgesetz","category_nicename":"grundgesetz","category_parent":0},{"term_id":64,"name":"Migrationspolitik","slug":"migrationspolitik","term_group":0,"term_taxonomy_id":64,"taxonomy":"category","description":"","parent":0,"count":398,"filter":"raw","cat_ID":64,"category_count":398,"category_description":"","cat_name":"Migrationspolitik","category_nicename":"migrationspolitik","category_parent":0},{"term_id":112,"name":"Milliarden Deals UNBEMERKT","slug":"milliarden-deals-unbemerkt","term_group":0,"term_taxonomy_id":112,"taxonomy":"category","description":"","parent":0,"count":559,"filter":"raw","cat_ID":112,"category_count":559,"category_description":"","cat_name":"Milliarden Deals UNBEMERKT","category_nicename":"milliarden-deals-unbemerkt","category_parent":0},{"term_id":40,"name":"Partei ohne ARSCH in der HOSE","slug":"partei-ohne-arsch-in-der-hose","term_group":0,"term_taxonomy_id":40,"taxonomy":"category","description":"","parent":0,"count":236,"filter":"raw","cat_ID":40,"category_count":236,"category_description":"","cat_name":"Partei ohne ARSCH in der HOSE","category_nicename":"partei-ohne-arsch-in-der-hose","category_parent":0},{"term_id":197,"name":"Politik zur Verantwortung ziehen","slug":"politik-zur-verantwortung-ziehen","term_group":0,"term_taxonomy_id":197,"taxonomy":"category","description":"","parent":0,"count":249,"filter":"raw","cat_ID":197,"category_count":249,"category_description":"","cat_name":"Politik zur Verantwortung ziehen","category_nicename":"politik-zur-verantwortung-ziehen","category_parent":0},{"term_id":93,"name":"Saboteure","slug":"saboteure","term_group":0,"term_taxonomy_id":93,"taxonomy":"category","description":"","parent":0,"count":38,"filter":"raw","cat_ID":93,"category_count":38,"category_description":"","cat_name":"Saboteure","category_nicename":"saboteure","category_parent":0},{"term_id":39,"name":"Verbotskoalition","slug":"verbotskoalition","term_group":0,"term_taxonomy_id":39,"taxonomy":"category","description":"","parent":0,"count":248,"filter":"raw","cat_ID":39,"category_count":248,"category_description":"","cat_name":"Verbotskoalition","category_nicename":"verbotskoalition","category_parent":0},{"term_id":175,"name":"VERSAGER","slug":"versager","term_group":0,"term_taxonomy_id":175,"taxonomy":"category","description":"","parent":0,"count":222,"filter":"raw","cat_ID":175,"category_count":222,"category_description":"","cat_name":"VERSAGER","category_nicename":"versager","category_parent":0},{"term_id":119,"name":"Vetternwirtschaft","slug":"vetternwirtschaft","term_group":0,"term_taxonomy_id":119,"taxonomy":"category","description":"","parent":0,"count":491,"filter":"raw","cat_ID":119,"category_count":491,"category_description":"","cat_name":"Vetternwirtschaft","category_nicename":"vetternwirtschaft","category_parent":0}],"tags":[],"class_list":["post-2557","post","type-post","status-publish","format-standard","hentry","category-beamte","category-bildungslose-politiker","category-buergergeld","category-den-deutschen-geht-es-viel-zu-gut","category-die-taeter-sind-unter-uns","category-fdp","category-geldverschwendung","category-grundgesetz","category-migrationspolitik","category-milliarden-deals-unbemerkt","category-partei-ohne-arsch-in-der-hose","category-politik-zur-verantwortung-ziehen","category-saboteure","category-verbotskoalition","category-versager","category-vetternwirtschaft"],"images":{"thumbnail":false,"medium":false,"medium_large":false,"large":false,"full":false},"_links":{"self":[{"href":"https:\/\/hpaulick.de\/index.php?rest_route=\/wp\/v2\/posts\/2557","targetHints":{"allow":["GET"]}}],"collection":[{"href":"https:\/\/hpaulick.de\/index.php?rest_route=\/wp\/v2\/posts"}],"about":[{"href":"https:\/\/hpaulick.de\/index.php?rest_route=\/wp\/v2\/types\/post"}],"author":[{"embeddable":true,"href":"https:\/\/hpaulick.de\/index.php?rest_route=\/wp\/v2\/users\/1"}],"replies":[{"embeddable":true,"href":"https:\/\/hpaulick.de\/index.php?rest_route=%2Fwp%2Fv2%2Fcomments&post=2557"}],"version-history":[{"count":4,"href":"https:\/\/hpaulick.de\/index.php?rest_route=\/wp\/v2\/posts\/2557\/revisions"}],"predecessor-version":[{"id":2561,"href":"https:\/\/hpaulick.de\/index.php?rest_route=\/wp\/v2\/posts\/2557\/revisions\/2561"}],"wp:attachment":[{"href":"https:\/\/hpaulick.de\/index.php?rest_route=%2Fwp%2Fv2%2Fmedia&parent=2557"}],"wp:term":[{"taxonomy":"category","embeddable":true,"href":"https:\/\/hpaulick.de\/index.php?rest_route=%2Fwp%2Fv2%2Fcategories&post=2557"},{"taxonomy":"post_tag","embeddable":true,"href":"https:\/\/hpaulick.de\/index.php?rest_route=%2Fwp%2Fv2%2Ftags&post=2557"}],"curies":[{"name":"wp","href":"https:\/\/api.w.org\/{rel}","templated":true}]}}