{"id":2588,"date":"2024-05-05T09:32:16","date_gmt":"2024-05-05T09:32:16","guid":{"rendered":"http:\/\/hpaulick.de\/?p=2588"},"modified":"2024-05-05T09:32:16","modified_gmt":"2024-05-05T09:32:16","slug":"das-problem-wolf-existiert-nicht","status":"publish","type":"post","link":"https:\/\/hpaulick.de\/?p=2588","title":{"rendered":"Das Problem &#8222;Wolf&#8220; existiert nicht!"},"content":{"rendered":"<div class=\"twitter-tweet\">\n<blockquote class=\"twitter-tweet\" data-lang=\"de\">\n<p lang=\"de\" dir=\"ltr\">Das Problem &quot;Wolf&quot; existiert nicht!<br \/>Aus Sicht der Natur gibt es nur das PROBLEM &quot;Mensch&quot;<br \/>Politiker sprechen von &quot;ENTNEHMEN VON PROBLEM-W\u00d6LFEN&quot;.<br \/>Natur wird zuk\u00fcnftig vom &quot;ENTNEHMEN VON PROBLEM-MENSCHEN&quot; reden.<a href=\"https:\/\/twitter.com\/hashtag\/Ahrtal?src=hash&amp;ref_src=twsrc%5Etfw\">#Ahrtal<\/a> k\u00f6nnte eine letzte Warnung gewesen sein<a href=\"https:\/\/t.co\/2S4DU1gByy\">https:\/\/t.co\/2S4DU1gByy<\/a><\/p>\n<p>&mdash; Menippeischer Satiriker, Blogger, Schriftsteller (@Scheinheilig16) <a href=\"https:\/\/twitter.com\/Scheinheilig16\/status\/1787050019897352653?ref_src=twsrc%5Etfw\">5. Mai 2024<\/a><\/p><\/blockquote>\n<\/div>\n\n<div class=\"twitter-share\"><a href=\"https:\/\/twitter.com\/intent\/tweet?via=haraldpaulick\" class=\"twitter-share-button\" data-size=\"large\">Twittern<\/a><\/div>\n","protected":false},"excerpt":{"rendered":"<p>Das Problem &quot;Wolf&quot; existiert nicht!Aus Sicht der Natur gibt es nur das PROBLEM &quot;Mensch&quot;Politiker sprechen von &quot;ENTNEHMEN VON PROBLEM-W\u00d6LFEN&quot;.Natur wird zuk\u00fcnftig vom &quot;ENTNEHMEN VON PROBLEM-MENSCHEN&quot; reden.#Ahrtal k\u00f6nnte eine letzte Warnung gewesen seinhttps:\/\/t.co\/2S4DU1gByy &mdash; Menippeischer Satiriker, Blogger, Schriftsteller (@Scheinheilig16) 5. Mai 2024<\/p>\n","protected":false},"author":1,"featured_media":0,"comment_status":"closed","ping_status":"open","sticky":false,"template":"","format":"standard","meta":{"footnotes":""},"categories":[{"term_id":63,"name":"Aberglaube","slug":"aberglaube","term_group":0,"term_taxonomy_id":63,"taxonomy":"category","description":"","parent":0,"count":403,"filter":"raw","cat_ID":63,"category_count":403,"category_description":"","cat_name":"Aberglaube","category_nicename":"aberglaube","category_parent":0},{"term_id":35,"name":"Aff\u00e4ren","slug":"affaeren","term_group":0,"term_taxonomy_id":35,"taxonomy":"category","description":"","parent":0,"count":246,"filter":"raw","cat_ID":35,"category_count":246,"category_description":"","cat_name":"Aff\u00e4ren","category_nicename":"affaeren","category_parent":0},{"term_id":125,"name":"Ampel-Regierung","slug":"ampel-regierung","term_group":0,"term_taxonomy_id":125,"taxonomy":"category","description":"","parent":0,"count":403,"filter":"raw","cat_ID":125,"category_count":403,"category_description":"","cat_name":"Ampel-Regierung","category_nicename":"ampel-regierung","category_parent":0},{"term_id":54,"name":"Bildungslose Politiker","slug":"bildungslose-politiker","term_group":0,"term_taxonomy_id":54,"taxonomy":"category","description":"","parent":0,"count":675,"filter":"raw","cat_ID":54,"category_count":675,"category_description":"","cat_name":"Bildungslose Politiker","category_nicename":"bildungslose-politiker","category_parent":0},{"term_id":171,"name":"Den DEUTSCHEN geht es viel zu gut","slug":"den-deutschen-geht-es-viel-zu-gut","term_group":0,"term_taxonomy_id":171,"taxonomy":"category","description":"","parent":0,"count":217,"filter":"raw","cat_ID":171,"category_count":217,"category_description":"","cat_name":"Den DEUTSCHEN geht es viel zu gut","category_nicename":"den-deutschen-geht-es-viel-zu-gut","category_parent":0},{"term_id":49,"name":"Deutschland schafft sich ab","slug":"deutschland-schafft-sich-ab","term_group":0,"term_taxonomy_id":49,"taxonomy":"category","description":"","parent":0,"count":661,"filter":"raw","cat_ID":49,"category_count":661,"category_description":"","cat_name":"Deutschland schafft sich ab","category_nicename":"deutschland-schafft-sich-ab","category_parent":0},{"term_id":202,"name":"Die T\u00e4ter sind unter uns!","slug":"die-taeter-sind-unter-uns","term_group":0,"term_taxonomy_id":202,"taxonomy":"category","description":"","parent":0,"count":315,"filter":"raw","cat_ID":202,"category_count":315,"category_description":"","cat_name":"Die T\u00e4ter sind unter uns!","category_nicename":"die-taeter-sind-unter-uns","category_parent":0},{"term_id":167,"name":"Gewalt und Terror von LINKS","slug":"gewalt-und-terror-von-links","term_group":0,"term_taxonomy_id":167,"taxonomy":"category","description":"","parent":0,"count":233,"filter":"raw","cat_ID":167,"category_count":233,"category_description":"","cat_name":"Gewalt und Terror von LINKS","category_nicename":"gewalt-und-terror-von-links","category_parent":0},{"term_id":30,"name":"GR\u00dcNE Murks Politik","slug":"gruene-murks-politik","term_group":0,"term_taxonomy_id":30,"taxonomy":"category","description":"","parent":0,"count":804,"filter":"raw","cat_ID":30,"category_count":804,"category_description":"","cat_name":"GR\u00dcNE Murks Politik","category_nicename":"gruene-murks-politik","category_parent":0},{"term_id":196,"name":"Klimaschutz","slug":"klimaschutz","term_group":0,"term_taxonomy_id":196,"taxonomy":"category","description":"","parent":0,"count":26,"filter":"raw","cat_ID":196,"category_count":26,"category_description":"","cat_name":"Klimaschutz","category_nicename":"klimaschutz","category_parent":0},{"term_id":61,"name":"Klimawandel","slug":"klimawandel","term_group":0,"term_taxonomy_id":61,"taxonomy":"category","description":"","parent":0,"count":66,"filter":"raw","cat_ID":61,"category_count":66,"category_description":"","cat_name":"Klimawandel","category_nicename":"klimawandel","category_parent":0},{"term_id":102,"name":"L\u00dcGEN","slug":"luegen","term_group":0,"term_taxonomy_id":102,"taxonomy":"category","description":"","parent":0,"count":388,"filter":"raw","cat_ID":102,"category_count":388,"category_description":"","cat_name":"L\u00dcGEN","category_nicename":"luegen","category_parent":0},{"term_id":161,"name":"Migranten aus Afrika gleichgestellt","slug":"migranten-aus-afrika-gleichgestellt","term_group":0,"term_taxonomy_id":161,"taxonomy":"category","description":"","parent":0,"count":238,"filter":"raw","cat_ID":161,"category_count":238,"category_description":"","cat_name":"Migranten aus Afrika gleichgestellt","category_nicename":"migranten-aus-afrika-gleichgestellt","category_parent":0},{"term_id":205,"name":"Nebenkriegsschaupl\u00e4tze","slug":"nebenkriegsschauplaetze","term_group":0,"term_taxonomy_id":205,"taxonomy":"category","description":"","parent":0,"count":40,"filter":"raw","cat_ID":205,"category_count":40,"category_description":"","cat_name":"Nebenkriegsschaupl\u00e4tze","category_nicename":"nebenkriegsschauplaetze","category_parent":0},{"term_id":197,"name":"Politik zur Verantwortung ziehen","slug":"politik-zur-verantwortung-ziehen","term_group":0,"term_taxonomy_id":197,"taxonomy":"category","description":"","parent":0,"count":248,"filter":"raw","cat_ID":197,"category_count":248,"category_description":"","cat_name":"Politik zur Verantwortung ziehen","category_nicename":"politik-zur-verantwortung-ziehen","category_parent":0},{"term_id":134,"name":"Selbstbedienungsladen Bundestag","slug":"selbstbedienungsladen-bundestag","term_group":0,"term_taxonomy_id":134,"taxonomy":"category","description":"","parent":0,"count":373,"filter":"raw","cat_ID":134,"category_count":373,"category_description":"","cat_name":"Selbstbedienungsladen Bundestag","category_nicename":"selbstbedienungsladen-bundestag","category_parent":0},{"term_id":139,"name":"Staatsjournalismus wie zu DDR-Zeiten","slug":"staatsjournalismus-wie-zu-ddr-zeiten","term_group":0,"term_taxonomy_id":139,"taxonomy":"category","description":"","parent":0,"count":134,"filter":"raw","cat_ID":139,"category_count":134,"category_description":"","cat_name":"Staatsjournalismus wie zu DDR-Zeiten","category_nicename":"staatsjournalismus-wie-zu-ddr-zeiten","category_parent":0},{"term_id":119,"name":"Vetternwirtschaft","slug":"vetternwirtschaft","term_group":0,"term_taxonomy_id":119,"taxonomy":"category","description":"","parent":0,"count":490,"filter":"raw","cat_ID":119,"category_count":490,"category_description":"","cat_name":"Vetternwirtschaft","category_nicename":"vetternwirtschaft","category_parent":0},{"term_id":174,"name":"VON LINKS provozierter RECHTSRUCK","slug":"von-links-provozierter-rechtsruck","term_group":0,"term_taxonomy_id":174,"taxonomy":"category","description":"","parent":0,"count":302,"filter":"raw","cat_ID":174,"category_count":302,"category_description":"","cat_name":"VON LINKS provozierter RECHTSRUCK","category_nicename":"von-links-provozierter-rechtsruck","category_parent":0},{"term_id":190,"name":"Zwangsma\u00dfnahmen gegen nicht-gr\u00fcnes-Denken","slug":"zwangsmassnahmen-gegen-nicht-gruenes-denken","term_group":0,"term_taxonomy_id":190,"taxonomy":"category","description":"","parent":0,"count":245,"filter":"raw","cat_ID":190,"category_count":245,"category_description":"","cat_name":"Zwangsma\u00dfnahmen gegen nicht-gr\u00fcnes-Denken","category_nicename":"zwangsmassnahmen-gegen-nicht-gruenes-denken","category_parent":0}],"tags":[],"class_list":["post-2588","post","type-post","status-publish","format-standard","hentry","category-aberglaube","category-affaeren","category-ampel-regierung","category-bildungslose-politiker","category-den-deutschen-geht-es-viel-zu-gut","category-deutschland-schafft-sich-ab","category-die-taeter-sind-unter-uns","category-gewalt-und-terror-von-links","category-gruene-murks-politik","category-klimaschutz","category-klimawandel","category-luegen","category-migranten-aus-afrika-gleichgestellt","category-nebenkriegsschauplaetze","category-politik-zur-verantwortung-ziehen","category-selbstbedienungsladen-bundestag","category-staatsjournalismus-wie-zu-ddr-zeiten","category-vetternwirtschaft","category-von-links-provozierter-rechtsruck","category-zwangsmassnahmen-gegen-nicht-gruenes-denken"],"images":{"thumbnail":false,"medium":false,"medium_large":false,"large":false,"full":false},"_links":{"self":[{"href":"https:\/\/hpaulick.de\/index.php?rest_route=\/wp\/v2\/posts\/2588","targetHints":{"allow":["GET"]}}],"collection":[{"href":"https:\/\/hpaulick.de\/index.php?rest_route=\/wp\/v2\/posts"}],"about":[{"href":"https:\/\/hpaulick.de\/index.php?rest_route=\/wp\/v2\/types\/post"}],"author":[{"embeddable":true,"href":"https:\/\/hpaulick.de\/index.php?rest_route=\/wp\/v2\/users\/1"}],"replies":[{"embeddable":true,"href":"https:\/\/hpaulick.de\/index.php?rest_route=%2Fwp%2Fv2%2Fcomments&post=2588"}],"version-history":[{"count":1,"href":"https:\/\/hpaulick.de\/index.php?rest_route=\/wp\/v2\/posts\/2588\/revisions"}],"predecessor-version":[{"id":2589,"href":"https:\/\/hpaulick.de\/index.php?rest_route=\/wp\/v2\/posts\/2588\/revisions\/2589"}],"wp:attachment":[{"href":"https:\/\/hpaulick.de\/index.php?rest_route=%2Fwp%2Fv2%2Fmedia&parent=2588"}],"wp:term":[{"taxonomy":"category","embeddable":true,"href":"https:\/\/hpaulick.de\/index.php?rest_route=%2Fwp%2Fv2%2Fcategories&post=2588"},{"taxonomy":"post_tag","embeddable":true,"href":"https:\/\/hpaulick.de\/index.php?rest_route=%2Fwp%2Fv2%2Ftags&post=2588"}],"curies":[{"name":"wp","href":"https:\/\/api.w.org\/{rel}","templated":true}]}}