{"id":2604,"date":"2024-05-06T07:32:52","date_gmt":"2024-05-06T07:32:52","guid":{"rendered":"http:\/\/hpaulick.de\/?p=2604"},"modified":"2024-05-06T07:32:52","modified_gmt":"2024-05-06T07:32:52","slug":"wenn-die-mitte-die-vom-buerger-gestellten-aufgaben-nicht-erfuellt","status":"publish","type":"post","link":"https:\/\/hpaulick.de\/?p=2604","title":{"rendered":"Wenn die &#8222;MITTE&#8220; die vom B\u00fcrger gestellten Aufgaben nicht erf\u00fcllt?"},"content":{"rendered":"<div class=\"twitter-tweet\">\n<blockquote class=\"twitter-tweet\" data-lang=\"de\">\n<p lang=\"de\" dir=\"ltr\">CDU-Chef Merz vor Parteitag<br \/>Wir r\u00fccken nicht raus aus der Mitte<br \/>Wenn die &quot;MITTE&quot; die vom B\u00fcrger gestellten Aufgaben nicht erf\u00fcllt<br \/>r\u00fcckt der W\u00e4hler nach rechts um andere Parteien zu w\u00e4hlen, die den anstehenden Aufgaben gewachsen sind<a href=\"https:\/\/t.co\/NbzTtii4su\">https:\/\/t.co\/NbzTtii4su<\/a><a href=\"https:\/\/t.co\/bRBhwLus2F\">https:\/\/t.co\/bRBhwLus2F<\/a><\/p>\n<p>&mdash; HaraldPaulick &#8211; Es gibt zu ALLEM gute Alternativen (@HaraldPaulick) <a href=\"https:\/\/twitter.com\/HaraldPaulick\/status\/1787350409478045877?ref_src=twsrc%5Etfw\">6. Mai 2024<\/a><\/p><\/blockquote>\n<\/div>\n<p>8<\/p>\n\n<div class=\"twitter-share\"><a href=\"https:\/\/twitter.com\/intent\/tweet?via=haraldpaulick\" class=\"twitter-share-button\" data-size=\"large\">Twittern<\/a><\/div>\n","protected":false},"excerpt":{"rendered":"<p>CDU-Chef Merz vor ParteitagWir r\u00fccken nicht raus aus der MitteWenn die &quot;MITTE&quot; die vom B\u00fcrger gestellten Aufgaben nicht erf\u00fclltr\u00fcckt der W\u00e4hler nach rechts um andere Parteien zu w\u00e4hlen, die den anstehenden Aufgaben gewachsen sindhttps:\/\/t.co\/NbzTtii4suhttps:\/\/t.co\/bRBhwLus2F &mdash; HaraldPaulick &#8211; Es gibt zu ALLEM gute Alternativen (@HaraldPaulick) 6. Mai 2024 8<\/p>\n","protected":false},"author":1,"featured_media":0,"comment_status":"closed","ping_status":"open","sticky":false,"template":"","format":"standard","meta":{"footnotes":""},"categories":[{"term_id":203,"name":"5. Reich Islamistischer Pr\u00e4gung","slug":"5-reich","term_group":0,"term_taxonomy_id":203,"taxonomy":"category","description":"","parent":0,"count":49,"filter":"raw","cat_ID":203,"category_count":49,"category_description":"","cat_name":"5. Reich Islamistischer Pr\u00e4gung","category_nicename":"5-reich","category_parent":0},{"term_id":63,"name":"Aberglaube","slug":"aberglaube","term_group":0,"term_taxonomy_id":63,"taxonomy":"category","description":"","parent":0,"count":404,"filter":"raw","cat_ID":63,"category_count":404,"category_description":"","cat_name":"Aberglaube","category_nicename":"aberglaube","category_parent":0},{"term_id":125,"name":"Ampel-Regierung","slug":"ampel-regierung","term_group":0,"term_taxonomy_id":125,"taxonomy":"category","description":"","parent":0,"count":403,"filter":"raw","cat_ID":125,"category_count":403,"category_description":"","cat_name":"Ampel-Regierung","category_nicename":"ampel-regierung","category_parent":0},{"term_id":130,"name":"Bestechlichkeit","slug":"bestechlichkeit","term_group":0,"term_taxonomy_id":130,"taxonomy":"category","description":"","parent":0,"count":245,"filter":"raw","cat_ID":130,"category_count":245,"category_description":"","cat_name":"Bestechlichkeit","category_nicename":"bestechlichkeit","category_parent":0},{"term_id":54,"name":"Bildungslose Politiker","slug":"bildungslose-politiker","term_group":0,"term_taxonomy_id":54,"taxonomy":"category","description":"","parent":0,"count":676,"filter":"raw","cat_ID":54,"category_count":676,"category_description":"","cat_name":"Bildungslose Politiker","category_nicename":"bildungslose-politiker","category_parent":0},{"term_id":71,"name":"Clan-Kriminalit\u00e4t","slug":"clan-kriminalitaet","term_group":0,"term_taxonomy_id":71,"taxonomy":"category","description":"","parent":0,"count":102,"filter":"raw","cat_ID":71,"category_count":102,"category_description":"","cat_name":"Clan-Kriminalit\u00e4t","category_nicename":"clan-kriminalitaet","category_parent":0},{"term_id":132,"name":"Das 4. Reich GR\u00dcNER Pr\u00e4gung","slug":"das-4-reich-gruener-praegung","term_group":0,"term_taxonomy_id":132,"taxonomy":"category","description":"","parent":0,"count":458,"filter":"raw","cat_ID":132,"category_count":458,"category_description":"","cat_name":"Das 4. Reich GR\u00dcNER Pr\u00e4gung","category_nicename":"das-4-reich-gruener-praegung","category_parent":0},{"term_id":49,"name":"Deutschland schafft sich ab","slug":"deutschland-schafft-sich-ab","term_group":0,"term_taxonomy_id":49,"taxonomy":"category","description":"","parent":0,"count":663,"filter":"raw","cat_ID":49,"category_count":663,"category_description":"","cat_name":"Deutschland schafft sich ab","category_nicename":"deutschland-schafft-sich-ab","category_parent":0},{"term_id":202,"name":"Die T\u00e4ter sind unter uns!","slug":"die-taeter-sind-unter-uns","term_group":0,"term_taxonomy_id":202,"taxonomy":"category","description":"","parent":0,"count":316,"filter":"raw","cat_ID":202,"category_count":316,"category_description":"","cat_name":"Die T\u00e4ter sind unter uns!","category_nicename":"die-taeter-sind-unter-uns","category_parent":0},{"term_id":144,"name":"Doppelte Staatsangeh\u00f6rigkeit","slug":"doppelte-staatsangehoerigkeit","term_group":0,"term_taxonomy_id":144,"taxonomy":"category","description":"","parent":0,"count":217,"filter":"raw","cat_ID":144,"category_count":217,"category_description":"","cat_name":"Doppelte Staatsangeh\u00f6rigkeit","category_nicename":"doppelte-staatsangehoerigkeit","category_parent":0},{"term_id":167,"name":"Gewalt und Terror von LINKS","slug":"gewalt-und-terror-von-links","term_group":0,"term_taxonomy_id":167,"taxonomy":"category","description":"","parent":0,"count":234,"filter":"raw","cat_ID":167,"category_count":234,"category_description":"","cat_name":"Gewalt und Terror von LINKS","category_nicename":"gewalt-und-terror-von-links","category_parent":0},{"term_id":30,"name":"GR\u00dcNE Murks Politik","slug":"gruene-murks-politik","term_group":0,"term_taxonomy_id":30,"taxonomy":"category","description":"","parent":0,"count":805,"filter":"raw","cat_ID":30,"category_count":805,"category_description":"","cat_name":"GR\u00dcNE Murks Politik","category_nicename":"gruene-murks-politik","category_parent":0},{"term_id":170,"name":"Hass der GR\u00dcNEN LINKEN auf alles ANDERSDENKENDE","slug":"hass-der-gruenen-linken-auf-alles-andersdenkende","term_group":0,"term_taxonomy_id":170,"taxonomy":"category","description":"","parent":0,"count":256,"filter":"raw","cat_ID":170,"category_count":256,"category_description":"","cat_name":"Hass der GR\u00dcNEN LINKEN auf alles ANDERSDENKENDE","category_nicename":"hass-der-gruenen-linken-auf-alles-andersdenkende","category_parent":0},{"term_id":148,"name":"Islamischer Staat Deutschland","slug":"islamischer-staat-deutschland","term_group":0,"term_taxonomy_id":148,"taxonomy":"category","description":"","parent":0,"count":123,"filter":"raw","cat_ID":148,"category_count":123,"category_description":"","cat_name":"Islamischer Staat Deutschland","category_nicename":"islamischer-staat-deutschland","category_parent":0},{"term_id":183,"name":"Jugendterroristen","slug":"jugendterroristen","term_group":0,"term_taxonomy_id":183,"taxonomy":"category","description":"","parent":0,"count":43,"filter":"raw","cat_ID":183,"category_count":43,"category_description":"","cat_name":"Jugendterroristen","category_nicename":"jugendterroristen","category_parent":0},{"term_id":102,"name":"L\u00dcGEN","slug":"luegen","term_group":0,"term_taxonomy_id":102,"taxonomy":"category","description":"","parent":0,"count":389,"filter":"raw","cat_ID":102,"category_count":389,"category_description":"","cat_name":"L\u00dcGEN","category_nicename":"luegen","category_parent":0},{"term_id":161,"name":"Migranten aus Afrika gleichgestellt","slug":"migranten-aus-afrika-gleichgestellt","term_group":0,"term_taxonomy_id":161,"taxonomy":"category","description":"","parent":0,"count":240,"filter":"raw","cat_ID":161,"category_count":240,"category_description":"","cat_name":"Migranten aus Afrika gleichgestellt","category_nicename":"migranten-aus-afrika-gleichgestellt","category_parent":0},{"term_id":112,"name":"Milliarden Deals UNBEMERKT","slug":"milliarden-deals-unbemerkt","term_group":0,"term_taxonomy_id":112,"taxonomy":"category","description":"","parent":0,"count":559,"filter":"raw","cat_ID":112,"category_count":559,"category_description":"","cat_name":"Milliarden Deals UNBEMERKT","category_nicename":"milliarden-deals-unbemerkt","category_parent":0},{"term_id":141,"name":"NEUE AMPELVARIANTE Schwarz+Rot+Gr\u00fcn","slug":"neue-ampelvariante-schwarzrotgruen","term_group":0,"term_taxonomy_id":141,"taxonomy":"category","description":"","parent":0,"count":153,"filter":"raw","cat_ID":141,"category_count":153,"category_description":"","cat_name":"NEUE AMPELVARIANTE Schwarz+Rot+Gr\u00fcn","category_nicename":"neue-ampelvariante-schwarzrotgruen","category_parent":0},{"term_id":197,"name":"Politik zur Verantwortung ziehen","slug":"politik-zur-verantwortung-ziehen","term_group":0,"term_taxonomy_id":197,"taxonomy":"category","description":"","parent":0,"count":249,"filter":"raw","cat_ID":197,"category_count":249,"category_description":"","cat_name":"Politik zur Verantwortung ziehen","category_nicename":"politik-zur-verantwortung-ziehen","category_parent":0},{"term_id":139,"name":"Staatsjournalismus wie zu DDR-Zeiten","slug":"staatsjournalismus-wie-zu-ddr-zeiten","term_group":0,"term_taxonomy_id":139,"taxonomy":"category","description":"","parent":0,"count":134,"filter":"raw","cat_ID":139,"category_count":134,"category_description":"","cat_name":"Staatsjournalismus wie zu DDR-Zeiten","category_nicename":"staatsjournalismus-wie-zu-ddr-zeiten","category_parent":0},{"term_id":190,"name":"Zwangsma\u00dfnahmen gegen nicht-gr\u00fcnes-Denken","slug":"zwangsmassnahmen-gegen-nicht-gruenes-denken","term_group":0,"term_taxonomy_id":190,"taxonomy":"category","description":"","parent":0,"count":246,"filter":"raw","cat_ID":190,"category_count":246,"category_description":"","cat_name":"Zwangsma\u00dfnahmen gegen nicht-gr\u00fcnes-Denken","category_nicename":"zwangsmassnahmen-gegen-nicht-gruenes-denken","category_parent":0}],"tags":[],"class_list":["post-2604","post","type-post","status-publish","format-standard","hentry","category-5-reich","category-aberglaube","category-ampel-regierung","category-bestechlichkeit","category-bildungslose-politiker","category-clan-kriminalitaet","category-das-4-reich-gruener-praegung","category-deutschland-schafft-sich-ab","category-die-taeter-sind-unter-uns","category-doppelte-staatsangehoerigkeit","category-gewalt-und-terror-von-links","category-gruene-murks-politik","category-hass-der-gruenen-linken-auf-alles-andersdenkende","category-islamischer-staat-deutschland","category-jugendterroristen","category-luegen","category-migranten-aus-afrika-gleichgestellt","category-milliarden-deals-unbemerkt","category-neue-ampelvariante-schwarzrotgruen","category-politik-zur-verantwortung-ziehen","category-staatsjournalismus-wie-zu-ddr-zeiten","category-zwangsmassnahmen-gegen-nicht-gruenes-denken"],"images":{"thumbnail":false,"medium":false,"medium_large":false,"large":false,"full":false},"_links":{"self":[{"href":"https:\/\/hpaulick.de\/index.php?rest_route=\/wp\/v2\/posts\/2604","targetHints":{"allow":["GET"]}}],"collection":[{"href":"https:\/\/hpaulick.de\/index.php?rest_route=\/wp\/v2\/posts"}],"about":[{"href":"https:\/\/hpaulick.de\/index.php?rest_route=\/wp\/v2\/types\/post"}],"author":[{"embeddable":true,"href":"https:\/\/hpaulick.de\/index.php?rest_route=\/wp\/v2\/users\/1"}],"replies":[{"embeddable":true,"href":"https:\/\/hpaulick.de\/index.php?rest_route=%2Fwp%2Fv2%2Fcomments&post=2604"}],"version-history":[{"count":1,"href":"https:\/\/hpaulick.de\/index.php?rest_route=\/wp\/v2\/posts\/2604\/revisions"}],"predecessor-version":[{"id":2605,"href":"https:\/\/hpaulick.de\/index.php?rest_route=\/wp\/v2\/posts\/2604\/revisions\/2605"}],"wp:attachment":[{"href":"https:\/\/hpaulick.de\/index.php?rest_route=%2Fwp%2Fv2%2Fmedia&parent=2604"}],"wp:term":[{"taxonomy":"category","embeddable":true,"href":"https:\/\/hpaulick.de\/index.php?rest_route=%2Fwp%2Fv2%2Fcategories&post=2604"},{"taxonomy":"post_tag","embeddable":true,"href":"https:\/\/hpaulick.de\/index.php?rest_route=%2Fwp%2Fv2%2Ftags&post=2604"}],"curies":[{"name":"wp","href":"https:\/\/api.w.org\/{rel}","templated":true}]}}