{"id":2684,"date":"2024-05-20T04:40:18","date_gmt":"2024-05-20T04:40:18","guid":{"rendered":"http:\/\/hpaulick.de\/?p=2684"},"modified":"2024-05-20T04:40:18","modified_gmt":"2024-05-20T04:40:18","slug":"20-linksradikale-stuermen-das-rathaus-in-goettingen-schuechtern-mitarbeiter-ein-draengen-sie-aus-ihren-bueros","status":"publish","type":"post","link":"https:\/\/hpaulick.de\/?p=2684","title":{"rendered":"20 Linksradikale st\u00fcrmen das Rathaus in #Goettingen, sch\u00fcchtern Mitarbeiter ein, dr\u00e4ngen sie aus ihren B\u00fcros."},"content":{"rendered":"<p><span class=\"css-1jxf684 r-bcqeeo r-1ttztb7 r-qvutc0 r-poiln3\">20 Linksradikale st\u00fcrmen das Rathaus in <\/span><span class=\"r-18u37iz\"><a class=\"css-1jxf684 r-bcqeeo r-1ttztb7 r-qvutc0 r-poiln3 r-1loqt21\" dir=\"ltr\" role=\"link\" href=\"https:\/\/x.com\/hashtag\/Goettingen?src=hashtag_click\">#Goettingen<\/a><\/span><span class=\"css-1jxf684 r-bcqeeo r-1ttztb7 r-qvutc0 r-poiln3\">, sch\u00fcchtern Mitarbeiter ein,dr\u00e4ngen sie aus ihren B\u00fcros. Habt Ihr in <\/span><span class=\"r-18u37iz\"><a class=\"css-1jxf684 r-bcqeeo r-1ttztb7 r-qvutc0 r-poiln3 r-1loqt21\" dir=\"ltr\" role=\"link\" href=\"https:\/\/x.com\/hashtag\/tagesschau?src=hashtag_click\">#tagesschau<\/a><\/span><span class=\"css-1jxf684 r-bcqeeo r-1ttztb7 r-qvutc0 r-poiln3\"> oder <\/span><span class=\"r-18u37iz\"><a class=\"css-1jxf684 r-bcqeeo r-1ttztb7 r-qvutc0 r-poiln3 r-1loqt21\" dir=\"ltr\" role=\"link\" href=\"https:\/\/x.com\/hashtag\/ZDFheute?src=hashtag_click\">#ZDFheute<\/a><\/span><span class=\"css-1jxf684 r-bcqeeo r-1ttztb7 r-qvutc0 r-poiln3\"> davon geh\u00f6rt? Ich nicht. Was w\u00e4re wohl los gewesen, wenn 20 Rechtsextremisten ein Rathaus gest\u00fcrmt h\u00e4tten?<br \/>\n<img decoding=\"async\" src=\"https:\/\/pbs.twimg.com\/card_img\/1791404495022206976\/_lEn5SRP?format=jpg&amp;name=small\" alt=\"Protestaktion am Neuen Rathaus in G\u00f6ttingen gegen den Polizeieinsatz am 9. April an der Groner Landstra\u00dfe 9.\" \/><\/span><br \/>\nhttps:\/\/x.com\/PeterBorbe\/status\/1792231994694250609<\/p>\n\n<div class=\"twitter-share\"><a href=\"https:\/\/twitter.com\/intent\/tweet?via=haraldpaulick\" class=\"twitter-share-button\" data-size=\"large\">Twittern<\/a><\/div>\n","protected":false},"excerpt":{"rendered":"<p>20 Linksradikale st\u00fcrmen das Rathaus in #Goettingen, sch\u00fcchtern Mitarbeiter ein,dr\u00e4ngen sie aus ihren B\u00fcros. Habt Ihr in #tagesschau oder #ZDFheute davon geh\u00f6rt? Ich nicht. Was w\u00e4re wohl los gewesen, wenn 20 Rechtsextremisten ein Rathaus gest\u00fcrmt h\u00e4tten? https:\/\/x.com\/PeterBorbe\/status\/1792231994694250609<\/p>\n","protected":false},"author":1,"featured_media":0,"comment_status":"closed","ping_status":"open","sticky":false,"template":"","format":"standard","meta":{"footnotes":""},"categories":[{"term_id":132,"name":"Das 4. Reich GR\u00dcNER Pr\u00e4gung","slug":"das-4-reich-gruener-praegung","term_group":0,"term_taxonomy_id":132,"taxonomy":"category","description":"","parent":0,"count":458,"filter":"raw","cat_ID":132,"category_count":458,"category_description":"","cat_name":"Das 4. Reich GR\u00dcNER Pr\u00e4gung","category_nicename":"das-4-reich-gruener-praegung","category_parent":0},{"term_id":202,"name":"Die T\u00e4ter sind unter uns!","slug":"die-taeter-sind-unter-uns","term_group":0,"term_taxonomy_id":202,"taxonomy":"category","description":"","parent":0,"count":316,"filter":"raw","cat_ID":202,"category_count":316,"category_description":"","cat_name":"Die T\u00e4ter sind unter uns!","category_nicename":"die-taeter-sind-unter-uns","category_parent":0},{"term_id":162,"name":"GR\u00dcNE BILDUNGSPOLITIK","slug":"gruene-bildungspolitik","term_group":0,"term_taxonomy_id":162,"taxonomy":"category","description":"","parent":0,"count":127,"filter":"raw","cat_ID":162,"category_count":127,"category_description":"","cat_name":"GR\u00dcNE BILDUNGSPOLITIK","category_nicename":"gruene-bildungspolitik","category_parent":0},{"term_id":168,"name":"GR\u00dcNE DIPLOMATIE","slug":"gruene-diplomatie","term_group":0,"term_taxonomy_id":168,"taxonomy":"category","description":"","parent":0,"count":96,"filter":"raw","cat_ID":168,"category_count":96,"category_description":"","cat_name":"GR\u00dcNE DIPLOMATIE","category_nicename":"gruene-diplomatie","category_parent":0},{"term_id":30,"name":"GR\u00dcNE Murks Politik","slug":"gruene-murks-politik","term_group":0,"term_taxonomy_id":30,"taxonomy":"category","description":"","parent":0,"count":805,"filter":"raw","cat_ID":30,"category_count":805,"category_description":"","cat_name":"GR\u00dcNE Murks Politik","category_nicename":"gruene-murks-politik","category_parent":0},{"term_id":133,"name":"GR\u00dcNISMUS","slug":"gruenismus","term_group":0,"term_taxonomy_id":133,"taxonomy":"category","description":"","parent":0,"count":315,"filter":"raw","cat_ID":133,"category_count":315,"category_description":"","cat_name":"GR\u00dcNISMUS","category_nicename":"gruenismus","category_parent":0},{"term_id":170,"name":"Hass der GR\u00dcNEN LINKEN auf alles ANDERSDENKENDE","slug":"hass-der-gruenen-linken-auf-alles-andersdenkende","term_group":0,"term_taxonomy_id":170,"taxonomy":"category","description":"","parent":0,"count":256,"filter":"raw","cat_ID":170,"category_count":256,"category_description":"","cat_name":"Hass der GR\u00dcNEN LINKEN auf alles ANDERSDENKENDE","category_nicename":"hass-der-gruenen-linken-auf-alles-andersdenkende","category_parent":0},{"term_id":112,"name":"Milliarden Deals UNBEMERKT","slug":"milliarden-deals-unbemerkt","term_group":0,"term_taxonomy_id":112,"taxonomy":"category","description":"","parent":0,"count":559,"filter":"raw","cat_ID":112,"category_count":559,"category_description":"","cat_name":"Milliarden Deals UNBEMERKT","category_nicename":"milliarden-deals-unbemerkt","category_parent":0},{"term_id":116,"name":"Terroristen","slug":"terroristen","term_group":0,"term_taxonomy_id":116,"taxonomy":"category","description":"","parent":0,"count":25,"filter":"raw","cat_ID":116,"category_count":25,"category_description":"","cat_name":"Terroristen","category_nicename":"terroristen","category_parent":0}],"tags":[],"class_list":["post-2684","post","type-post","status-publish","format-standard","hentry","category-das-4-reich-gruener-praegung","category-die-taeter-sind-unter-uns","category-gruene-bildungspolitik","category-gruene-diplomatie","category-gruene-murks-politik","category-gruenismus","category-hass-der-gruenen-linken-auf-alles-andersdenkende","category-milliarden-deals-unbemerkt","category-terroristen"],"images":{"thumbnail":false,"medium":false,"medium_large":false,"large":false,"full":false},"_links":{"self":[{"href":"https:\/\/hpaulick.de\/index.php?rest_route=\/wp\/v2\/posts\/2684","targetHints":{"allow":["GET"]}}],"collection":[{"href":"https:\/\/hpaulick.de\/index.php?rest_route=\/wp\/v2\/posts"}],"about":[{"href":"https:\/\/hpaulick.de\/index.php?rest_route=\/wp\/v2\/types\/post"}],"author":[{"embeddable":true,"href":"https:\/\/hpaulick.de\/index.php?rest_route=\/wp\/v2\/users\/1"}],"replies":[{"embeddable":true,"href":"https:\/\/hpaulick.de\/index.php?rest_route=%2Fwp%2Fv2%2Fcomments&post=2684"}],"version-history":[{"count":1,"href":"https:\/\/hpaulick.de\/index.php?rest_route=\/wp\/v2\/posts\/2684\/revisions"}],"predecessor-version":[{"id":2685,"href":"https:\/\/hpaulick.de\/index.php?rest_route=\/wp\/v2\/posts\/2684\/revisions\/2685"}],"wp:attachment":[{"href":"https:\/\/hpaulick.de\/index.php?rest_route=%2Fwp%2Fv2%2Fmedia&parent=2684"}],"wp:term":[{"taxonomy":"category","embeddable":true,"href":"https:\/\/hpaulick.de\/index.php?rest_route=%2Fwp%2Fv2%2Fcategories&post=2684"},{"taxonomy":"post_tag","embeddable":true,"href":"https:\/\/hpaulick.de\/index.php?rest_route=%2Fwp%2Fv2%2Ftags&post=2684"}],"curies":[{"name":"wp","href":"https:\/\/api.w.org\/{rel}","templated":true}]}}