{"id":2765,"date":"2024-05-28T16:50:23","date_gmt":"2024-05-28T16:50:23","guid":{"rendered":"http:\/\/hpaulick.de\/?p=2765"},"modified":"2024-05-28T16:50:25","modified_gmt":"2024-05-28T16:50:25","slug":"linke-denken-oft-ueber-den-rand-der-teller-erde-hinaus","status":"publish","type":"post","link":"https:\/\/hpaulick.de\/?p=2765","title":{"rendered":"LINKE denken oft \u00fcber den RAND der &#8222;TELLER-ERDE&#8220; hinaus"},"content":{"rendered":"\n<figure class=\"wp-block-embed is-type-rich is-provider-twitter wp-block-embed-twitter\"><div class=\"wp-block-embed__wrapper\">\n<div class=\"twitter-tweet\"><blockquote class=\"twitter-tweet\" data-lang=\"de\"><p lang=\"de\" dir=\"ltr\">LINKE denken oft \u00fcber den RAND der &quot;TELLER-ERDE&quot; hinaus und vergessen dabei, dass wenn sie \u00fcber den RAND hinwegschreiten, sie runterfallen!<br>Harald Paulick<br>Schriftsteller, Blogger &amp; Menippeischer Satiriker<a href=\"https:\/\/t.co\/qDAetc5mVd\">https:\/\/t.co\/qDAetc5mVd<\/a><a href=\"https:\/\/t.co\/psoZczD1gr\">https:\/\/t.co\/psoZczD1gr<\/a> <a href=\"https:\/\/t.co\/TlRKOkKlSd\">https:\/\/t.co\/TlRKOkKlSd<\/a><\/p>&mdash; Harald Paulick Mitglied WerteUnion seit 21.05.2024 (@Mitglied_WU_BLN) <a href=\"https:\/\/twitter.com\/Mitglied_WU_BLN\/status\/1795496099551043821?ref_src=twsrc%5Etfw\">28. Mai 2024<\/a><\/blockquote><\/div>\n<\/div><\/figure>\n\n<div class=\"twitter-share\"><a href=\"https:\/\/twitter.com\/intent\/tweet?via=haraldpaulick\" class=\"twitter-share-button\" data-size=\"large\">Twittern<\/a><\/div>\n","protected":false},"excerpt":{"rendered":"","protected":false},"author":1,"featured_media":0,"comment_status":"closed","ping_status":"open","sticky":false,"template":"","format":"standard","meta":{"footnotes":""},"categories":[{"term_id":63,"name":"Aberglaube","slug":"aberglaube","term_group":0,"term_taxonomy_id":63,"taxonomy":"category","description":"","parent":0,"count":404,"filter":"raw","cat_ID":63,"category_count":404,"category_description":"","cat_name":"Aberglaube","category_nicename":"aberglaube","category_parent":0},{"term_id":125,"name":"Ampel-Regierung","slug":"ampel-regierung","term_group":0,"term_taxonomy_id":125,"taxonomy":"category","description":"","parent":0,"count":403,"filter":"raw","cat_ID":125,"category_count":403,"category_description":"","cat_name":"Ampel-Regierung","category_nicename":"ampel-regierung","category_parent":0},{"term_id":54,"name":"Bildungslose Politiker","slug":"bildungslose-politiker","term_group":0,"term_taxonomy_id":54,"taxonomy":"category","description":"","parent":0,"count":676,"filter":"raw","cat_ID":54,"category_count":676,"category_description":"","cat_name":"Bildungslose Politiker","category_nicename":"bildungslose-politiker","category_parent":0},{"term_id":132,"name":"Das 4. Reich GR\u00dcNER Pr\u00e4gung","slug":"das-4-reich-gruener-praegung","term_group":0,"term_taxonomy_id":132,"taxonomy":"category","description":"","parent":0,"count":458,"filter":"raw","cat_ID":132,"category_count":458,"category_description":"","cat_name":"Das 4. Reich GR\u00dcNER Pr\u00e4gung","category_nicename":"das-4-reich-gruener-praegung","category_parent":0},{"term_id":202,"name":"Die T\u00e4ter sind unter uns!","slug":"die-taeter-sind-unter-uns","term_group":0,"term_taxonomy_id":202,"taxonomy":"category","description":"","parent":0,"count":316,"filter":"raw","cat_ID":202,"category_count":316,"category_description":"","cat_name":"Die T\u00e4ter sind unter uns!","category_nicename":"die-taeter-sind-unter-uns","category_parent":0},{"term_id":183,"name":"Jugendterroristen","slug":"jugendterroristen","term_group":0,"term_taxonomy_id":183,"taxonomy":"category","description":"","parent":0,"count":43,"filter":"raw","cat_ID":183,"category_count":43,"category_description":"","cat_name":"Jugendterroristen","category_nicename":"jugendterroristen","category_parent":0},{"term_id":55,"name":"LINKE","slug":"linke","term_group":0,"term_taxonomy_id":55,"taxonomy":"category","description":"","parent":0,"count":53,"filter":"raw","cat_ID":55,"category_count":53,"category_description":"","cat_name":"LINKE","category_nicename":"linke","category_parent":0},{"term_id":50,"name":"Linksextremismus","slug":"linksextremismus","term_group":0,"term_taxonomy_id":50,"taxonomy":"category","description":"","parent":0,"count":313,"filter":"raw","cat_ID":50,"category_count":313,"category_description":"","cat_name":"Linksextremismus","category_nicename":"linksextremismus","category_parent":0},{"term_id":102,"name":"L\u00dcGEN","slug":"luegen","term_group":0,"term_taxonomy_id":102,"taxonomy":"category","description":"","parent":0,"count":389,"filter":"raw","cat_ID":102,"category_count":389,"category_description":"","cat_name":"L\u00dcGEN","category_nicename":"luegen","category_parent":0},{"term_id":161,"name":"Migranten aus Afrika gleichgestellt","slug":"migranten-aus-afrika-gleichgestellt","term_group":0,"term_taxonomy_id":161,"taxonomy":"category","description":"","parent":0,"count":240,"filter":"raw","cat_ID":161,"category_count":240,"category_description":"","cat_name":"Migranten aus Afrika gleichgestellt","category_nicename":"migranten-aus-afrika-gleichgestellt","category_parent":0},{"term_id":64,"name":"Migrationspolitik","slug":"migrationspolitik","term_group":0,"term_taxonomy_id":64,"taxonomy":"category","description":"","parent":0,"count":398,"filter":"raw","cat_ID":64,"category_count":398,"category_description":"","cat_name":"Migrationspolitik","category_nicename":"migrationspolitik","category_parent":0},{"term_id":197,"name":"Politik zur Verantwortung ziehen","slug":"politik-zur-verantwortung-ziehen","term_group":0,"term_taxonomy_id":197,"taxonomy":"category","description":"","parent":0,"count":249,"filter":"raw","cat_ID":197,"category_count":249,"category_description":"","cat_name":"Politik zur Verantwortung ziehen","category_nicename":"politik-zur-verantwortung-ziehen","category_parent":0},{"term_id":134,"name":"Selbstbedienungsladen Bundestag","slug":"selbstbedienungsladen-bundestag","term_group":0,"term_taxonomy_id":134,"taxonomy":"category","description":"","parent":0,"count":374,"filter":"raw","cat_ID":134,"category_count":374,"category_description":"","cat_name":"Selbstbedienungsladen Bundestag","category_nicename":"selbstbedienungsladen-bundestag","category_parent":0},{"term_id":116,"name":"Terroristen","slug":"terroristen","term_group":0,"term_taxonomy_id":116,"taxonomy":"category","description":"","parent":0,"count":25,"filter":"raw","cat_ID":116,"category_count":25,"category_description":"","cat_name":"Terroristen","category_nicename":"terroristen","category_parent":0},{"term_id":119,"name":"Vetternwirtschaft","slug":"vetternwirtschaft","term_group":0,"term_taxonomy_id":119,"taxonomy":"category","description":"","parent":0,"count":491,"filter":"raw","cat_ID":119,"category_count":491,"category_description":"","cat_name":"Vetternwirtschaft","category_nicename":"vetternwirtschaft","category_parent":0},{"term_id":174,"name":"VON LINKS provozierter RECHTSRUCK","slug":"von-links-provozierter-rechtsruck","term_group":0,"term_taxonomy_id":174,"taxonomy":"category","description":"","parent":0,"count":305,"filter":"raw","cat_ID":174,"category_count":305,"category_description":"","cat_name":"VON LINKS provozierter RECHTSRUCK","category_nicename":"von-links-provozierter-rechtsruck","category_parent":0}],"tags":[],"class_list":["post-2765","post","type-post","status-publish","format-standard","hentry","category-aberglaube","category-ampel-regierung","category-bildungslose-politiker","category-das-4-reich-gruener-praegung","category-die-taeter-sind-unter-uns","category-jugendterroristen","category-linke","category-linksextremismus","category-luegen","category-migranten-aus-afrika-gleichgestellt","category-migrationspolitik","category-politik-zur-verantwortung-ziehen","category-selbstbedienungsladen-bundestag","category-terroristen","category-vetternwirtschaft","category-von-links-provozierter-rechtsruck"],"images":{"thumbnail":false,"medium":false,"medium_large":false,"large":false,"full":false},"_links":{"self":[{"href":"https:\/\/hpaulick.de\/index.php?rest_route=\/wp\/v2\/posts\/2765","targetHints":{"allow":["GET"]}}],"collection":[{"href":"https:\/\/hpaulick.de\/index.php?rest_route=\/wp\/v2\/posts"}],"about":[{"href":"https:\/\/hpaulick.de\/index.php?rest_route=\/wp\/v2\/types\/post"}],"author":[{"embeddable":true,"href":"https:\/\/hpaulick.de\/index.php?rest_route=\/wp\/v2\/users\/1"}],"replies":[{"embeddable":true,"href":"https:\/\/hpaulick.de\/index.php?rest_route=%2Fwp%2Fv2%2Fcomments&post=2765"}],"version-history":[{"count":1,"href":"https:\/\/hpaulick.de\/index.php?rest_route=\/wp\/v2\/posts\/2765\/revisions"}],"predecessor-version":[{"id":2766,"href":"https:\/\/hpaulick.de\/index.php?rest_route=\/wp\/v2\/posts\/2765\/revisions\/2766"}],"wp:attachment":[{"href":"https:\/\/hpaulick.de\/index.php?rest_route=%2Fwp%2Fv2%2Fmedia&parent=2765"}],"wp:term":[{"taxonomy":"category","embeddable":true,"href":"https:\/\/hpaulick.de\/index.php?rest_route=%2Fwp%2Fv2%2Fcategories&post=2765"},{"taxonomy":"post_tag","embeddable":true,"href":"https:\/\/hpaulick.de\/index.php?rest_route=%2Fwp%2Fv2%2Ftags&post=2765"}],"curies":[{"name":"wp","href":"https:\/\/api.w.org\/{rel}","templated":true}]}}