{"id":2873,"date":"2024-06-29T09:26:32","date_gmt":"2024-06-29T09:26:32","guid":{"rendered":"http:\/\/hpaulick.de\/?p=2873"},"modified":"2024-06-29T09:26:35","modified_gmt":"2024-06-29T09:26:35","slug":"wer-gruenen-farisaeer-nicht-mehr-will-muss-werteunion-unterstuetzen-waehlen","status":"publish","type":"post","link":"https:\/\/hpaulick.de\/?p=2873","title":{"rendered":"Wer GR\u00dcNEN FARIS\u00c4ER nicht mehr will, mu\u00df WerteUnion unterst\u00fctzen\/w\u00e4hlen"},"content":{"rendered":"\n<figure class=\"wp-block-embed is-type-rich is-provider-twitter wp-block-embed-twitter\"><div class=\"wp-block-embed__wrapper\">\n<div class=\"twitter-tweet\"><blockquote class=\"twitter-tweet\" data-lang=\"de\"><p lang=\"de\" dir=\"ltr\">Wer <a href=\"https:\/\/twitter.com\/hashtag\/GR%C3%9CNEN?src=hash&amp;ref_src=twsrc%5Etfw\">#GR\u00dcNEN<\/a> <a href=\"https:\/\/twitter.com\/hashtag\/FARIS%C3%84ER?src=hash&amp;ref_src=twsrc%5Etfw\">#FARIS\u00c4ER<\/a> nicht mehr will,<br>mu\u00df <a href=\"https:\/\/twitter.com\/hashtag\/WerteUnion?src=hash&amp;ref_src=twsrc%5Etfw\">#WerteUnion<\/a> unterst\u00fctzen\/w\u00e4hlen<a href=\"https:\/\/t.co\/0i8DJhzHAe\">https:\/\/t.co\/0i8DJhzHAe<\/a><br>Wem das alles egal ist, wacht im Kalifat mit Scharia auf, denn\ud83d\udea6konzentriert alle Macht auf RECHTS, wegen der WIEDERWAHL. Das unser Schiff Deutschland zwischendurch untergeht, EGAL! <a href=\"https:\/\/t.co\/3p8IriieJt\">https:\/\/t.co\/3p8IriieJt<\/a><\/p>&mdash; Kater Montecarlo (@KaterMontecarlo) <a href=\"https:\/\/twitter.com\/KaterMontecarlo\/status\/1806979918921715793?ref_src=twsrc%5Etfw\">29. Juni 2024<\/a><\/blockquote><\/div>\n<\/div><\/figure>\n\n<div class=\"twitter-share\"><a href=\"https:\/\/twitter.com\/intent\/tweet?via=haraldpaulick\" class=\"twitter-share-button\" data-size=\"large\">Twittern<\/a><\/div>\n","protected":false},"excerpt":{"rendered":"","protected":false},"author":1,"featured_media":0,"comment_status":"closed","ping_status":"open","sticky":false,"template":"","format":"standard","meta":{"footnotes":""},"categories":[{"term_id":203,"name":"5. Reich Islamistischer Pr\u00e4gung","slug":"5-reich","term_group":0,"term_taxonomy_id":203,"taxonomy":"category","description":"","parent":0,"count":49,"filter":"raw","cat_ID":203,"category_count":49,"category_description":"","cat_name":"5. Reich Islamistischer Pr\u00e4gung","category_nicename":"5-reich","category_parent":0},{"term_id":132,"name":"Das 4. Reich GR\u00dcNER Pr\u00e4gung","slug":"das-4-reich-gruener-praegung","term_group":0,"term_taxonomy_id":132,"taxonomy":"category","description":"","parent":0,"count":458,"filter":"raw","cat_ID":132,"category_count":458,"category_description":"","cat_name":"Das 4. Reich GR\u00dcNER Pr\u00e4gung","category_nicename":"das-4-reich-gruener-praegung","category_parent":0},{"term_id":144,"name":"Doppelte Staatsangeh\u00f6rigkeit","slug":"doppelte-staatsangehoerigkeit","term_group":0,"term_taxonomy_id":144,"taxonomy":"category","description":"","parent":0,"count":217,"filter":"raw","cat_ID":144,"category_count":217,"category_description":"","cat_name":"Doppelte Staatsangeh\u00f6rigkeit","category_nicename":"doppelte-staatsangehoerigkeit","category_parent":0},{"term_id":30,"name":"GR\u00dcNE Murks Politik","slug":"gruene-murks-politik","term_group":0,"term_taxonomy_id":30,"taxonomy":"category","description":"","parent":0,"count":805,"filter":"raw","cat_ID":30,"category_count":805,"category_description":"","cat_name":"GR\u00dcNE Murks Politik","category_nicename":"gruene-murks-politik","category_parent":0},{"term_id":133,"name":"GR\u00dcNISMUS","slug":"gruenismus","term_group":0,"term_taxonomy_id":133,"taxonomy":"category","description":"","parent":0,"count":315,"filter":"raw","cat_ID":133,"category_count":315,"category_description":"","cat_name":"GR\u00dcNISMUS","category_nicename":"gruenismus","category_parent":0},{"term_id":161,"name":"Migranten aus Afrika gleichgestellt","slug":"migranten-aus-afrika-gleichgestellt","term_group":0,"term_taxonomy_id":161,"taxonomy":"category","description":"","parent":0,"count":240,"filter":"raw","cat_ID":161,"category_count":240,"category_description":"","cat_name":"Migranten aus Afrika gleichgestellt","category_nicename":"migranten-aus-afrika-gleichgestellt","category_parent":0},{"term_id":64,"name":"Migrationspolitik","slug":"migrationspolitik","term_group":0,"term_taxonomy_id":64,"taxonomy":"category","description":"","parent":0,"count":398,"filter":"raw","cat_ID":64,"category_count":398,"category_description":"","cat_name":"Migrationspolitik","category_nicename":"migrationspolitik","category_parent":0},{"term_id":112,"name":"Milliarden Deals UNBEMERKT","slug":"milliarden-deals-unbemerkt","term_group":0,"term_taxonomy_id":112,"taxonomy":"category","description":"","parent":0,"count":559,"filter":"raw","cat_ID":112,"category_count":559,"category_description":"","cat_name":"Milliarden Deals UNBEMERKT","category_nicename":"milliarden-deals-unbemerkt","category_parent":0},{"term_id":119,"name":"Vetternwirtschaft","slug":"vetternwirtschaft","term_group":0,"term_taxonomy_id":119,"taxonomy":"category","description":"","parent":0,"count":491,"filter":"raw","cat_ID":119,"category_count":491,"category_description":"","cat_name":"Vetternwirtschaft","category_nicename":"vetternwirtschaft","category_parent":0},{"term_id":135,"name":"WerteUnion","slug":"werteunion","term_group":0,"term_taxonomy_id":135,"taxonomy":"category","description":"","parent":0,"count":76,"filter":"raw","cat_ID":135,"category_count":76,"category_description":"","cat_name":"WerteUnion","category_nicename":"werteunion","category_parent":0}],"tags":[],"class_list":["post-2873","post","type-post","status-publish","format-standard","hentry","category-5-reich","category-das-4-reich-gruener-praegung","category-doppelte-staatsangehoerigkeit","category-gruene-murks-politik","category-gruenismus","category-migranten-aus-afrika-gleichgestellt","category-migrationspolitik","category-milliarden-deals-unbemerkt","category-vetternwirtschaft","category-werteunion"],"images":{"thumbnail":false,"medium":false,"medium_large":false,"large":false,"full":false},"_links":{"self":[{"href":"https:\/\/hpaulick.de\/index.php?rest_route=\/wp\/v2\/posts\/2873","targetHints":{"allow":["GET"]}}],"collection":[{"href":"https:\/\/hpaulick.de\/index.php?rest_route=\/wp\/v2\/posts"}],"about":[{"href":"https:\/\/hpaulick.de\/index.php?rest_route=\/wp\/v2\/types\/post"}],"author":[{"embeddable":true,"href":"https:\/\/hpaulick.de\/index.php?rest_route=\/wp\/v2\/users\/1"}],"replies":[{"embeddable":true,"href":"https:\/\/hpaulick.de\/index.php?rest_route=%2Fwp%2Fv2%2Fcomments&post=2873"}],"version-history":[{"count":1,"href":"https:\/\/hpaulick.de\/index.php?rest_route=\/wp\/v2\/posts\/2873\/revisions"}],"predecessor-version":[{"id":2874,"href":"https:\/\/hpaulick.de\/index.php?rest_route=\/wp\/v2\/posts\/2873\/revisions\/2874"}],"wp:attachment":[{"href":"https:\/\/hpaulick.de\/index.php?rest_route=%2Fwp%2Fv2%2Fmedia&parent=2873"}],"wp:term":[{"taxonomy":"category","embeddable":true,"href":"https:\/\/hpaulick.de\/index.php?rest_route=%2Fwp%2Fv2%2Fcategories&post=2873"},{"taxonomy":"post_tag","embeddable":true,"href":"https:\/\/hpaulick.de\/index.php?rest_route=%2Fwp%2Fv2%2Ftags&post=2873"}],"curies":[{"name":"wp","href":"https:\/\/api.w.org\/{rel}","templated":true}]}}