{"id":2907,"date":"2024-07-08T09:18:02","date_gmt":"2024-07-08T09:18:02","guid":{"rendered":"http:\/\/hpaulick.de\/?p=2907"},"modified":"2024-07-08T09:18:05","modified_gmt":"2024-07-08T09:18:05","slug":"werteunion-will-das-schlaraffenland-beenden","status":"publish","type":"post","link":"https:\/\/hpaulick.de\/?p=2907","title":{"rendered":"WerteUnion will das Schlaraffenland beenden"},"content":{"rendered":"\n<figure class=\"wp-block-embed is-type-rich is-provider-twitter wp-block-embed-twitter\"><div class=\"wp-block-embed__wrapper\">\n<div class=\"twitter-tweet\"><blockquote class=\"twitter-tweet\" data-lang=\"de\"><p lang=\"de\" dir=\"ltr\"><a href=\"https:\/\/twitter.com\/hashtag\/WerteUnion?src=hash&amp;ref_src=twsrc%5Etfw\">#WerteUnion<\/a> will das <a href=\"https:\/\/twitter.com\/hashtag\/Schlaraffenland?src=hash&amp;ref_src=twsrc%5Etfw\">#Schlaraffenland<\/a> beenden &amp; Geld an <a href=\"https:\/\/twitter.com\/hashtag\/ARBEITENDE?src=hash&amp;ref_src=twsrc%5Etfw\">#ARBEITENDE<\/a> zur\u00fcckgeben.<br>Wohnraum auf dem freien Markt bekommt nur noch der, welcher ihn selbst bezahlen kann, keine B\u00fcrgergeld Empf\u00e4nger, welche keine Deutsche Staatsb\u00fcrgerschaft haben.<br>Politik, die den Staat am LEBEN h\u00e4lt. <a href=\"https:\/\/t.co\/foMgJFXW3k\">https:\/\/t.co\/foMgJFXW3k<\/a><\/p>&mdash; Wahlinformationen; Account zum Thema Wahlen in D ! (@DeutscheWaehler) <a href=\"https:\/\/twitter.com\/DeutscheWaehler\/status\/1810240622445412638?ref_src=twsrc%5Etfw\">8. Juli 2024<\/a><\/blockquote><\/div>\n<\/div><\/figure>\n\n<div class=\"twitter-share\"><a href=\"https:\/\/twitter.com\/intent\/tweet?via=haraldpaulick\" class=\"twitter-share-button\" data-size=\"large\">Twittern<\/a><\/div>\n","protected":false},"excerpt":{"rendered":"","protected":false},"author":1,"featured_media":0,"comment_status":"closed","ping_status":"open","sticky":false,"template":"","format":"standard","meta":{"footnotes":""},"categories":[{"term_id":122,"name":"Abschiebung","slug":"abschiebung","term_group":0,"term_taxonomy_id":122,"taxonomy":"category","description":"","parent":0,"count":121,"filter":"raw","cat_ID":122,"category_count":121,"category_description":"","cat_name":"Abschiebung","category_nicename":"abschiebung","category_parent":0},{"term_id":222,"name":"Altparteien","slug":"altparteien","term_group":0,"term_taxonomy_id":222,"taxonomy":"category","description":"","parent":0,"count":140,"filter":"raw","cat_ID":222,"category_count":140,"category_description":"","cat_name":"Altparteien","category_nicename":"altparteien","category_parent":0},{"term_id":125,"name":"Ampel-Regierung","slug":"ampel-regierung","term_group":0,"term_taxonomy_id":125,"taxonomy":"category","description":"","parent":0,"count":403,"filter":"raw","cat_ID":125,"category_count":403,"category_description":"","cat_name":"Ampel-Regierung","category_nicename":"ampel-regierung","category_parent":0},{"term_id":214,"name":"Asylbewerber","slug":"asylbewerber","term_group":0,"term_taxonomy_id":214,"taxonomy":"category","description":"","parent":0,"count":88,"filter":"raw","cat_ID":214,"category_count":88,"category_description":"","cat_name":"Asylbewerber","category_nicename":"asylbewerber","category_parent":0},{"term_id":27,"name":"Asylpolitik","slug":"asylpolitik","term_group":0,"term_taxonomy_id":27,"taxonomy":"category","description":"","parent":0,"count":325,"filter":"raw","cat_ID":27,"category_count":325,"category_description":"","cat_name":"Asylpolitik","category_nicename":"asylpolitik","category_parent":0},{"term_id":181,"name":"B\u00fcrgergeld","slug":"buergergeld","term_group":0,"term_taxonomy_id":181,"taxonomy":"category","description":"","parent":0,"count":79,"filter":"raw","cat_ID":181,"category_count":79,"category_description":"","cat_name":"B\u00fcrgergeld","category_nicename":"buergergeld","category_parent":0},{"term_id":132,"name":"Das 4. Reich GR\u00dcNER Pr\u00e4gung","slug":"das-4-reich-gruener-praegung","term_group":0,"term_taxonomy_id":132,"taxonomy":"category","description":"","parent":0,"count":458,"filter":"raw","cat_ID":132,"category_count":458,"category_description":"","cat_name":"Das 4. Reich GR\u00dcNER Pr\u00e4gung","category_nicename":"das-4-reich-gruener-praegung","category_parent":0},{"term_id":49,"name":"Deutschland schafft sich ab","slug":"deutschland-schafft-sich-ab","term_group":0,"term_taxonomy_id":49,"taxonomy":"category","description":"","parent":0,"count":662,"filter":"raw","cat_ID":49,"category_count":662,"category_description":"","cat_name":"Deutschland schafft sich ab","category_nicename":"deutschland-schafft-sich-ab","category_parent":0},{"term_id":202,"name":"Die T\u00e4ter sind unter uns!","slug":"die-taeter-sind-unter-uns","term_group":0,"term_taxonomy_id":202,"taxonomy":"category","description":"","parent":0,"count":316,"filter":"raw","cat_ID":202,"category_count":316,"category_description":"","cat_name":"Die T\u00e4ter sind unter uns!","category_nicename":"die-taeter-sind-unter-uns","category_parent":0},{"term_id":117,"name":"Diktatur","slug":"diktatur","term_group":0,"term_taxonomy_id":117,"taxonomy":"category","description":"","parent":0,"count":391,"filter":"raw","cat_ID":117,"category_count":391,"category_description":"","cat_name":"Diktatur","category_nicename":"diktatur","category_parent":0},{"term_id":208,"name":"Gewalt und Terror von Migranten","slug":"gewalt-und-terror-von-migranten","term_group":0,"term_taxonomy_id":208,"taxonomy":"category","description":"","parent":0,"count":155,"filter":"raw","cat_ID":208,"category_count":155,"category_description":"","cat_name":"Gewalt und Terror von Migranten","category_nicename":"gewalt-und-terror-von-migranten","category_parent":0},{"term_id":30,"name":"GR\u00dcNE Murks Politik","slug":"gruene-murks-politik","term_group":0,"term_taxonomy_id":30,"taxonomy":"category","description":"","parent":0,"count":804,"filter":"raw","cat_ID":30,"category_count":804,"category_description":"","cat_name":"GR\u00dcNE Murks Politik","category_nicename":"gruene-murks-politik","category_parent":0},{"term_id":170,"name":"Hass der GR\u00dcNEN LINKEN auf alles ANDERSDENKENDE","slug":"hass-der-gruenen-linken-auf-alles-andersdenkende","term_group":0,"term_taxonomy_id":170,"taxonomy":"category","description":"","parent":0,"count":255,"filter":"raw","cat_ID":170,"category_count":255,"category_description":"","cat_name":"Hass der GR\u00dcNEN LINKEN auf alles ANDERSDENKENDE","category_nicename":"hass-der-gruenen-linken-auf-alles-andersdenkende","category_parent":0},{"term_id":161,"name":"Migranten aus Afrika gleichgestellt","slug":"migranten-aus-afrika-gleichgestellt","term_group":0,"term_taxonomy_id":161,"taxonomy":"category","description":"","parent":0,"count":239,"filter":"raw","cat_ID":161,"category_count":239,"category_description":"","cat_name":"Migranten aus Afrika gleichgestellt","category_nicename":"migranten-aus-afrika-gleichgestellt","category_parent":0},{"term_id":112,"name":"Milliarden Deals UNBEMERKT","slug":"milliarden-deals-unbemerkt","term_group":0,"term_taxonomy_id":112,"taxonomy":"category","description":"","parent":0,"count":558,"filter":"raw","cat_ID":112,"category_count":558,"category_description":"","cat_name":"Milliarden Deals UNBEMERKT","category_nicename":"milliarden-deals-unbemerkt","category_parent":0},{"term_id":134,"name":"Selbstbedienungsladen Bundestag","slug":"selbstbedienungsladen-bundestag","term_group":0,"term_taxonomy_id":134,"taxonomy":"category","description":"","parent":0,"count":374,"filter":"raw","cat_ID":134,"category_count":374,"category_description":"","cat_name":"Selbstbedienungsladen Bundestag","category_nicename":"selbstbedienungsladen-bundestag","category_parent":0},{"term_id":119,"name":"Vetternwirtschaft","slug":"vetternwirtschaft","term_group":0,"term_taxonomy_id":119,"taxonomy":"category","description":"","parent":0,"count":491,"filter":"raw","cat_ID":119,"category_count":491,"category_description":"","cat_name":"Vetternwirtschaft","category_nicename":"vetternwirtschaft","category_parent":0},{"term_id":135,"name":"WerteUnion","slug":"werteunion","term_group":0,"term_taxonomy_id":135,"taxonomy":"category","description":"","parent":0,"count":76,"filter":"raw","cat_ID":135,"category_count":76,"category_description":"","cat_name":"WerteUnion","category_nicename":"werteunion","category_parent":0}],"tags":[],"class_list":["post-2907","post","type-post","status-publish","format-standard","hentry","category-abschiebung","category-altparteien","category-ampel-regierung","category-asylbewerber","category-asylpolitik","category-buergergeld","category-das-4-reich-gruener-praegung","category-deutschland-schafft-sich-ab","category-die-taeter-sind-unter-uns","category-diktatur","category-gewalt-und-terror-von-migranten","category-gruene-murks-politik","category-hass-der-gruenen-linken-auf-alles-andersdenkende","category-migranten-aus-afrika-gleichgestellt","category-milliarden-deals-unbemerkt","category-selbstbedienungsladen-bundestag","category-vetternwirtschaft","category-werteunion"],"images":{"thumbnail":false,"medium":false,"medium_large":false,"large":false,"full":false},"_links":{"self":[{"href":"https:\/\/hpaulick.de\/index.php?rest_route=\/wp\/v2\/posts\/2907","targetHints":{"allow":["GET"]}}],"collection":[{"href":"https:\/\/hpaulick.de\/index.php?rest_route=\/wp\/v2\/posts"}],"about":[{"href":"https:\/\/hpaulick.de\/index.php?rest_route=\/wp\/v2\/types\/post"}],"author":[{"embeddable":true,"href":"https:\/\/hpaulick.de\/index.php?rest_route=\/wp\/v2\/users\/1"}],"replies":[{"embeddable":true,"href":"https:\/\/hpaulick.de\/index.php?rest_route=%2Fwp%2Fv2%2Fcomments&post=2907"}],"version-history":[{"count":1,"href":"https:\/\/hpaulick.de\/index.php?rest_route=\/wp\/v2\/posts\/2907\/revisions"}],"predecessor-version":[{"id":2908,"href":"https:\/\/hpaulick.de\/index.php?rest_route=\/wp\/v2\/posts\/2907\/revisions\/2908"}],"wp:attachment":[{"href":"https:\/\/hpaulick.de\/index.php?rest_route=%2Fwp%2Fv2%2Fmedia&parent=2907"}],"wp:term":[{"taxonomy":"category","embeddable":true,"href":"https:\/\/hpaulick.de\/index.php?rest_route=%2Fwp%2Fv2%2Fcategories&post=2907"},{"taxonomy":"post_tag","embeddable":true,"href":"https:\/\/hpaulick.de\/index.php?rest_route=%2Fwp%2Fv2%2Ftags&post=2907"}],"curies":[{"name":"wp","href":"https:\/\/api.w.org\/{rel}","templated":true}]}}