{"id":3035,"date":"2024-09-11T08:26:04","date_gmt":"2024-09-11T08:26:04","guid":{"rendered":"http:\/\/hpaulick.de\/?p=3035"},"modified":"2024-09-11T08:30:54","modified_gmt":"2024-09-11T08:30:54","slug":"afd-laedt-zu-koalitionsgespraechen-in-thueringen-bsw-lehnt-ab-cdu-reagiert-nicht","status":"publish","type":"post","link":"https:\/\/hpaulick.de\/?p=3035","title":{"rendered":"AfD l\u00e4dt zu Koalitionsgespr\u00e4chen in Th\u00fcringen \u2013 BSW lehnt ab, CDU reagiert nicht"},"content":{"rendered":"\r\n<figure class=\"wp-block-embed is-type-rich is-provider-twitter wp-block-embed-twitter\">\r\n<div class=\"wp-block-embed__wrapper\">https:\/\/twitter.com\/HaraldPaulick\/status\/1833783680554144218<\/div>\r\n<\/figure>\r\n\n<div class=\"twitter-share\"><a href=\"https:\/\/twitter.com\/intent\/tweet?via=haraldpaulick\" class=\"twitter-share-button\" data-size=\"large\">Twittern<\/a><\/div>\n","protected":false},"excerpt":{"rendered":"","protected":false},"author":1,"featured_media":0,"comment_status":"closed","ping_status":"open","sticky":false,"template":"","format":"standard","meta":{"footnotes":""},"categories":[{"term_id":217,"name":"AfD+BSW Regierung im Osten m\u00f6glich","slug":"afdbsw-regierung-im-osten-moeglich","term_group":0,"term_taxonomy_id":217,"taxonomy":"category","description":"","parent":0,"count":13,"filter":"raw","cat_ID":217,"category_count":13,"category_description":"","cat_name":"AfD+BSW Regierung im Osten m\u00f6glich","category_nicename":"afdbsw-regierung-im-osten-moeglich","category_parent":0},{"term_id":27,"name":"Asylpolitik","slug":"asylpolitik","term_group":0,"term_taxonomy_id":27,"taxonomy":"category","description":"","parent":0,"count":325,"filter":"raw","cat_ID":27,"category_count":325,"category_description":"","cat_name":"Asylpolitik","category_nicename":"asylpolitik","category_parent":0},{"term_id":82,"name":"BSW B\u00fcndnis Sahra Wagenknecht","slug":"bsw-buendnis-sahra-wagenknecht","term_group":0,"term_taxonomy_id":82,"taxonomy":"category","description":"","parent":0,"count":34,"filter":"raw","cat_ID":82,"category_count":34,"category_description":"","cat_name":"BSW B\u00fcndnis Sahra Wagenknecht","category_nicename":"bsw-buendnis-sahra-wagenknecht","category_parent":0},{"term_id":81,"name":"CDU","slug":"cdu","term_group":0,"term_taxonomy_id":81,"taxonomy":"category","description":"","parent":0,"count":122,"filter":"raw","cat_ID":81,"category_count":122,"category_description":"","cat_name":"CDU","category_nicename":"cdu","category_parent":0},{"term_id":49,"name":"Deutschland schafft sich ab","slug":"deutschland-schafft-sich-ab","term_group":0,"term_taxonomy_id":49,"taxonomy":"category","description":"","parent":0,"count":662,"filter":"raw","cat_ID":49,"category_count":662,"category_description":"","cat_name":"Deutschland schafft sich ab","category_nicename":"deutschland-schafft-sich-ab","category_parent":0},{"term_id":50,"name":"Linksextremismus","slug":"linksextremismus","term_group":0,"term_taxonomy_id":50,"taxonomy":"category","description":"","parent":0,"count":313,"filter":"raw","cat_ID":50,"category_count":313,"category_description":"","cat_name":"Linksextremismus","category_nicename":"linksextremismus","category_parent":0},{"term_id":197,"name":"Politik zur Verantwortung ziehen","slug":"politik-zur-verantwortung-ziehen","term_group":0,"term_taxonomy_id":197,"taxonomy":"category","description":"","parent":0,"count":248,"filter":"raw","cat_ID":197,"category_count":248,"category_description":"","cat_name":"Politik zur Verantwortung ziehen","category_nicename":"politik-zur-verantwortung-ziehen","category_parent":0},{"term_id":215,"name":"POSTKOMUNISTEN","slug":"postkomunisten","term_group":0,"term_taxonomy_id":215,"taxonomy":"category","description":"","parent":0,"count":32,"filter":"raw","cat_ID":215,"category_count":32,"category_description":"","cat_name":"POSTKOMUNISTEN","category_nicename":"postkomunisten","category_parent":0},{"term_id":175,"name":"VERSAGER","slug":"versager","term_group":0,"term_taxonomy_id":175,"taxonomy":"category","description":"","parent":0,"count":222,"filter":"raw","cat_ID":175,"category_count":222,"category_description":"","cat_name":"VERSAGER","category_nicename":"versager","category_parent":0},{"term_id":119,"name":"Vetternwirtschaft","slug":"vetternwirtschaft","term_group":0,"term_taxonomy_id":119,"taxonomy":"category","description":"","parent":0,"count":491,"filter":"raw","cat_ID":119,"category_count":491,"category_description":"","cat_name":"Vetternwirtschaft","category_nicename":"vetternwirtschaft","category_parent":0},{"term_id":174,"name":"VON LINKS provozierter RECHTSRUCK","slug":"von-links-provozierter-rechtsruck","term_group":0,"term_taxonomy_id":174,"taxonomy":"category","description":"","parent":0,"count":304,"filter":"raw","cat_ID":174,"category_count":304,"category_description":"","cat_name":"VON LINKS provozierter RECHTSRUCK","category_nicename":"von-links-provozierter-rechtsruck","category_parent":0}],"tags":[],"class_list":["post-3035","post","type-post","status-publish","format-standard","hentry","category-afdbsw-regierung-im-osten-moeglich","category-asylpolitik","category-bsw-buendnis-sahra-wagenknecht","category-cdu","category-deutschland-schafft-sich-ab","category-linksextremismus","category-politik-zur-verantwortung-ziehen","category-postkomunisten","category-versager","category-vetternwirtschaft","category-von-links-provozierter-rechtsruck"],"images":{"thumbnail":false,"medium":false,"medium_large":false,"large":false,"full":false},"_links":{"self":[{"href":"https:\/\/hpaulick.de\/index.php?rest_route=\/wp\/v2\/posts\/3035","targetHints":{"allow":["GET"]}}],"collection":[{"href":"https:\/\/hpaulick.de\/index.php?rest_route=\/wp\/v2\/posts"}],"about":[{"href":"https:\/\/hpaulick.de\/index.php?rest_route=\/wp\/v2\/types\/post"}],"author":[{"embeddable":true,"href":"https:\/\/hpaulick.de\/index.php?rest_route=\/wp\/v2\/users\/1"}],"replies":[{"embeddable":true,"href":"https:\/\/hpaulick.de\/index.php?rest_route=%2Fwp%2Fv2%2Fcomments&post=3035"}],"version-history":[{"count":2,"href":"https:\/\/hpaulick.de\/index.php?rest_route=\/wp\/v2\/posts\/3035\/revisions"}],"predecessor-version":[{"id":3037,"href":"https:\/\/hpaulick.de\/index.php?rest_route=\/wp\/v2\/posts\/3035\/revisions\/3037"}],"wp:attachment":[{"href":"https:\/\/hpaulick.de\/index.php?rest_route=%2Fwp%2Fv2%2Fmedia&parent=3035"}],"wp:term":[{"taxonomy":"category","embeddable":true,"href":"https:\/\/hpaulick.de\/index.php?rest_route=%2Fwp%2Fv2%2Fcategories&post=3035"},{"taxonomy":"post_tag","embeddable":true,"href":"https:\/\/hpaulick.de\/index.php?rest_route=%2Fwp%2Fv2%2Ftags&post=3035"}],"curies":[{"name":"wp","href":"https:\/\/api.w.org\/{rel}","templated":true}]}}