{"id":3038,"date":"2024-09-11T09:08:40","date_gmt":"2024-09-11T09:08:40","guid":{"rendered":"http:\/\/hpaulick.de\/?p=3038"},"modified":"2024-09-11T09:08:42","modified_gmt":"2024-09-11T09:08:42","slug":"zahl-der-firmeninsolvenzen-steigt-dramatisch","status":"publish","type":"post","link":"https:\/\/hpaulick.de\/?p=3038","title":{"rendered":"Zahl der Firmeninsolvenzen steigt dramatisch"},"content":{"rendered":"\n<figure class=\"wp-block-embed is-type-rich is-provider-twitter wp-block-embed-twitter\"><div class=\"wp-block-embed__wrapper\">\n<div class=\"twitter-tweet\"><blockquote class=\"twitter-tweet\" data-lang=\"de\"><p lang=\"de\" dir=\"ltr\">Zahl der <a href=\"https:\/\/twitter.com\/hashtag\/Firmeninsolvenzen?src=hash&amp;ref_src=twsrc%5Etfw\">#Firmeninsolvenzen<\/a> steigt dramatisch<br>Im 1. Halbjahr haben fast 25 % mehr Firmen Insolvenz angemeldet als im Jahr zuvor. Forderungen der Gl\u00e4ubiger belaufen sich auf 48 Milliarden \u20ac. Domino-Effekt hat eingesetzt!<br>Harald Paulick<br>Mitglied <a href=\"https:\/\/twitter.com\/hashtag\/WerteUnion?src=hash&amp;ref_src=twsrc%5Etfw\">#WerteUnion<\/a><a href=\"https:\/\/t.co\/ktuA7WPtgv\">https:\/\/t.co\/ktuA7WPtgv<\/a><\/p>&mdash; HaraldPaulick &#8211; Gibt immer Alternativen zu ALLEM (@HaraldPaulick) <a href=\"https:\/\/twitter.com\/HaraldPaulick\/status\/1833793861690294366?ref_src=twsrc%5Etfw\">11. September 2024<\/a><\/blockquote><\/div>\n<\/div><\/figure>\n\n<div class=\"twitter-share\"><a href=\"https:\/\/twitter.com\/intent\/tweet?via=haraldpaulick\" class=\"twitter-share-button\" data-size=\"large\">Twittern<\/a><\/div>\n","protected":false},"excerpt":{"rendered":"","protected":false},"author":1,"featured_media":0,"comment_status":"closed","ping_status":"open","sticky":false,"template":"","format":"standard","meta":{"footnotes":""},"categories":[{"term_id":35,"name":"Aff\u00e4ren","slug":"affaeren","term_group":0,"term_taxonomy_id":35,"taxonomy":"category","description":"","parent":0,"count":246,"filter":"raw","cat_ID":35,"category_count":246,"category_description":"","cat_name":"Aff\u00e4ren","category_nicename":"affaeren","category_parent":0},{"term_id":125,"name":"Ampel-Regierung","slug":"ampel-regierung","term_group":0,"term_taxonomy_id":125,"taxonomy":"category","description":"","parent":0,"count":403,"filter":"raw","cat_ID":125,"category_count":403,"category_description":"","cat_name":"Ampel-Regierung","category_nicename":"ampel-regierung","category_parent":0},{"term_id":27,"name":"Asylpolitik","slug":"asylpolitik","term_group":0,"term_taxonomy_id":27,"taxonomy":"category","description":"","parent":0,"count":326,"filter":"raw","cat_ID":27,"category_count":326,"category_description":"","cat_name":"Asylpolitik","category_nicename":"asylpolitik","category_parent":0},{"term_id":54,"name":"Bildungslose Politiker","slug":"bildungslose-politiker","term_group":0,"term_taxonomy_id":54,"taxonomy":"category","description":"","parent":0,"count":676,"filter":"raw","cat_ID":54,"category_count":676,"category_description":"","cat_name":"Bildungslose Politiker","category_nicename":"bildungslose-politiker","category_parent":0},{"term_id":132,"name":"Das 4. Reich GR\u00dcNER Pr\u00e4gung","slug":"das-4-reich-gruener-praegung","term_group":0,"term_taxonomy_id":132,"taxonomy":"category","description":"","parent":0,"count":458,"filter":"raw","cat_ID":132,"category_count":458,"category_description":"","cat_name":"Das 4. Reich GR\u00dcNER Pr\u00e4gung","category_nicename":"das-4-reich-gruener-praegung","category_parent":0},{"term_id":192,"name":"Gr\u00fcne","slug":"gruene","term_group":0,"term_taxonomy_id":192,"taxonomy":"category","description":"","parent":0,"count":85,"filter":"raw","cat_ID":192,"category_count":85,"category_description":"","cat_name":"Gr\u00fcne","category_nicename":"gruene","category_parent":0},{"term_id":30,"name":"GR\u00dcNE Murks Politik","slug":"gruene-murks-politik","term_group":0,"term_taxonomy_id":30,"taxonomy":"category","description":"","parent":0,"count":805,"filter":"raw","cat_ID":30,"category_count":805,"category_description":"","cat_name":"GR\u00dcNE Murks Politik","category_nicename":"gruene-murks-politik","category_parent":0},{"term_id":227,"name":"Insolvenzen","slug":"insolvenzen","term_group":0,"term_taxonomy_id":227,"taxonomy":"category","description":"","parent":0,"count":11,"filter":"raw","cat_ID":227,"category_count":11,"category_description":"","cat_name":"Insolvenzen","category_nicename":"insolvenzen","category_parent":0},{"term_id":53,"name":"Konjunktur","slug":"konjunktur","term_group":0,"term_taxonomy_id":53,"taxonomy":"category","description":"","parent":0,"count":44,"filter":"raw","cat_ID":53,"category_count":44,"category_description":"","cat_name":"Konjunktur","category_nicename":"konjunktur","category_parent":0},{"term_id":102,"name":"L\u00dcGEN","slug":"luegen","term_group":0,"term_taxonomy_id":102,"taxonomy":"category","description":"","parent":0,"count":389,"filter":"raw","cat_ID":102,"category_count":389,"category_description":"","cat_name":"L\u00dcGEN","category_nicename":"luegen","category_parent":0},{"term_id":64,"name":"Migrationspolitik","slug":"migrationspolitik","term_group":0,"term_taxonomy_id":64,"taxonomy":"category","description":"","parent":0,"count":398,"filter":"raw","cat_ID":64,"category_count":398,"category_description":"","cat_name":"Migrationspolitik","category_nicename":"migrationspolitik","category_parent":0},{"term_id":112,"name":"Milliarden Deals UNBEMERKT","slug":"milliarden-deals-unbemerkt","term_group":0,"term_taxonomy_id":112,"taxonomy":"category","description":"","parent":0,"count":559,"filter":"raw","cat_ID":112,"category_count":559,"category_description":"","cat_name":"Milliarden Deals UNBEMERKT","category_nicename":"milliarden-deals-unbemerkt","category_parent":0},{"term_id":59,"name":"Neuverschuldung","slug":"neuverschuldung","term_group":0,"term_taxonomy_id":59,"taxonomy":"category","description":"","parent":0,"count":64,"filter":"raw","cat_ID":59,"category_count":64,"category_description":"","cat_name":"Neuverschuldung","category_nicename":"neuverschuldung","category_parent":0},{"term_id":101,"name":"Staatsschulden","slug":"staatsschulden","term_group":0,"term_taxonomy_id":101,"taxonomy":"category","description":"","parent":0,"count":77,"filter":"raw","cat_ID":101,"category_count":77,"category_description":"","cat_name":"Staatsschulden","category_nicename":"staatsschulden","category_parent":0},{"term_id":75,"name":"Wirtschaft","slug":"wirtschaft","term_group":0,"term_taxonomy_id":75,"taxonomy":"category","description":"","parent":0,"count":55,"filter":"raw","cat_ID":75,"category_count":55,"category_description":"","cat_name":"Wirtschaft","category_nicename":"wirtschaft","category_parent":0}],"tags":[],"class_list":["post-3038","post","type-post","status-publish","format-standard","hentry","category-affaeren","category-ampel-regierung","category-asylpolitik","category-bildungslose-politiker","category-das-4-reich-gruener-praegung","category-gruene","category-gruene-murks-politik","category-insolvenzen","category-konjunktur","category-luegen","category-migrationspolitik","category-milliarden-deals-unbemerkt","category-neuverschuldung","category-staatsschulden","category-wirtschaft"],"images":{"thumbnail":false,"medium":false,"medium_large":false,"large":false,"full":false},"_links":{"self":[{"href":"https:\/\/hpaulick.de\/index.php?rest_route=\/wp\/v2\/posts\/3038","targetHints":{"allow":["GET"]}}],"collection":[{"href":"https:\/\/hpaulick.de\/index.php?rest_route=\/wp\/v2\/posts"}],"about":[{"href":"https:\/\/hpaulick.de\/index.php?rest_route=\/wp\/v2\/types\/post"}],"author":[{"embeddable":true,"href":"https:\/\/hpaulick.de\/index.php?rest_route=\/wp\/v2\/users\/1"}],"replies":[{"embeddable":true,"href":"https:\/\/hpaulick.de\/index.php?rest_route=%2Fwp%2Fv2%2Fcomments&post=3038"}],"version-history":[{"count":1,"href":"https:\/\/hpaulick.de\/index.php?rest_route=\/wp\/v2\/posts\/3038\/revisions"}],"predecessor-version":[{"id":3039,"href":"https:\/\/hpaulick.de\/index.php?rest_route=\/wp\/v2\/posts\/3038\/revisions\/3039"}],"wp:attachment":[{"href":"https:\/\/hpaulick.de\/index.php?rest_route=%2Fwp%2Fv2%2Fmedia&parent=3038"}],"wp:term":[{"taxonomy":"category","embeddable":true,"href":"https:\/\/hpaulick.de\/index.php?rest_route=%2Fwp%2Fv2%2Fcategories&post=3038"},{"taxonomy":"post_tag","embeddable":true,"href":"https:\/\/hpaulick.de\/index.php?rest_route=%2Fwp%2Fv2%2Ftags&post=3038"}],"curies":[{"name":"wp","href":"https:\/\/api.w.org\/{rel}","templated":true}]}}